{"id":62238,"date":"2019-09-24T11:27:43","date_gmt":"2019-09-24T15:27:43","guid":{"rendered":"https:\/\/linitiative.ca\/International\/autoroute-yaounde-nsimalen-des-fin-septembre-2019-les-emprises-non-liberees-seront-demolies\/"},"modified":"2019-09-24T11:27:43","modified_gmt":"2019-09-24T15:27:43","slug":"autoroute-yaounde-nsimalen-des-fin-septembre-2019-les-emprises-non-liberees-seront-demolies","status":"publish","type":"post","link":"https:\/\/linitiative.ca\/International\/autoroute-yaounde-nsimalen-des-fin-septembre-2019-les-emprises-non-liberees-seront-demolies\/","title":{"rendered":"Autoroute Yaound\u00e9-Nsimalen : d\u00e8s fin septembre 2019, les emprises non lib\u00e9r\u00e9es seront d\u00e9molies"},"content":{"rendered":"<div class=\"featured-area featured-area-inner\"><img loading=\"lazy\" decoding=\"async\" width=\"780\" height=\"405\" src=\"https:\/\/i2.wp.com\/ecomatin.net\/wp-content\/uploads\/2019\/09\/ecomatin.net-autoroute-yaounde-nsimalen-des-fin-septembre-2019-les-emprises-non-liberees-seront-demolies-autoroute-yaounde-nsimalen.jpg?resize=780%2C405&#038;ssl=1&#038;is-pending-load=1\" class=\"attachment-jannah-image-post size-jannah-image-post wp-post-image jetpack-lazy-image\" alt=\"\" data-attachment-id=\"11819\" data-permalink=\"https:\/\/ecomatin.net\/autoroute-yaounde-nsimalen-des-fin-septembre-2019-les-emprises-non-liberees-seront-demolies\/autoroute-yaounde-nsimalen-3\/\" data-orig-file=\"https:\/\/i2.wp.com\/ecomatin.net\/wp-content\/uploads\/2019\/09\/ecomatin.net-autoroute-yaounde-nsimalen-des-fin-septembre-2019-les-emprises-non-liberees-seront-demolies-autoroute-yaounde-nsimalen.jpg?fit=800%2C533&#038;ssl=1\" data-orig-size=\"800,533\" data-comments-opened=\"0\" data-image-meta=\"{\"aperture\":\"0\",\"credit\":\"\",\"camera\":\"\",\"caption\":\"\",\"created_timestamp\":\"0\",\"copyright\":\"\",\"focal_length\":\"0\",\"iso\":\"0\",\"shutter_speed\":\"0\",\"title\":\"\",\"orientation\":\"0\"}\" data-image-title=\"autoroute-yaounde Nsimalen\" data-image-description=\"\" data-medium-file=\"https:\/\/i2.wp.com\/ecomatin.net\/wp-content\/uploads\/2019\/09\/ecomatin.net-autoroute-yaounde-nsimalen-des-fin-septembre-2019-les-emprises-non-liberees-seront-demolies-autoroute-yaounde-nsimalen.jpg?fit=300%2C200&#038;ssl=1\" data-large-file=\"https:\/\/i2.wp.com\/ecomatin.net\/wp-content\/uploads\/2019\/09\/ecomatin.net-autoroute-yaounde-nsimalen-des-fin-septembre-2019-les-emprises-non-liberees-seront-demolies-autoroute-yaounde-nsimalen.jpg?fit=800%2C533&#038;ssl=1\" srcset=\"data:image\/gif;base64,R0lGODlhAQABAIAAAAAAAP\/\/\/yH5BAEAAAAALAAAAAABAAEAAAIBRAA7\"\/><\/div>\n<div class=\"entry-content entry clearfix\" readability=\"60.950303897\">\n<p>Dans un communiqu\u00e9 conjoint parvenue \u00e0\u00a0<strong>EcoMatin<\/strong>, le <strong>ministre des Domaines du cadastre et des Affaires fonci\u00e8res<\/strong> (<strong>Mindcaf<\/strong>) et son homologue charg\u00e9 de l\u2019Habitat (<strong>Minhdu<\/strong>) avertissent les populations riveraines encore pr\u00e9sentes sur les emprises de l\u2019autoroute Yaound\u00e9 Nsimalen. Elles sont invit\u00e9es \u00e0 lib\u00e9rer\u00a0<em>\u00ab\u00a0enti\u00e8rement et sans d\u00e9lai\u00a0\u00bb<\/em>, les emprises encore occup\u00e9es. En tout \u00e9tat de cause,\u00a0<em>\u00ab\u00a0les d\u00e9molitions seront engag\u00e9es par les autorit\u00e9s administratives, d\u00e8s la fin de ce mois de septembre 2019, au regard du caract\u00e8re urgent des travaux \u00e0 r\u00e9aliser et des d\u00e9lais imp\u00e9ratifs pour leur ach\u00e8vement\u00a0\u00bb,\u00a0<\/em>peut-on lire dans<em>\u00a0<\/em>la note sign\u00e9e le 23 septembre dernier. Les membres du gouvernement recommandent aux riverains touch\u00e9s par le projet d\u2019adopter\u00a0<em>\u00ab\u00a0des comportements citoyens, en vue de faciliter la mise en \u0153uvre des travaux d\u2019am\u00e9nagement des abords de l\u2019autoroute\u00a0\u00bb.<\/em><\/p>\n<hr\/>\n<hr\/>\n<p>De mani\u00e8re g\u00e9n\u00e9rale, apprend-on, aucune construction ne sera tol\u00e9r\u00e9e, ni maintenue ou \u00e9pargn\u00e9e dans l\u2019emprises des 200 m\u00e8tres s\u00e9curis\u00e9s aux abords de l\u2019autoroute. Le Mindcaf\u00a0<strong>Henri<\/strong>\u00a0<strong>Eyeb\u00e9<\/strong>\u00a0<strong>Ayissi<\/strong>\u00a0et le Minhdu\u00a0<strong>C\u00e9lestine<\/strong>\u00a0<strong>Ketcha<\/strong>\u00a0<strong>Courtes<\/strong>\u00a0signalent aux autorit\u00e9s administratives territorialement comp\u00e9tentes, de rassurer les populations sur la prise en compte de leurs requet\u00e9s formul\u00e9s \u00e0 ce jour, au sujet des dispositions prises pour le paiement effectif et exhaustif, par l\u2019Etat, de leurs indemnit\u00e9s compensatoires, suite aux expropriations d\u00e9cid\u00e9es, ainsi que les besoins qu\u2019elles ont exprim\u00e9s, en rapport avec l\u2019impact de cet important projet sur leurs cadre de vie.<\/p>\n<p>Pour rappel, c\u2019est le 12 septembre dernier qu\u2019\u00e0 l\u2019issue d\u2019une visite interminist\u00e9rielle, les membres du gouvernement (<strong>Minat<\/strong>,\u00a0<strong>Mindcaf<\/strong>,\u00a0<strong>Minhdu<\/strong>\u00a0et\u00a0<strong>Minfopra<\/strong>) prescrivaient aux riverains r\u00e9fractaires de lib\u00e9rer volontairement les emprises de l\u2019infrastructure. Ceux-ci disposaient d\u2019un d\u00e9lai de\u00a0<strong>15 jours<\/strong>\u00a0pour d\u00e9guerpir les lieux avant le d\u00e9clanchement de la phase coercitive.<\/p>\n<hr\/>\n<hr\/>\n<hr\/>\n<div class=\"about-author about-author-box container-wrapper\">\n<div class=\"author-avatar\">\n<p><img decoding=\"async\" src=\"http:\/\/\" alt=\"\"\/><\/p>\n<\/div>\n<p><h4>La R\u00e9daction EcoMatin<\/h4>\n<\/p>\n<\/div>\n<div class=\"awac-wrapper awac widget blog_subscription-2\">\n<h4 class=\"widget-title\">Abonnez-vous \u00e0 notre lettre d&rsquo;information<\/h4>\n<\/div>\n<\/div>\n<div class=\"toggle-post-content clearfix\"><a id=\"toggle-post-button\" class=\"button\" href=\"#\">Afficher plus <\/a><\/div>\n<p>Auteur: EcoMatin<br \/>\n<a href=\"https:\/\/ecomatin.net\/autoroute-yaounde-nsimalen-des-fin-septembre-2019-les-emprises-non-liberees-seront-demolies\/\">Cliquez ici pour lire l&rsquo;article depuis sa source.<\/a><\/p>\n","protected":false},"excerpt":{"rendered":"<p>Dans un communiqu\u00e9 conjoint parvenue \u00e0\u00a0EcoMatin, le ministre des Domaines du cadastre et des Affaires fonci\u00e8res (Mindcaf) et son homologue charg\u00e9 de l\u2019Habitat (Minhdu) avertissent les populations riveraines encore pr\u00e9sentes sur les emprises de l\u2019autoroute Yaound\u00e9 Nsimalen. Elles sont invit\u00e9es \u00e0 lib\u00e9rer\u00a0\u00ab\u00a0enti\u00e8rement et sans d\u00e9lai\u00a0\u00bb, les emprises encore occup\u00e9es. En tout \u00e9tat de cause,\u00a0\u00ab\u00a0les d\u00e9molitions [&hellip;]<\/p>\n","protected":false},"author":1969,"featured_media":0,"comment_status":"closed","ping_status":"closed","sticky":false,"template":"","format":"standard","meta":{"fifu_image_url":"","fifu_image_alt":"","footnotes":""},"categories":[82,78],"tags":[],"class_list":["post-62238","post","type-post","status-publish","format-standard","hentry","category-cameroun","category-economie"],"_links":{"self":[{"href":"https:\/\/linitiative.ca\/International\/wp-json\/wp\/v2\/posts\/62238","targetHints":{"allow":["GET"]}}],"collection":[{"href":"https:\/\/linitiative.ca\/International\/wp-json\/wp\/v2\/posts"}],"about":[{"href":"https:\/\/linitiative.ca\/International\/wp-json\/wp\/v2\/types\/post"}],"author":[{"embeddable":true,"href":"https:\/\/linitiative.ca\/International\/wp-json\/wp\/v2\/users\/1969"}],"replies":[{"embeddable":true,"href":"https:\/\/linitiative.ca\/International\/wp-json\/wp\/v2\/comments?post=62238"}],"version-history":[{"count":0,"href":"https:\/\/linitiative.ca\/International\/wp-json\/wp\/v2\/posts\/62238\/revisions"}],"wp:attachment":[{"href":"https:\/\/linitiative.ca\/International\/wp-json\/wp\/v2\/media?parent=62238"}],"wp:term":[{"taxonomy":"category","embeddable":true,"href":"https:\/\/linitiative.ca\/International\/wp-json\/wp\/v2\/categories?post=62238"},{"taxonomy":"post_tag","embeddable":true,"href":"https:\/\/linitiative.ca\/International\/wp-json\/wp\/v2\/tags?post=62238"}],"curies":[{"name":"wp","href":"https:\/\/api.w.org\/{rel}","templated":true}]}}