{"id":62239,"date":"2019-09-24T12:07:06","date_gmt":"2019-09-24T16:07:06","guid":{"rendered":"https:\/\/linitiative.ca\/International\/grand-dialogue-national-les-syndicalistes-demandent-la-liberation-de-mancho-bibixy-tse-et-felix-ngalim\/"},"modified":"2019-09-24T12:07:06","modified_gmt":"2019-09-24T16:07:06","slug":"grand-dialogue-national-les-syndicalistes-demandent-la-liberation-de-mancho-bibixy-tse-et-felix-ngalim","status":"publish","type":"post","link":"https:\/\/linitiative.ca\/International\/grand-dialogue-national-les-syndicalistes-demandent-la-liberation-de-mancho-bibixy-tse-et-felix-ngalim\/","title":{"rendered":"Grand dialogue national : les syndicalistes demandent la lib\u00e9ration de Mancho Bibixy Tse et F\u00e9lix Ngalim"},"content":{"rendered":"<p>Dans un document remis au Premier ministre, <strong>Joseph Dion Ngute<\/strong>, dans le cadre des concertations en vue du <strong>Grand Dialogue National<\/strong>, la <strong>Conf\u00e9d\u00e9ration syndicale des travailleurs du Cameroun<\/strong> (Cstc) fait 30 propositions au gouvernement pour r\u00e9soudre la crise dans les zones anglophones et d\u2019autres probl\u00e8mes que rencontre le Cameroun.<\/p>\n<p>En bonne place dans leurs revendications, la remise en libert\u00e9 de <strong>F\u00e9lix Ngalim<\/strong> et <strong>Mancho Bibixy Tse<\/strong>, tous deux leaders du mouvement Anglophone <strong>Saxon Youth Council Cameroon<\/strong>, condamn\u00e9s \u00e0 15 ans d\u2019emprisonnement ferme et \u00e9crou\u00e9s \u00e0 la prison centrale de Yaound\u00e9. Ce sont des acteurs importants de la crise qui s\u00e9vit dans les r\u00e9gions du Nord-ouest et du Sud-ouest depuis trois ans. En ao\u00fbt dernier, Mancho Bibixy Tse et F\u00e9lix Ngalim ont appel\u00e9 la communaut\u00e9 nationale et internationale \u00e0 tout faire pour que les enfants puissent retourner dans les salles de classe dans les deux r\u00e9gions anglophones du pays. La Cstc estime que leur participation au Grand Dialogue National est indispensable.<\/p>\n<p>La remise en libert\u00e9 de <strong>Jean-Marie Zambo Amougou<\/strong>, pr\u00e9sident conf\u00e9d\u00e9ral de la Cstc, est \u00e9galement souhait\u00e9e. Incarc\u00e9r\u00e9 \u00e0 la prison centrale de Yaound\u00e9 \u00e0 Kondengui, il avait \u00e9t\u00e9 d\u00e9f\u00e9r\u00e9 le 14 juillet 2017 par un juge du <strong>Tribunal criminel sp\u00e9cial<\/strong> (Tcs). Conseiller technique \u00e0 la <strong>Mission d\u2019am\u00e9nagement et d\u2019\u00e9quipement des terrains urbains et ruraux<\/strong> (Maetur) au moment de son incarc\u00e9ration, Jean-Marie Zambo Amougou est soup\u00e7onn\u00e9 de corruption et d\u00e9tournement de plus de <strong>800 millions de Fcfa<\/strong> du temps o\u00f9 il \u00e9tait encore directeur commercial de l\u2019entreprise.<\/p>\n<p>Outre ces lib\u00e9rations, la centrale syndicale propose que soient recens\u00e9s tous les d\u00e9plac\u00e9s internes, victimes de la crise pour assurer leur protection et une assistance de l\u2019Etat. Concr\u00e8tement, les syndicalistes veulent la cr\u00e9ation de p\u00f4les d\u2019installation de ces victimes de la crise avec une domanialisation fonci\u00e8re des cessions des parcelles. Il est \u00e9galement sugg\u00e9r\u00e9 de d\u00e9velopper un r\u00e9seau fiable d\u2019accueil des enfants et des personnes sinistr\u00e9s, par des familles ou les 374 collectivit\u00e9s territoriales d\u00e9centralis\u00e9es (Ctd). Enfin, sur cette crise, la conf\u00e9d\u00e9ration syndicale pense qu\u2019il serait judicieux d\u2019adopter une loi de Finances appropri\u00e9e pour les zones d\u00e9clar\u00e9es sinistr\u00e9es \u00e9conomiquement et les activit\u00e9s socio-\u00e9conomiques en difficult\u00e9.<\/p>\n<p>Bien entendu, les syndicalistes entendent porter leurs voix afin que leurs revendications habituelles fassent l\u2019objet des pourparlers. Celles-ci sont, entre autres, le respect des droits de l\u2019homme\u00a0; le respect des engagements internationaux prix par le gouvernement camerounais en termes d\u2019emploi et de travail\u00a0; le rel\u00e8vement des salaires et autres indemnit\u00e9s des travailleurs et des ind\u00e9pendants\u2026<\/p>\n<div class=\"rpbt_shortcode\">\n<h3>Voir aussi :<\/h3>\n<\/div>\n<div class=\"about-author about-author-box container-wrapper\">\n<div class=\"author-avatar\">\n<p><img decoding=\"async\" src=\"http:\/\/\" alt=\"\"\/><\/p>\n<\/div>\n<p><h4>La R\u00e9daction EcoMatin<\/h4>\n<\/p>\n<\/div>\n<div class=\"awac-wrapper awac widget blog_subscription-2\">\n<h4 class=\"widget-title\">Abonnez-vous \u00e0 notre lettre d&rsquo;information<\/h4>\n<\/div>\n<p>Auteur: EcoMatin<br \/>\n<a href=\"https:\/\/ecomatin.net\/grand-dialogue-national-les-syndicalistes-demandent-la-liberation-de-mancho-bibixy-tse-et-felix-ngalim\/\">Cliquez ici pour lire l&rsquo;article depuis sa source.<\/a><\/p>\n","protected":false},"excerpt":{"rendered":"<p>Dans un document remis au Premier ministre, Joseph Dion Ngute, dans le cadre des concertations en vue du Grand Dialogue National, la Conf\u00e9d\u00e9ration syndicale des travailleurs du Cameroun (Cstc) fait 30 propositions au gouvernement pour r\u00e9soudre la crise dans les zones anglophones et d\u2019autres probl\u00e8mes que rencontre le Cameroun. En bonne place dans leurs revendications, [&hellip;]<\/p>\n","protected":false},"author":1969,"featured_media":0,"comment_status":"closed","ping_status":"closed","sticky":false,"template":"","format":"standard","meta":{"fifu_image_url":"","fifu_image_alt":"","footnotes":""},"categories":[82,78],"tags":[],"class_list":["post-62239","post","type-post","status-publish","format-standard","hentry","category-cameroun","category-economie"],"_links":{"self":[{"href":"https:\/\/linitiative.ca\/International\/wp-json\/wp\/v2\/posts\/62239","targetHints":{"allow":["GET"]}}],"collection":[{"href":"https:\/\/linitiative.ca\/International\/wp-json\/wp\/v2\/posts"}],"about":[{"href":"https:\/\/linitiative.ca\/International\/wp-json\/wp\/v2\/types\/post"}],"author":[{"embeddable":true,"href":"https:\/\/linitiative.ca\/International\/wp-json\/wp\/v2\/users\/1969"}],"replies":[{"embeddable":true,"href":"https:\/\/linitiative.ca\/International\/wp-json\/wp\/v2\/comments?post=62239"}],"version-history":[{"count":0,"href":"https:\/\/linitiative.ca\/International\/wp-json\/wp\/v2\/posts\/62239\/revisions"}],"wp:attachment":[{"href":"https:\/\/linitiative.ca\/International\/wp-json\/wp\/v2\/media?parent=62239"}],"wp:term":[{"taxonomy":"category","embeddable":true,"href":"https:\/\/linitiative.ca\/International\/wp-json\/wp\/v2\/categories?post=62239"},{"taxonomy":"post_tag","embeddable":true,"href":"https:\/\/linitiative.ca\/International\/wp-json\/wp\/v2\/tags?post=62239"}],"curies":[{"name":"wp","href":"https:\/\/api.w.org\/{rel}","templated":true}]}}