{"id":62240,"date":"2019-09-24T14:26:04","date_gmt":"2019-09-24T18:26:04","guid":{"rendered":"https:\/\/linitiative.ca\/International\/dion-ngute-face-a-lelegance-republicaine\/"},"modified":"2019-09-24T14:26:04","modified_gmt":"2019-09-24T18:26:04","slug":"dion-ngute-face-a-lelegance-republicaine","status":"publish","type":"post","link":"https:\/\/linitiative.ca\/International\/dion-ngute-face-a-lelegance-republicaine\/","title":{"rendered":"Dion Ngute face \u00e0 \u00ab l\u2019\u00e9l\u00e9gance r\u00e9publicaine \u00bb"},"content":{"rendered":"<div class=\"entry-content entry clearfix\" readability=\"66\">\n<p><a href=\"https:\/\/i0.wp.com\/ecomatin.net\/wp-content\/uploads\/2019\/09\/ecomatin.net-dion-ngute-face-a-lelegance-republicaine-chief-dr-joseph-dion-gute-web.jpg?ssl=1\"><\/p>\n<p><img loading=\"lazy\" decoding=\"async\" data-attachment-id=\"11809\" data-permalink=\"https:\/\/ecomatin.net\/dion-ngute-face-a-lelegance-republicaine\/chief-dr-joseph-dion-gute-web\/\" data-orig-file=\"https:\/\/i0.wp.com\/ecomatin.net\/wp-content\/uploads\/2019\/09\/ecomatin.net-dion-ngute-face-a-lelegance-republicaine-chief-dr-joseph-dion-gute-web.jpg?fit=250%2C321&#038;ssl=1\" data-orig-size=\"250,321\" data-comments-opened=\"0\" data-image-meta=\"{\"aperture\":\"0\",\"credit\":\"\",\"camera\":\"\",\"caption\":\"\",\"created_timestamp\":\"0\",\"copyright\":\"\",\"focal_length\":\"0\",\"iso\":\"0\",\"shutter_speed\":\"0\",\"title\":\"\",\"orientation\":\"0\"}\" data-image-title=\"chief-dr-joseph-dion-gute-web\" data-image-description=\"\" data-medium-file=\"https:\/\/i0.wp.com\/ecomatin.net\/wp-content\/uploads\/2019\/09\/ecomatin.net-dion-ngute-face-a-lelegance-republicaine-chief-dr-joseph-dion-gute-web.jpg?fit=234%2C300&#038;ssl=1\" data-large-file=\"https:\/\/i0.wp.com\/ecomatin.net\/wp-content\/uploads\/2019\/09\/ecomatin.net-dion-ngute-face-a-lelegance-republicaine-chief-dr-joseph-dion-gute-web.jpg?fit=250%2C321&#038;ssl=1\" class=\" wp-image-11809 alignleft\" src=\"https:\/\/i0.wp.com\/ecomatin.net\/wp-content\/uploads\/2019\/09\/ecomatin.net-dion-ngute-face-a-lelegance-republicaine-chief-dr-joseph-dion-gute-web.jpg?resize=201%2C258&#038;ssl=1\" alt=\"\" width=\"201\" height=\"258\" srcset=\"https:\/\/i0.wp.com\/ecomatin.net\/wp-content\/uploads\/2019\/09\/ecomatin.net-dion-ngute-face-a-lelegance-republicaine-chief-dr-joseph-dion-gute-web.jpg?w=250&#038;ssl=1 250w, https:\/\/i0.wp.com\/ecomatin.net\/wp-content\/uploads\/2019\/09\/ecomatin.net-dion-ngute-face-a-lelegance-republicaine-chief-dr-joseph-dion-gute-web.jpg?resize=234%2C300&#038;ssl=1 234w\" sizes=\"auto, (max-width: 201px) 100vw, 201px\" data-recalc-dims=\"1\"\/><\/p>\n<p><\/a>Aux grands \u00e9v\u00e9nements, de grands strat\u00e8ges. <strong>Dion Ngute<\/strong> r\u00e9ussira-t-il \u00e0 ramener la paix dans les r\u00e9gions du Nord-Ouest et du Sud-Ouest. Le challenge est si grand que le Premier ministre semble avoir perdu le sommeil. La pol\u00e9mique n\u00e9e des frais de transport, encore affectueusement appel\u00e9s <em>\u00ab l\u2019\u00e9l\u00e9gance r\u00e9publicaine<\/em> \u00bb par certains, distribu\u00e9s lors des consultations en pr\u00e9lude \u00e0 ce dialogue, est un signe annonciateur des difficult\u00e9s li\u00e9es \u00e0 la mission confi\u00e9e \u00e0 Dion Ngute. En effet. La gestion querell\u00e9e des sommes d\u2019argent per\u00e7ues ou non par certaines d\u00e9l\u00e9gations lors des consultations organis\u00e9es depuis deux semaines au Premier minist\u00e8re fait des vagues.<\/p>\n<p>Et, c\u2019est le Conseil national de la jeunesse du Cameroun (<strong>CNJC<\/strong>) qui en a servi d\u2019\u00e9l\u00e9ment d\u00e9clencheur de cette pol\u00e9mique. Dans un communiqu\u00e9 en date du 20 septembre, le tr\u00e9sorier national de cette organisation accuse la 2e vice-pr\u00e9sidente de n\u2019avoir pas \u00e9t\u00e9 \u00ab correcte \u00bb dans l\u2019acheminement des per-diem allou\u00e9s au <strong>CNJC<\/strong> apr\u00e8s la rencontre avec le Premier ministre. Arriv\u00e9e au si\u00e8ge du CNJC \u00e0 23 heures, alors qu\u2019elle \u00e9tait attendue depuis 16 heures par les jeunes pour \u00ab <em>la r\u00e9partition de leurs frais de transports<\/em> \u00bb, la 2e vice-pr\u00e9sidente a entam\u00e9, s\u00e9ance tenante, les op\u00e9rations de billetterie, en violation du r\u00e8glement int\u00e9rieur. Le tr\u00e9sorier <strong>Claude Michel Mbom<\/strong> s\u2019est par la suite senti oblig\u00e9 d\u2019endosser un million de Fcfa remis par <strong>Anastasie Abomo Mayanga<\/strong>. Mais, \u00e0 l\u2019\u00e9vidence, certains membres du Cnjc ne sont pas convaincus que les op\u00e9rations men\u00e9es par la vice-pr\u00e9sidente correspondent au montant remis par le gouvernement, soit <strong>3 millions de Fcfa<\/strong>.<\/p>\n<p>Entre autres soucis de\u00a0 <strong>Dion Ngute<\/strong> dans ce Grand dialogue national, c\u2019est la repr\u00e9sentation et les pr\u00e9alables. Au niveau local, on estime que \u00ab <em>ce sont les m\u00eames ministres, d\u00e9put\u00e9s, gouverneurs et autres hauts commis de l\u2019Etat que l\u2019on d\u00e9signe dans les d\u00e9partements pour repr\u00e9senter les populations. C\u2019est une erreur de casting car ils ne connaissent rien des probl\u00e8mes de la base. Ils ne vont l\u00e0-bas que pour avoir des per diem<\/em> \u00bb, s\u2019offusque un membre d\u2019une organisation politique dans la L\u00e9ki\u00e9. Par ailleurs, c\u2019est par exemple le MRC qui exige la lib\u00e9ration de son leader et ses affid\u00e9s, etc.<\/p>\n<p><strong>\u00a0<\/strong><\/p>\n<div class=\"about-author about-author-box container-wrapper\">\n<div class=\"author-avatar\">\n<p><img decoding=\"async\" src=\"http:\/\/\" alt=\"\"\/><\/p>\n<\/div>\n<p><h4>La R\u00e9daction EcoMatin<\/h4>\n<\/p>\n<\/div>\n<div class=\"awac-wrapper awac widget blog_subscription-2\">\n<h4 class=\"widget-title\">Abonnez-vous \u00e0 notre lettre d&rsquo;information<\/h4>\n<\/div>\n<\/div>\n<div class=\"toggle-post-content clearfix\"><a id=\"toggle-post-button\" class=\"button\" href=\"#\">Afficher plus <\/a><\/div>\n<p>Auteur: EcoMatin<br \/>\n<a href=\"https:\/\/ecomatin.net\/dion-ngute-face-a-lelegance-republicaine\/\">Cliquez ici pour lire l&rsquo;article depuis sa source.<\/a><\/p>\n","protected":false},"excerpt":{"rendered":"<p>Aux grands \u00e9v\u00e9nements, de grands strat\u00e8ges. Dion Ngute r\u00e9ussira-t-il \u00e0 ramener la paix dans les r\u00e9gions du Nord-Ouest et du Sud-Ouest. Le challenge est si grand que le Premier ministre semble avoir perdu le sommeil. La pol\u00e9mique n\u00e9e des frais de transport, encore affectueusement appel\u00e9s \u00ab l\u2019\u00e9l\u00e9gance r\u00e9publicaine \u00bb par certains, distribu\u00e9s lors des consultations [&hellip;]<\/p>\n","protected":false},"author":1969,"featured_media":0,"comment_status":"closed","ping_status":"closed","sticky":false,"template":"","format":"standard","meta":{"fifu_image_url":"","fifu_image_alt":"","footnotes":""},"categories":[82,78],"tags":[],"class_list":["post-62240","post","type-post","status-publish","format-standard","hentry","category-cameroun","category-economie"],"_links":{"self":[{"href":"https:\/\/linitiative.ca\/International\/wp-json\/wp\/v2\/posts\/62240","targetHints":{"allow":["GET"]}}],"collection":[{"href":"https:\/\/linitiative.ca\/International\/wp-json\/wp\/v2\/posts"}],"about":[{"href":"https:\/\/linitiative.ca\/International\/wp-json\/wp\/v2\/types\/post"}],"author":[{"embeddable":true,"href":"https:\/\/linitiative.ca\/International\/wp-json\/wp\/v2\/users\/1969"}],"replies":[{"embeddable":true,"href":"https:\/\/linitiative.ca\/International\/wp-json\/wp\/v2\/comments?post=62240"}],"version-history":[{"count":0,"href":"https:\/\/linitiative.ca\/International\/wp-json\/wp\/v2\/posts\/62240\/revisions"}],"wp:attachment":[{"href":"https:\/\/linitiative.ca\/International\/wp-json\/wp\/v2\/media?parent=62240"}],"wp:term":[{"taxonomy":"category","embeddable":true,"href":"https:\/\/linitiative.ca\/International\/wp-json\/wp\/v2\/categories?post=62240"},{"taxonomy":"post_tag","embeddable":true,"href":"https:\/\/linitiative.ca\/International\/wp-json\/wp\/v2\/tags?post=62240"}],"curies":[{"name":"wp","href":"https:\/\/api.w.org\/{rel}","templated":true}]}}