{"id":62241,"date":"2019-09-24T14:53:07","date_gmt":"2019-09-24T18:53:07","guid":{"rendered":"https:\/\/linitiative.ca\/International\/le-pad-recrute-des-dirigeants-pour-la-regie-deleguee-du-dragage\/"},"modified":"2019-09-24T14:53:07","modified_gmt":"2019-09-24T18:53:07","slug":"le-pad-recrute-des-dirigeants-pour-la-regie-deleguee-du-dragage","status":"publish","type":"post","link":"https:\/\/linitiative.ca\/International\/le-pad-recrute-des-dirigeants-pour-la-regie-deleguee-du-dragage\/","title":{"rendered":"Le Pad recrute des dirigeants pour la r\u00e9gie d\u00e9l\u00e9gu\u00e9e du dragage"},"content":{"rendered":"<div class=\"featured-area featured-area-inner\"><img loading=\"lazy\" decoding=\"async\" width=\"780\" height=\"405\" src=\"https:\/\/i2.wp.com\/ecomatin.net\/wp-content\/uploads\/2019\/09\/ecomatin.net-le-pad-recrute-des-dirigeants-pour-la-regie-deleguee-du-dragage-pad-2019.jpg?resize=780%2C405&#038;ssl=1&#038;is-pending-load=1\" class=\"attachment-jannah-image-post size-jannah-image-post wp-post-image jetpack-lazy-image\" alt=\"\" data-attachment-id=\"11857\" data-permalink=\"https:\/\/ecomatin.net\/le-pad-recrute-des-dirigeants-pour-la-regie-deleguee-du-dragage\/pad-2019\/\" data-orig-file=\"https:\/\/i2.wp.com\/ecomatin.net\/wp-content\/uploads\/2019\/09\/ecomatin.net-le-pad-recrute-des-dirigeants-pour-la-regie-deleguee-du-dragage-pad-2019.jpg?fit=1024%2C576&#038;ssl=1\" data-orig-size=\"1024,576\" data-comments-opened=\"0\" data-image-meta=\"{\"aperture\":\"0\",\"credit\":\"\",\"camera\":\"\",\"caption\":\"\",\"created_timestamp\":\"0\",\"copyright\":\"\",\"focal_length\":\"0\",\"iso\":\"0\",\"shutter_speed\":\"0\",\"title\":\"\",\"orientation\":\"0\"}\" data-image-title=\"PAD 2019\" data-image-description=\"\" data-medium-file=\"https:\/\/i2.wp.com\/ecomatin.net\/wp-content\/uploads\/2019\/09\/ecomatin.net-le-pad-recrute-des-dirigeants-pour-la-regie-deleguee-du-dragage-pad-2019.jpg?fit=300%2C169&#038;ssl=1\" data-large-file=\"https:\/\/i2.wp.com\/ecomatin.net\/wp-content\/uploads\/2019\/09\/ecomatin.net-le-pad-recrute-des-dirigeants-pour-la-regie-deleguee-du-dragage-pad-2019.jpg?fit=1024%2C576&#038;ssl=1\" srcset=\"data:image\/gif;base64,R0lGODlhAQABAIAAAAAAAP\/\/\/yH5BAEAAAAALAAAAAABAAEAAAIBRAA7\"\/><\/div>\n<div class=\"entry-content entry clearfix\" readability=\"69\">\n<p>Le directeur g\u00e9n\u00e9ral du <strong>Port de Douala-Bonab\u00e9ri<\/strong>, <strong>Cyrus Ngo\u2019o<\/strong>, s\u2019appuyant sur une r\u00e9solution du conseil d\u2019administration tenu le 7 d\u00e9cembre 2018, vient de lancer un appel international \u00e0 candidature pour le recrutement d\u2019un directeur et de son adjoint \u00e0 la t\u00eate de la R\u00e9gie d\u00e9l\u00e9gu\u00e9e de dragage du Port de Douala-Bonab\u00e9ri. L\u2019appel lanc\u00e9 rentre dans le cadre du processus d\u2019autonomisation du dragage du chenal d\u2019acc\u00e8s au port, des plans d\u2019eau, des darses et des pieds de quais. C\u2019est ce processus qui a vu na\u00eetre la R\u00e9gie d\u00e9l\u00e9gu\u00e9e du dragage, dont la mission est non seulement de r\u00e9duire les co\u00fbts d\u2019exploitation de l\u2019infrastructure, mais aussi de r\u00e9tablir le plein contr\u00f4le du <strong>Port autonome de Douala<\/strong> (Pad) sur l\u2019entretien du chenal, principale voie d\u2019acc\u00e8s des biens de consommation et d\u2019\u00e9vacuation de la production nationale.<\/p>\n<p>Durant son contrat qui est de deux ann\u00e9es, le directeur retenu aura pour charges, entre autres, l\u2019ing\u00e9nierie relative aux travaux du dragage du port, l\u2019ex\u00e9cution des travaux des dragages d\u2019entretien et d\u2019approfondissement des chenaux d\u2019acc\u00e8s, des plans d\u2019eau, des darses et des pieds de quais. Il se chargera de suivre l\u2019\u00e9volution des fonds marins et la production des plans de relev\u00e9s de fonds, et aussi de piloter les projets de dragage attribu\u00e9s \u00e0 la structure.<\/p>\n<p>Le directeur de la R\u00e9gie d\u00e9l\u00e9gu\u00e9e de dragage devra en outre assurer la coordination et la supervision de la gestion administrative et financi\u00e8re des travaux de dragage, le marketing des capacit\u00e9s de l\u2019infrastructure portuaire, et l\u2019ex\u00e9cution des prestations de dragage en dehors du Port de Douala-Bonab\u00e9ri. Il sera second\u00e9 dans ces missions par le directeur adjoint.<\/p>\n<p>Le communiqu\u00e9 de Cyrus Ngo\u2019o (voir pages 9 \u00e0 11), pr\u00e9cise que les candidats aux deux postes doivent \u00eatre \u00e2g\u00e9s de 60 ans au plus. Si le fauteuil de directeur est ouvert \u00e0 toutes les nationalit\u00e9s, celui de son adjoint est r\u00e9serv\u00e9 aux Camerounais. Les candidatures sont attendues au plus tard le 15 octobre prochain.<\/p>\n<p><strong>\u00a0<\/strong><\/p>\n<div class=\"about-author about-author-box container-wrapper\">\n<div class=\"author-avatar\">\n<p><img decoding=\"async\" src=\"http:\/\/\" alt=\"\"\/><\/p>\n<\/div>\n<p><h4>La R\u00e9daction EcoMatin<\/h4>\n<\/p>\n<\/div>\n<div class=\"awac-wrapper awac widget blog_subscription-2\">\n<h4 class=\"widget-title\">Abonnez-vous \u00e0 notre lettre d&rsquo;information<\/h4>\n<\/div>\n<\/div>\n<div class=\"toggle-post-content clearfix\"><a id=\"toggle-post-button\" class=\"button\" href=\"#\">Afficher plus <\/a><\/div>\n<p>Auteur: EcoMatin<br \/>\n<a href=\"https:\/\/ecomatin.net\/le-pad-recrute-des-dirigeants-pour-la-regie-deleguee-du-dragage\/\">Cliquez ici pour lire l&rsquo;article depuis sa source.<\/a><\/p>\n","protected":false},"excerpt":{"rendered":"<p>Le directeur g\u00e9n\u00e9ral du Port de Douala-Bonab\u00e9ri, Cyrus Ngo\u2019o, s\u2019appuyant sur une r\u00e9solution du conseil d\u2019administration tenu le 7 d\u00e9cembre 2018, vient de lancer un appel international \u00e0 candidature pour le recrutement d\u2019un directeur et de son adjoint \u00e0 la t\u00eate de la R\u00e9gie d\u00e9l\u00e9gu\u00e9e de dragage du Port de Douala-Bonab\u00e9ri. L\u2019appel lanc\u00e9 rentre dans [&hellip;]<\/p>\n","protected":false},"author":1969,"featured_media":0,"comment_status":"closed","ping_status":"closed","sticky":false,"template":"","format":"standard","meta":{"fifu_image_url":"","fifu_image_alt":"","footnotes":""},"categories":[82,78],"tags":[],"class_list":["post-62241","post","type-post","status-publish","format-standard","hentry","category-cameroun","category-economie"],"_links":{"self":[{"href":"https:\/\/linitiative.ca\/International\/wp-json\/wp\/v2\/posts\/62241","targetHints":{"allow":["GET"]}}],"collection":[{"href":"https:\/\/linitiative.ca\/International\/wp-json\/wp\/v2\/posts"}],"about":[{"href":"https:\/\/linitiative.ca\/International\/wp-json\/wp\/v2\/types\/post"}],"author":[{"embeddable":true,"href":"https:\/\/linitiative.ca\/International\/wp-json\/wp\/v2\/users\/1969"}],"replies":[{"embeddable":true,"href":"https:\/\/linitiative.ca\/International\/wp-json\/wp\/v2\/comments?post=62241"}],"version-history":[{"count":0,"href":"https:\/\/linitiative.ca\/International\/wp-json\/wp\/v2\/posts\/62241\/revisions"}],"wp:attachment":[{"href":"https:\/\/linitiative.ca\/International\/wp-json\/wp\/v2\/media?parent=62241"}],"wp:term":[{"taxonomy":"category","embeddable":true,"href":"https:\/\/linitiative.ca\/International\/wp-json\/wp\/v2\/categories?post=62241"},{"taxonomy":"post_tag","embeddable":true,"href":"https:\/\/linitiative.ca\/International\/wp-json\/wp\/v2\/tags?post=62241"}],"curies":[{"name":"wp","href":"https:\/\/api.w.org\/{rel}","templated":true}]}}