{"id":62243,"date":"2019-09-25T08:40:07","date_gmt":"2019-09-25T12:40:07","guid":{"rendered":"https:\/\/linitiative.ca\/International\/reassurance-la-scr-renforce-sa-presence-sur-le-marche-international\/"},"modified":"2019-09-25T08:40:07","modified_gmt":"2019-09-25T12:40:07","slug":"reassurance-la-scr-renforce-sa-presence-sur-le-marche-international","status":"publish","type":"post","link":"https:\/\/linitiative.ca\/International\/reassurance-la-scr-renforce-sa-presence-sur-le-marche-international\/","title":{"rendered":"R\u00e9assurance : La SCR renforce sa pr\u00e9sence sur le march\u00e9 international"},"content":{"rendered":"<p><img decoding=\"async\" class=\"post_layout_5_img\" src=\"http:\/\/aujourdhui.ma\/wp-content\/uploads\/2019\/09\/Youssef-Fassi-Fihri-Directeur-ge%CC%81ne%CC%81ral-de-la-Socie%CC%81te%CC%81-centrale-de-re%CC%81assurance-SCR-.jpg?x29840\" alt=\"R\u00e9assurance : La SCR renforce sa pr\u00e9sence sur le march\u00e9 international\"\/><\/p>\n<p class=\"p1\"><span class=\"c4\"><strong>La Soci\u00e9t\u00e9 centrale de r\u00e9assurance (SCR) repositionne son business model pour un d\u00e9veloppement ma\u00eetris\u00e9 \u00e0 l\u2019international.<\/strong><\/span><span id=\"more-318618\"\/><\/p>\n<p class=\"p1\">En effet, son directeur g\u00e9n\u00e9ral, Youssef Fassi-Fihri, ne cache pas son ambition de faire cro\u00eetre le chiffre d\u2019affaires de l\u2019entreprise \u00e0 l\u2019international dans les 5 ann\u00e9es \u00e0 venir. <em>\u00abNotre premier march\u00e9 c\u2019est le march\u00e9 turc, suivi de celui du Moyen-Orient et ensuite le march\u00e9 africain. Ceci \u00e9tant, le potentiel du d\u00e9veloppement naturel qu\u2019on peut avoir c\u2019est aussi le march\u00e9 africain et celui du monde arabe\u00bb,<\/em> indique le DG lors d\u2019un atelier sur la place de la SCR dans le march\u00e9 de l\u2019assurance pr\u00e9cisant que la r\u00e9assurance cr\u00e9e un lien de solidarit\u00e9 permettant de faire face \u00e0 des sinistres qui seraient autrement impossibles \u00e0 indemniser par les assureurs directs. La SCR se dit s\u2019inscrire dans une strat\u00e9gie de d\u00e9veloppement \u00e0 l\u2019international en renfor\u00e7ant sa pr\u00e9sence dans les march\u00e9s africains avec la cr\u00e9ation des bureaux de repr\u00e9sentation, notamment en C\u00f4te d\u2019Ivoire, au Rwanda et en Egypte.<\/p>\n<p class=\"p1\">Au cours de sa pr\u00e9sentation, il a mis en avant la solidit\u00e9 financi\u00e8re de l\u2019entreprise et le r\u00f4le qu\u2019elle joue au service de l\u2019\u00e9conomie nationale. En termes de prime souscrite, l\u2019entreprise a enregistr\u00e9 un total de 2 milliards de dirhams avec un r\u00e9sultat de 300 millions de dirhams pour l\u2019exercice 2018.<span class=\"Apple-converted-space\">\u00a0<\/span> \u00ab<em>On est le 3\u00e8me r\u00e9assureur en Afrique mais je consid\u00e8re que nous sommes les premiers r\u00e9assureurs en termes de chiffre d\u2019affaires parce que les deux autres ont des avantages r\u00e9glementaires de cessions l\u00e9gales\u00bb,<\/em> indique Youssef Fassi-Fihri. L\u2019entreprise se d\u00e9clare \u00eatre un acteur de stabilisation et un partenaire privil\u00e9gi\u00e9 des c\u00e9dantes marocaines, un garant de la s\u00e9curisation de la gestion et r\u00e8glement des sinistres non couverts par les acteurs internationaux, au-del\u00e0 m\u00eame des consid\u00e9rations \u00e9conomiques et la voix du Maroc dans les grandes instances internationales.<\/p>\n<p class=\"p1\">Au niveau national, la SCR d\u00e9voile jouer un r\u00f4le important dans la ma\u00eetrise des \u00e9quilibres techniques du secteur national d\u2019assurance sur les 5 derni\u00e8res ann\u00e9es (plus de 3,5 milliards DH de sinistres pay\u00e9s aux assureurs marocains). Ne voulant pas communiquer sur l\u2019assurance couvrant les risques catastrophiques, Youssef Fassi-Fihri a confi\u00e9 ne pas vouloir s\u2019avancer sur ce sujet dont la communication officielle revient au ministre de l\u2019\u00e9conomie et des finances. \u00ab<em>Tout ce que je peux vous dire c\u2019est qu\u2019on a lanc\u00e9 l\u2019appel d\u2019offres au niveau de la r\u00e9assurance internationale pour pouvoir se couvrir contre ce risque\u00bb,<\/em> soulignant que les choses sont prises au s\u00e9rieux pour \u00eatre au rendez-vous le 1er janvier 2020.<\/p>\n<p class=\"p1\">Afin de r\u00e9pondre aux exigences du march\u00e9 de l\u2019assurance et de la r\u00e9assurance, la Soci\u00e9t\u00e9 centrale de r\u00e9assurance a lanc\u00e9 son acad\u00e9mie de formation. \u00ab<em>Cette initiative d\u2019envergure a pour objectif de mettre \u00e0 la disposition des partenaires de la soci\u00e9t\u00e9 son expertise technique dans les diff\u00e9rentes branches d\u2019assurance (Incendie, Engineering, Aviation, Maritime et Responsabilit\u00e9 Civile), ainsi que dans les domaines de la tarification, de l\u2019actuariat et de la pr\u00e9vention\u00bb,<\/em> selon l\u2019entreprise pr\u00e9cisant qu\u2019il s\u2019agit d\u2019un programme qui s\u2019adresse aussi bien aux c\u00e9dantes clientes marocaines et africaines qu\u2019aux collaborateurs internes de la SCR. Notons par ailleurs qu\u2019en 2018, les primes \u00e9mises par le secteur des assurances au Maroc ont d\u00e9pass\u00e9 la barre des 40 MMDH et atteignent 41,34 MMDH. Toutefois, la dynamique de croissance a ralenti \u00e0 6,1%, apr\u00e8s 3 ann\u00e9es d\u2019\u00e9volution \u00e0 deux chiffres. Par segment, l\u2019assurance Vie et capitalisation a augment\u00e9 de 7,1% en 2018, \u00e0 18,18 MMDH. Enfin, la part de l\u2019assurance auto dans le march\u00e9 global a atteint 27%.<\/p>\n<p>Auteur: Ouchagour Leila<br \/>\n<a href=\"http:\/\/aujourdhui.ma\/economie\/reassurance-la-scr-renforce-sa-presence-sur-le-marche-international\">Cliquez ici pour lire l&rsquo;article depuis sa source.<\/a><\/p>\n","protected":false},"excerpt":{"rendered":"<p>La Soci\u00e9t\u00e9 centrale de r\u00e9assurance (SCR) repositionne son business model pour un d\u00e9veloppement ma\u00eetris\u00e9 \u00e0 l\u2019international. En effet, son directeur g\u00e9n\u00e9ral, Youssef Fassi-Fihri, ne cache pas son ambition de faire cro\u00eetre le chiffre d\u2019affaires de l\u2019entreprise \u00e0 l\u2019international dans les 5 ann\u00e9es \u00e0 venir. \u00abNotre premier march\u00e9 c\u2019est le march\u00e9 turc, suivi de celui du [&hellip;]<\/p>\n","protected":false},"author":1759,"featured_media":0,"comment_status":"closed","ping_status":"closed","sticky":false,"template":"","format":"standard","meta":{"fifu_image_url":"","fifu_image_alt":"","footnotes":""},"categories":[73,54],"tags":[],"class_list":["post-62243","post","type-post","status-publish","format-standard","hentry","category-actualite","category-maroc"],"_links":{"self":[{"href":"https:\/\/linitiative.ca\/International\/wp-json\/wp\/v2\/posts\/62243","targetHints":{"allow":["GET"]}}],"collection":[{"href":"https:\/\/linitiative.ca\/International\/wp-json\/wp\/v2\/posts"}],"about":[{"href":"https:\/\/linitiative.ca\/International\/wp-json\/wp\/v2\/types\/post"}],"author":[{"embeddable":true,"href":"https:\/\/linitiative.ca\/International\/wp-json\/wp\/v2\/users\/1759"}],"replies":[{"embeddable":true,"href":"https:\/\/linitiative.ca\/International\/wp-json\/wp\/v2\/comments?post=62243"}],"version-history":[{"count":0,"href":"https:\/\/linitiative.ca\/International\/wp-json\/wp\/v2\/posts\/62243\/revisions"}],"wp:attachment":[{"href":"https:\/\/linitiative.ca\/International\/wp-json\/wp\/v2\/media?parent=62243"}],"wp:term":[{"taxonomy":"category","embeddable":true,"href":"https:\/\/linitiative.ca\/International\/wp-json\/wp\/v2\/categories?post=62243"},{"taxonomy":"post_tag","embeddable":true,"href":"https:\/\/linitiative.ca\/International\/wp-json\/wp\/v2\/tags?post=62243"}],"curies":[{"name":"wp","href":"https:\/\/api.w.org\/{rel}","templated":true}]}}