{"id":62245,"date":"2019-09-25T10:00:07","date_gmt":"2019-09-25T14:00:07","guid":{"rendered":"https:\/\/linitiative.ca\/International\/aide-au-retour-volontaire-et-a-la-reintegration-plus-de-11-300-migrants-au-maroc-en-ont-beneficie\/"},"modified":"2019-09-25T10:00:07","modified_gmt":"2019-09-25T14:00:07","slug":"aide-au-retour-volontaire-et-a-la-reintegration-plus-de-11-300-migrants-au-maroc-en-ont-beneficie","status":"publish","type":"post","link":"https:\/\/linitiative.ca\/International\/aide-au-retour-volontaire-et-a-la-reintegration-plus-de-11-300-migrants-au-maroc-en-ont-beneficie\/","title":{"rendered":"Aide au retour volontaire et \u00e0 la r\u00e9int\u00e9gration : Plus de 11.300 migrants au Maroc en ont b\u00e9n\u00e9fici\u00e9"},"content":{"rendered":"<p><img decoding=\"async\" class=\"post_layout_5_img\" src=\"http:\/\/aujourdhui.ma\/wp-content\/uploads\/2019\/09\/migrants-Subsaharien-Maroc.jpg?x29840\" alt=\"Aide au retour volontaire et \u00e0 la r\u00e9int\u00e9gration : Plus de 11.300 migrants au Maroc en ont b\u00e9n\u00e9fici\u00e9\"\/><\/p>\n<p class=\"p1\"><span class=\"s1\"><span class=\"c4\"><strong>Le minist\u00e8re d\u00e9l\u00e9gu\u00e9 charg\u00e9 des Marocains r\u00e9sidant \u00e0 l\u2019\u00e9tranger et des affaires de la migration et l\u2019Agence des Nations Unies pour les migrations (OIM) ont organis\u00e9 les 24 et 25 septembre \u00e0 Rabat un s\u00e9minaire international sur le renforcement des capacit\u00e9s pour une r\u00e9int\u00e9gration durable.<\/strong><\/span><\/span> <span id=\"more-318626\"\/><\/p>\n<p class=\"p1\"><span class=\"s1\">Cette rencontre a \u00e9t\u00e9 l\u2019occasion de pr\u00e9senter les r\u00e9sultats atteints par le projet \u00abForas-Renforcement des opportunit\u00e9s de r\u00e9int\u00e9gration\u00bb et d\u2019\u00e9laborer des recommandations pour soutenir les orientations professionnelles pour une int\u00e9gration sociale, \u00e9conomique et psychosociale des migrants. Le projet Foras est compl\u00e9mentaire au programme d\u2019aide au retour volontaire et \u00e0 la r\u00e9int\u00e9gration (AVRR). Signalons \u00e0 ce sujet que depuis 2005 et en partenariat avec le gouvernement marocain, l\u2019OIM a mis en \u0153uvre au Maroc le programme d\u2019aide au retour et \u00e0 la r\u00e9int\u00e9gration.<\/span><\/p>\n<p class=\"p1\"><span class=\"s1\">Ce programme assiste chaque ann\u00e9e en moyenne 1500 migrants en d\u00e9tresse et vuln\u00e9rables<span class=\"Apple-converted-space\">\u00a0<\/span> qui souhaitent retourner volontairement dans leur pays d\u2019origine mais qui ne peuvent le faire faute de moyens. Plus de 11.300 migrants ont b\u00e9n\u00e9fici\u00e9 de ce programme depuis 2005. Parmi eux, 76% proviennent des huit nationalit\u00e9s cibl\u00e9es. Pour sa part, le projet Foras <span class=\"Apple-converted-space\">\u00a0<\/span> a pour objectif<span class=\"Apple-converted-space\">\u00a0<\/span> d\u2019offrir aux migrants les plus vuln\u00e9rables et en d\u00e9tresse et qui souhaitent retourner volontairement dans leurs pays d\u2019origine la possibilit\u00e9 d\u2019un retour et d\u2019une r\u00e9int\u00e9gration dans des conditions s\u00fbres, dignes et respectueuses des droits humains. Depuis son d\u00e9marrage en septembre 2017, ce projet a accompagn\u00e9 1.385 b\u00e9n\u00e9ficiaires inscrits \u00e0 l\u2019AVRR \u00e0 mieux comprendre les d\u00e9fis et les opportunit\u00e9s de r\u00e9int\u00e9gration dans leurs pays d\u2019origine \u00e0 travers des s\u00e9ances de sensibilisation.<\/span><\/p>\n<p class=\"p1\"><span class=\"s1\">Les organisateurs ont fait savoir qu\u2019en 2018, 276 migrants ont b\u00e9n\u00e9fici\u00e9 de sessions de d\u00e9veloppement personnel, d\u2019initiation \u00e0 l\u2019entrepreneuriat et \u00e0 la commercialisation. En outre,<span class=\"Apple-converted-space\">\u00a0<\/span> 776 migrants ont assist\u00e9 \u00e0 des sessions de sensibilisation collectives sur les opportunit\u00e9s dans les pays d\u2019origine. 96% des migrants b\u00e9n\u00e9ficiaires ont d\u00e9clar\u00e9 avoir \u00e9t\u00e9 satisfaits des orientations professionnelles re\u00e7ues. Depuis son lancement, ce projet avait cibl\u00e9 8 pays, \u00e0 savoir le Burkina Faso, le Cameroun, la C\u00f4te d\u2019Ivoire, la Guin\u00e9e, le Mali, la R\u00e9publique D\u00e9mocratique du Congo (RDC), le S\u00e9n\u00e9gal et le Togo. En 2019, trois nouveaux pays sont concern\u00e9s par ce projet, \u00e0 savoir la RDC, le Burkina Faso et le Togo.<span class=\"Apple-converted-space\">\u00a0<\/span> Dans le cadre de ce projet, les migrants sont munis d\u2019informations tr\u00e8s d\u00e9taill\u00e9es sur les opportunit\u00e9s en mati\u00e8re de r\u00e9int\u00e9gration dans leur pays d\u2019origine \u00e0 travers des s\u00e9ances de sensibilisation et d\u2019un ensemble d\u2019outils de communication et de sensibilisation (brochures d\u2019information par pays, vid\u00e9os t\u00e9moignant des histoires de r\u00e9int\u00e9gration et un site web).<\/span><\/p>\n<p class=\"p1\"><span class=\"s1\">On leur offre \u00e9galement des sessions de renforcement des aptitudes personnelles (life skills et soft skills) et des comp\u00e9tences techniques (entrepreneuriat et commercialisation) avant leur retour afin de concevoir et mettre en place de futurs projets entrepreneuriaux. Des s\u00e9ances<span class=\"Apple-converted-space\">\u00a0<\/span> d\u2019initiation \u00e0 l\u2019apprentissage de l\u2019agriculture et de l\u2019artisanat leur sont offertes pour les pr\u00e9parer \u00e0 int\u00e9grer les secteurs \u00e0 fort potentiel dans leurs pays d\u2019origine. Jusqu\u2019\u00e0 pr\u00e9sent, 3 points d\u2019orientation de migrants ont \u00e9t\u00e9 mis en place \u00e0 Casablanca, Rabat et Oujda pour leur permettre de s\u2019inscrire au programme de retour volontaire et de b\u00e9n\u00e9ficier des sessions d\u2019orientation.<\/span><\/p>\n<p>Auteur: Laila Zerrour<br \/>\n<a href=\"http:\/\/aujourdhui.ma\/societe\/aide-au-retour-volontaire-et-a-la-reintegration-plus-de-11-300-migrants-au-maroc-en-ont-beneficie\">Cliquez ici pour lire l&rsquo;article depuis sa source.<\/a><\/p>\n","protected":false},"excerpt":{"rendered":"<p>Le minist\u00e8re d\u00e9l\u00e9gu\u00e9 charg\u00e9 des Marocains r\u00e9sidant \u00e0 l\u2019\u00e9tranger et des affaires de la migration et l\u2019Agence des Nations Unies pour les migrations (OIM) ont organis\u00e9 les 24 et 25 septembre \u00e0 Rabat un s\u00e9minaire international sur le renforcement des capacit\u00e9s pour une r\u00e9int\u00e9gration durable. Cette rencontre a \u00e9t\u00e9 l\u2019occasion de pr\u00e9senter les r\u00e9sultats atteints [&hellip;]<\/p>\n","protected":false},"author":1759,"featured_media":0,"comment_status":"closed","ping_status":"closed","sticky":false,"template":"","format":"standard","meta":{"fifu_image_url":"","fifu_image_alt":"","footnotes":""},"categories":[73,54],"tags":[],"class_list":["post-62245","post","type-post","status-publish","format-standard","hentry","category-actualite","category-maroc"],"_links":{"self":[{"href":"https:\/\/linitiative.ca\/International\/wp-json\/wp\/v2\/posts\/62245","targetHints":{"allow":["GET"]}}],"collection":[{"href":"https:\/\/linitiative.ca\/International\/wp-json\/wp\/v2\/posts"}],"about":[{"href":"https:\/\/linitiative.ca\/International\/wp-json\/wp\/v2\/types\/post"}],"author":[{"embeddable":true,"href":"https:\/\/linitiative.ca\/International\/wp-json\/wp\/v2\/users\/1759"}],"replies":[{"embeddable":true,"href":"https:\/\/linitiative.ca\/International\/wp-json\/wp\/v2\/comments?post=62245"}],"version-history":[{"count":0,"href":"https:\/\/linitiative.ca\/International\/wp-json\/wp\/v2\/posts\/62245\/revisions"}],"wp:attachment":[{"href":"https:\/\/linitiative.ca\/International\/wp-json\/wp\/v2\/media?parent=62245"}],"wp:term":[{"taxonomy":"category","embeddable":true,"href":"https:\/\/linitiative.ca\/International\/wp-json\/wp\/v2\/categories?post=62245"},{"taxonomy":"post_tag","embeddable":true,"href":"https:\/\/linitiative.ca\/International\/wp-json\/wp\/v2\/tags?post=62245"}],"curies":[{"name":"wp","href":"https:\/\/api.w.org\/{rel}","templated":true}]}}