{"id":62246,"date":"2019-09-25T10:50:59","date_gmt":"2019-09-25T14:50:59","guid":{"rendered":"https:\/\/linitiative.ca\/International\/filiale-du-groupe-smeia-jama-auto-ouvre-un-nouveau-showroom\/"},"modified":"2019-09-25T10:50:59","modified_gmt":"2019-09-25T14:50:59","slug":"filiale-du-groupe-smeia-jama-auto-ouvre-un-nouveau-showroom","status":"publish","type":"post","link":"https:\/\/linitiative.ca\/International\/filiale-du-groupe-smeia-jama-auto-ouvre-un-nouveau-showroom\/","title":{"rendered":"Filiale du Groupe Smeia : Jama Auto ouvre un nouveau showroom"},"content":{"rendered":"<header readability=\"1.29452054795\">\n<\/header>\n<div class=\"entry-content clearfix\" readability=\"69\"><img decoding=\"async\" class=\"post_layout_5_img\" src=\"http:\/\/aujourdhui.ma\/wp-content\/uploads\/2019\/09\/Filiale-du-Groupe-Smeia-Jama-Auto-ouvre-un-nouveau-showroom.jpg?x29840\" alt=\"Filiale du Groupe Smeia : Jama Auto ouvre un nouveau showroom\"\/><\/p>\n<p class=\"p1\"><span class=\"s1 c4\"><strong>Le nouveau site sera un lieu de d\u00e9couverte du design et de la performance des mod\u00e8les phares de la marque, dont notamment la Mazda 3, le CX3, la Mazda 6 et le nouveau<span class=\"Apple-converted-space\">\u00a0<\/span> CX5.<\/strong><\/span><span id=\"more-318659\"\/><\/p>\n<p class=\"p1\"><span class=\"s1\">Jama Auto renforce son positionnement du distributeur exclusif de la marque Mazda au Maroc. A cet effet, la filiale de la Soci\u00e9t\u00e9 m\u00e9diterran\u00e9enne pour l\u2019industrie automobile (Smeia) pr\u00e9voit d\u2019ouvrir prochainement un nouveau showroom d\u00e9di\u00e9 \u00e0 cette marque. S\u2019\u00e9tendant sur une superficie de 900m\u00b2 \u00e0 proximit\u00e9 du si\u00e8ge social de la Smeia (sur la route c\u00f4ti\u00e8re de Mohammedia), <em>\u00abce nouvel \u00e9crin d\u00e9di\u00e9 \u00e0 la commercialisation des v\u00e9hicules neufs de la marque Mazda r\u00e9pond parfaitement aux standards internationaux de la marque nippone : un concept architectural innovant, des espaces chaleureux et raffin\u00e9s et un service de qualit\u00e9 premium\u00bb<\/em>, selon un communiqu\u00e9 \u00e9mis derni\u00e8rement par l\u2019\u00e9quipe responsable de ce projet.<\/span><\/p>\n<p class=\"p1\"><span class=\"s1\">Les visiteurs pourront, sous le signe de la convivialit\u00e9, d\u00e9couvrir ce nouveau showroom d\u00e9di\u00e9 \u00e0 la marque Mazda. Il est compos\u00e9 d\u2019un espace de 500 m<sup>2<\/sup> pour l\u2019exposition des v\u00e9hicules neufs et un autre de 400 m<sup>2<\/sup> r\u00e9serv\u00e9 \u00e0 la r\u00e9ception des clients du service apr\u00e8s-vente. Une \u00e9quipe de conseillers commerciaux et de conseillers de service form\u00e9s aux standards internationaux de cette marque se tient \u00e0 la disposition des clients professionnels et particuliers afin de les orienter et garantir une qualit\u00e9 de service r\u00e9pondant parfaitement \u00e0 leurs besoins. Le nouveau site sera ainsi un lieu de d\u00e9couverte du design et de la performance des mod\u00e8les phares de la marque, dont notamment la Mazda 3, le CX3, la Mazda 6 et le nouveau<span class=\"Apple-converted-space\">\u00a0<\/span> CX5. <em>\u00abDe plus et afin de combler l\u2019engouement sans cesse croissant pour les SUV sur notre march\u00e9, d\u2019autres mod\u00e8les tels que le nouveau CX-5, le CX30, et le CX8 rejoindront la famille Mazda prochainement et viendront ainsi compl\u00e9ter une gamme d\u00e9j\u00e0 riche et diversifi\u00e9e\u00bb<\/em>, poursuit la m\u00eame source.<\/span><\/p>\n<p class=\"p1\"><span class=\"s1\">Les responsables de ce projet invitent leurs clients \u00e0 effectuer un essai des mod\u00e8les de la gamme \u00e0 travers un parc de v\u00e9hicules de d\u00e9monstration sur place. Ce qui permet \u00e0 la client\u00e8le de vivre l\u2019exp\u00e9rience de conduite de leur mod\u00e8le de pr\u00e9dilection avant de conclure leur achat.<\/span><\/p>\n<p class=\"p1\"><span class=\"s1\">Il est \u00e0 noter que le d\u00e9veloppement de la marque Mazda au Maroc s\u2019inscrit dans le cadre de sa strat\u00e9gie pla\u00e7ant le client au centre de ses int\u00e9r\u00eats. Il<span class=\"Apple-converted-space\">\u00a0<\/span> repose sur trois piliers : le lancement de nouveaux produits, l\u2019extension de son r\u00e9seau de distribution et la formation continue de ses ressources humaines aux standards de la marque en vue de fid\u00e9liser et r\u00e9pondre au mieux aux attentes de ses clients actuels et futurs.<\/span><\/p>\n<\/div>\n<p>Auteur: ALM<br \/>\n<a href=\"http:\/\/aujourdhui.ma\/automobile\/filiale-du-groupe-smeia-jama-auto-ouvre-un-nouveau-showroom\">Cliquez ici pour lire l&rsquo;article depuis sa source.<\/a><\/p>\n","protected":false},"excerpt":{"rendered":"<p>Le nouveau site sera un lieu de d\u00e9couverte du design et de la performance des mod\u00e8les phares de la marque, dont notamment la Mazda 3, le CX3, la Mazda 6 et le nouveau\u00a0 CX5. Jama Auto renforce son positionnement du distributeur exclusif de la marque Mazda au Maroc. A cet effet, la filiale de la [&hellip;]<\/p>\n","protected":false},"author":1759,"featured_media":0,"comment_status":"closed","ping_status":"closed","sticky":false,"template":"","format":"standard","meta":{"fifu_image_url":"","fifu_image_alt":"","footnotes":""},"categories":[73,54],"tags":[],"class_list":["post-62246","post","type-post","status-publish","format-standard","hentry","category-actualite","category-maroc"],"_links":{"self":[{"href":"https:\/\/linitiative.ca\/International\/wp-json\/wp\/v2\/posts\/62246","targetHints":{"allow":["GET"]}}],"collection":[{"href":"https:\/\/linitiative.ca\/International\/wp-json\/wp\/v2\/posts"}],"about":[{"href":"https:\/\/linitiative.ca\/International\/wp-json\/wp\/v2\/types\/post"}],"author":[{"embeddable":true,"href":"https:\/\/linitiative.ca\/International\/wp-json\/wp\/v2\/users\/1759"}],"replies":[{"embeddable":true,"href":"https:\/\/linitiative.ca\/International\/wp-json\/wp\/v2\/comments?post=62246"}],"version-history":[{"count":0,"href":"https:\/\/linitiative.ca\/International\/wp-json\/wp\/v2\/posts\/62246\/revisions"}],"wp:attachment":[{"href":"https:\/\/linitiative.ca\/International\/wp-json\/wp\/v2\/media?parent=62246"}],"wp:term":[{"taxonomy":"category","embeddable":true,"href":"https:\/\/linitiative.ca\/International\/wp-json\/wp\/v2\/categories?post=62246"},{"taxonomy":"post_tag","embeddable":true,"href":"https:\/\/linitiative.ca\/International\/wp-json\/wp\/v2\/tags?post=62246"}],"curies":[{"name":"wp","href":"https:\/\/api.w.org\/{rel}","templated":true}]}}