{"id":62247,"date":"2019-09-25T10:56:43","date_gmt":"2019-09-25T14:56:43","guid":{"rendered":"https:\/\/linitiative.ca\/International\/savoir-raison-garder\/"},"modified":"2019-09-25T10:56:43","modified_gmt":"2019-09-25T14:56:43","slug":"savoir-raison-garder","status":"publish","type":"post","link":"https:\/\/linitiative.ca\/International\/savoir-raison-garder\/","title":{"rendered":"Savoir raison garder"},"content":{"rendered":"<p class=\"c4\"><strong><span class=\"c3\"><span class=\"c2\">C<\/span>omment mobiliser l\u2019individu pour le bien\u00eatre de la soci\u00e9t\u00e9\u00a0? Cette question interpelle de plus en plus dans une soci\u00e9t\u00e9 en transformation perp\u00e9tuelle et o\u00f9 les attentes deviennent de plus en plus pressantes. Les individus ne veulent plus se mobiliser \u00absans retour sur investissement\u00bb. Pire ils consid\u00e8rent que ceux qui veulent les enr\u00f4ler pour la bonne cause sont des manipulateurs. Le populisme fait des ravages et entre autres dommages collat\u00e9raux, certains croient que la fausset\u00e9 est l\u2019art supr\u00eame de la politique.<\/span><\/strong><\/p>\n<p class=\"c4\">Jusqu\u2019aux \u00abann\u00e9es 80 de notre jeunesse\u00bb, le gauchisme a \u00e9t\u00e9 \u00abla maladie infantile\u00bb des forces de progr\u00e8s, patriotes et d\u00e9mocrates. En r\u00e9ponse aux \u00abann\u00e9es de plomb\u00bb mais aussi \u00e0 l\u2019h\u00e9g\u00e9monisme pratiqu\u00e9 et aux h\u00e9sitations de l\u2019esprit petit bourgeois de certains, la fougue des jeunes s\u2019est dissip\u00e9e dans le nihilisme, l\u2019anarchie syndicale et l\u2019aventurisme.<\/p>\n<p class=\"c4\">La facture a \u00e9t\u00e9 lourde non seulement pour les individus eux-m\u00eames mais surtout pour le mouvement national d\u00e9mocratique et progressiste et pour l\u2019ensemble du peuple marocain.<\/p>\n<p class=\"c4\">Il a fallu beaucoup de travail, de luttes et de patience pour que la Koutla D\u00e9mocratique se constitue, qu\u2019elle r\u00e9siste aux d\u00e9mons de l\u2019exclusion et qu\u2019elle puisse n\u00e9gocier une alternance consensuelle pour \u00e9viter au pays les affres de \u00abla crise cardiaque\u00bb. Six ann\u00e9es d\u2019atermoiements, de 1992 \u00e0 1998, qu\u2019il a fallu pour amener les \u00abfr\u00e8res ennemis\u00bb \u00e0 s\u2019entendre et \u00e0 enfin composer pour assurer la transition d\u00e9mocratique.<\/p>\n<p class=\"c4\">Et si la Koutla D\u00e9mocratique croule en 2002, ce n\u2019est pas seulement par d\u00e9faut de \u00abm\u00e9thodologie d\u00e9mocratique\u00bb mais essentiellement parce que les deux partis devenus fr\u00e8res ennemis depuis 1959 ne s\u2019entendaient plus, et cela va continuer jusqu\u2019apr\u00e8s 2011.<\/p>\n<p class=\"c4\">\u00a0Avec l\u2019av\u00e8nement du nouveau r\u00e8gne beaucoup de choses vont se r\u00e9aliser, des avanc\u00e9es et des acquis seront enregistr\u00e9s alors que d\u2019autres resteront \u00e0 promouvoir et \u00e0 mettre en \u0153uvre. La situation que vit actuellement notre peuple n\u2019est pas issue d\u2019une g\u00e9n\u00e9ration spontan\u00e9e mais elle est belle est bien issue aussi d\u2019un h\u00e9ritage o\u00f9 tout n\u2019est pas rose.<\/p>\n<p class=\"c4\">Dans le cadre de ces d\u00e9veloppements, la direction actuelle et les directions pass\u00e9es du Parti du Progr\u00e8s et du Socialisme ont toujours \u00e9t\u00e9 \u00abunitaires pour deux\u00bb. Elles n\u2019ont jamais opt\u00e9es pour l\u2019apostasie, ni pour l\u2019entrisme, ni pour la vindicte et encore moins pour l\u2019exclusion d\u2019une force estim\u00e9e \u00aballi\u00e9e strat\u00e9gique\u00bb. Elles ont toujours su raison garder devant les assauts de ceux qui voulaient les effacer du champ politique et les emp\u00eacher d\u2019acc\u00e9der aux moyens pour contribuer \u00e0 l\u2019\u00e9dification de l\u2019Etat national d\u00e9mocratique et moderne. Patriotes, d\u00e9mocrates, progressistes, r\u00e9volutionnaires et pragmatiques, leurs t\u00e2ches ne sont pas faciles dans une soci\u00e9t\u00e9 et un contexte g\u00e9n\u00e9ral o\u00f9 tout change.<\/p>\n<p class=\"c4\">On leur en voudra pour leur patriotisme comme pour leur esprit d\u00e9mocratique, pour leurs actions progressistes, leurs propositions r\u00e9volutionnaires et leur pragmatisme intelligent. Intelligence politique, oui\u00a0; mais jamais \u00abparticide\u00bb. Quand le PPS cherche un nouveau souffle pour la d\u00e9mocratie au Maroc, Certains esp\u00e8rent sa mort. Ils seront d\u00e9\u00e7us.<\/p>\n<p class=\"c4\">Dans ce processus, les m\u00e9canismes \u00e9lectoraux mis en \u0153uvre n\u2019ont pas abouti \u00e0 une repr\u00e9sentation de la population en relation avec ses attentes et traduisant ses aspirations. Le PPS en souffrira sans plier sous le fardeau du \u00abprix \u00e0 payer\u00bb. Ceux qui s\u2019attendent \u00e0 son implosion \u00e0 la suite du \u00abrenouvellement de l\u2019\u00e9quipe gouvernementale actuelle\u00bb seront d\u00e9sappoint\u00e9s. Comme ceux qui appelaient nagu\u00e8re \u00e0 un seuil \u00e9lectoral de 10% en bombant le torse alors qu\u2019ils ne sont arriv\u00e9s qu\u2019\u00e0 changer de dentition sans pouvoir mieux sourire\u00a0! \u00a0Tr\u00eave de fanfaronnades.<\/p>\n<p class=\"c4\">L\u2019espoir est que la mobilisation des forces de progr\u00e8s permettra \u00e0 faire d\u00e9gager le populisme, sous toutes ses formes et l\u00e0 o\u00f9 il se manifeste. Les Marocains ont besoin de toutes leurs forces pour vivre au d\u00e9but du troisi\u00e8me mill\u00e9naire dans un climat de libert\u00e9, dans une soci\u00e9t\u00e9 \u00e9panouie o\u00f9 les in\u00e9galit\u00e9s sont r\u00e9sorb\u00e9es et les individus \u00e9mancip\u00e9s.<\/p>\n<p>Auteur: M&rsquo;hammed rahal<br \/>\n<a href=\"http:\/\/albayane.press.ma\/savoir-raison-garder-3.html\">Cliquez ici pour lire l&rsquo;article depuis sa source.<\/a><\/p>\n","protected":false},"excerpt":{"rendered":"<p>Comment mobiliser l\u2019individu pour le bien\u00eatre de la soci\u00e9t\u00e9\u00a0? Cette question interpelle de plus en plus dans une soci\u00e9t\u00e9 en transformation perp\u00e9tuelle et o\u00f9 les attentes deviennent de plus en plus pressantes. Les individus ne veulent plus se mobiliser \u00absans retour sur investissement\u00bb. Pire ils consid\u00e8rent que ceux qui veulent les enr\u00f4ler pour la bonne [&hellip;]<\/p>\n","protected":false},"author":1760,"featured_media":0,"comment_status":"closed","ping_status":"closed","sticky":false,"template":"","format":"standard","meta":{"fifu_image_url":"","fifu_image_alt":"","footnotes":""},"categories":[73,54],"tags":[],"class_list":["post-62247","post","type-post","status-publish","format-standard","hentry","category-actualite","category-maroc"],"_links":{"self":[{"href":"https:\/\/linitiative.ca\/International\/wp-json\/wp\/v2\/posts\/62247","targetHints":{"allow":["GET"]}}],"collection":[{"href":"https:\/\/linitiative.ca\/International\/wp-json\/wp\/v2\/posts"}],"about":[{"href":"https:\/\/linitiative.ca\/International\/wp-json\/wp\/v2\/types\/post"}],"author":[{"embeddable":true,"href":"https:\/\/linitiative.ca\/International\/wp-json\/wp\/v2\/users\/1760"}],"replies":[{"embeddable":true,"href":"https:\/\/linitiative.ca\/International\/wp-json\/wp\/v2\/comments?post=62247"}],"version-history":[{"count":0,"href":"https:\/\/linitiative.ca\/International\/wp-json\/wp\/v2\/posts\/62247\/revisions"}],"wp:attachment":[{"href":"https:\/\/linitiative.ca\/International\/wp-json\/wp\/v2\/media?parent=62247"}],"wp:term":[{"taxonomy":"category","embeddable":true,"href":"https:\/\/linitiative.ca\/International\/wp-json\/wp\/v2\/categories?post=62247"},{"taxonomy":"post_tag","embeddable":true,"href":"https:\/\/linitiative.ca\/International\/wp-json\/wp\/v2\/tags?post=62247"}],"curies":[{"name":"wp","href":"https:\/\/api.w.org\/{rel}","templated":true}]}}