{"id":62249,"date":"2019-09-25T11:20:26","date_gmt":"2019-09-25T15:20:26","guid":{"rendered":"https:\/\/linitiative.ca\/International\/deux-agents-en-garde-a-vue-piratage-de-comptes-bancaires-et-detournement-dargent\/"},"modified":"2019-09-25T11:20:26","modified_gmt":"2019-09-25T15:20:26","slug":"deux-agents-en-garde-a-vue-piratage-de-comptes-bancaires-et-detournement-dargent","status":"publish","type":"post","link":"https:\/\/linitiative.ca\/International\/deux-agents-en-garde-a-vue-piratage-de-comptes-bancaires-et-detournement-dargent\/","title":{"rendered":"Deux agents en garde \u00e0 vue : Piratage de comptes bancaires et d\u00e9tournement d\u2019argent"},"content":{"rendered":"<p>Deux employ\u00e9s d\u2019une banque tunisienne ont \u00e9t\u00e9 arr\u00eat\u00e9s pour avoir pirat\u00e9 le syst\u00e8me informatique de la banque et effectu\u00e9 des virements bancaires d\u2019un montant de 120 mille dinars en dehors du temps administratif, a annonc\u00e9 le minist\u00e8re de l\u2019Int\u00e9rieur.<\/p>\n<p>Le d\u00e9partement de l\u2019Int\u00e9rieur a pr\u00e9cis\u00e9 dans un communiqu\u00e9 publi\u00e9 mardi soir que le sous-d\u00e9partement charg\u00e9 de la recherche \u00e9conomique et financi\u00e8re au sein de l\u2019administration de la police judiciaire a \u00e9t\u00e9 charg\u00e9e d\u2019enqu\u00eater dans l\u2019affaire du d\u00e9tournement des fonds publics, apr\u00e8s qu\u2019une banque tunisienne ait d\u00e9tect\u00e9 une op\u00e9ration de piratage de son syst\u00e8me informatique et des d\u00e9tournements bancaires en dehors du d\u00e9lai administratif.<\/p>\n<p>\u00ab Avec la mobilisation de l\u2019agence tunisienne des t\u00e9l\u00e9communications pour rechercher les num\u00e9ros de t\u00e9l\u00e9phone et les adresses associ\u00e9es \u00e0 l\u2019acc\u00e8s au logiciel de la banque, il s\u2019est av\u00e9r\u00e9 qu\u2019ils appartenaient aux deux employ\u00e9s de la banque (\u00e2g\u00e9s de 37 et 50 ans) qui ont \u00e9t\u00e9 arr\u00eat\u00e9s \u00bb, indique le minist\u00e8re.<\/p>\n<p>Les deux employ\u00e9s ont \u00e9t\u00e9 plac\u00e9s en garde \u00e0 vue apr\u00e8s consultation du minist\u00e8re public \u00ab pour d\u00e9tournement de fonds publics par un fonctionnaire public \u00bb, indique-t-on de m\u00eame source.<\/p>\n<p class=\"dpsp-share-text\">Partager c&rsquo;est aimer!<\/p>\n<div class=\"wp-post-author-wrap wp-post-author-shortcode left\">\n<h3 class=\"awpa-title\"\/>\n<div class=\"wp-post-author\">\n<div class=\"awpa-img awpa-author-block square\"><a href=\"http:\/\/lexpertjournal.net\/fr\/author\/expert\/\"><img loading=\"lazy\" decoding=\"async\" alt=\"\" src=\"http:\/\/2.gravatar.com\/avatar\/56d99be2a6f97af88ccb49fada637fcd?s=150&#038;d=mm&#038;r=g\" srcset=\"http:\/\/2.gravatar.com\/avatar\/56d99be2a6f97af88ccb49fada637fcd?s=300&#038;d=mm&#038;r=g 2x\" class=\"avatar avatar-150 photo\" height=\"150\" width=\"150\"\/><\/a><\/div>\n<\/div>\n<\/div>\n<p>Auteur: L&rsquo;expert<br \/>\n<a href=\"http:\/\/lexpertjournal.net\/fr\/2019\/09\/25\/deux-agents-en-garde-a-vue-piratage-de-comptes-bancaires-et-detournement-dargent\/\">Cliquez ici pour lire l&rsquo;article depuis sa source.<\/a><\/p>\n","protected":false},"excerpt":{"rendered":"<p>Deux employ\u00e9s d\u2019une banque tunisienne ont \u00e9t\u00e9 arr\u00eat\u00e9s pour avoir pirat\u00e9 le syst\u00e8me informatique de la banque et effectu\u00e9 des virements bancaires d\u2019un montant de 120 mille dinars en dehors du temps administratif, a annonc\u00e9 le minist\u00e8re de l\u2019Int\u00e9rieur. Le d\u00e9partement de l\u2019Int\u00e9rieur a pr\u00e9cis\u00e9 dans un communiqu\u00e9 publi\u00e9 mardi soir que le sous-d\u00e9partement charg\u00e9 [&hellip;]<\/p>\n","protected":false},"author":1775,"featured_media":0,"comment_status":"closed","ping_status":"closed","sticky":false,"template":"","format":"standard","meta":{"fifu_image_url":"","fifu_image_alt":"","footnotes":""},"categories":[78,55],"tags":[],"class_list":["post-62249","post","type-post","status-publish","format-standard","hentry","category-economie","category-tunisie"],"_links":{"self":[{"href":"https:\/\/linitiative.ca\/International\/wp-json\/wp\/v2\/posts\/62249","targetHints":{"allow":["GET"]}}],"collection":[{"href":"https:\/\/linitiative.ca\/International\/wp-json\/wp\/v2\/posts"}],"about":[{"href":"https:\/\/linitiative.ca\/International\/wp-json\/wp\/v2\/types\/post"}],"author":[{"embeddable":true,"href":"https:\/\/linitiative.ca\/International\/wp-json\/wp\/v2\/users\/1775"}],"replies":[{"embeddable":true,"href":"https:\/\/linitiative.ca\/International\/wp-json\/wp\/v2\/comments?post=62249"}],"version-history":[{"count":0,"href":"https:\/\/linitiative.ca\/International\/wp-json\/wp\/v2\/posts\/62249\/revisions"}],"wp:attachment":[{"href":"https:\/\/linitiative.ca\/International\/wp-json\/wp\/v2\/media?parent=62249"}],"wp:term":[{"taxonomy":"category","embeddable":true,"href":"https:\/\/linitiative.ca\/International\/wp-json\/wp\/v2\/categories?post=62249"},{"taxonomy":"post_tag","embeddable":true,"href":"https:\/\/linitiative.ca\/International\/wp-json\/wp\/v2\/tags?post=62249"}],"curies":[{"name":"wp","href":"https:\/\/api.w.org\/{rel}","templated":true}]}}