{"id":62250,"date":"2019-09-25T11:23:06","date_gmt":"2019-09-25T15:23:06","guid":{"rendered":"https:\/\/linitiative.ca\/International\/le-chef-fait-lobjet-dun-mandat-darret-international-demantelement-dun-reseau-de-trafic-de-visas\/"},"modified":"2019-09-25T11:23:06","modified_gmt":"2019-09-25T15:23:06","slug":"le-chef-fait-lobjet-dun-mandat-darret-international-demantelement-dun-reseau-de-trafic-de-visas","status":"publish","type":"post","link":"https:\/\/linitiative.ca\/International\/le-chef-fait-lobjet-dun-mandat-darret-international-demantelement-dun-reseau-de-trafic-de-visas\/","title":{"rendered":"Le chef fait l\u2019objet d\u2019un mandat d\u2019arr\u00eat international : D\u00e9mant\u00e8lement d\u2019un r\u00e9seau de trafic de visas"},"content":{"rendered":"<p>La sous-direction de la justice p\u00e9nale du d\u00e9partement de la police judiciaire a proc\u00e9d\u00e9 \u00e0 l\u2019arrestation de deux membres d\u2019un r\u00e9seau criminel op\u00e9rant comme interm\u00e9diaire des personnes souhaitant \u00e9migrer en Europe en leur procurant des visas bas\u00e9s sur de faux documents en contrepartie de l\u2019argent, a annonc\u00e9 le minist\u00e8re de l\u2019Int\u00e9rieur dans un communiqu\u00e9 rendu public mardi.<\/p>\n<p>Le minist\u00e8re a pr\u00e9cis\u00e9 que le r\u00e9seau est dirig\u00e9 par un r\u00e9sident de la ville de Msaken, \u00e2g\u00e9 de 40 ans, objet d\u2019un mandat d\u2019arr\u00eat international pour trafic de drogue, coordonnant ses actions avec une personne \u00e0 l\u2019\u00e9tranger.<\/p>\n<p>Il a indiqu\u00e9 que la sous-direction des affaires p\u00e9nales du D\u00e9partement de la police judiciaire, charg\u00e9e de l\u2019enqu\u00eate, a r\u00e9ussi \u00e0 arr\u00eater les deux personnes (deux fr\u00e8res \u00e2g\u00e9s de 21 et 25 ans), affirmant que la perquisition de leur domicile a permis de saisir une somme de 339 215 dinars qui sera d\u00e9pos\u00e9e au tr\u00e9sor public.<\/p>\n<p>Les deux individus arr\u00eat\u00e9s ont avou\u00e9 avoir re\u00e7u le montant du responsable du r\u00e9seau et avoir per\u00e7u de lui des montants similaires, a ajout\u00e9 le minist\u00e8re, notant qu\u2019ils ont \u00e9t\u00e9 plac\u00e9s en garde \u00e0 vue apr\u00e8s consultation du minist\u00e8re public, alors que les investigations se poursuivent pour arr\u00eater les autres membres du r\u00e9seau.<\/p>\n<p class=\"dpsp-share-text\">Partager c&rsquo;est aimer!<\/p>\n<div class=\"wp-post-author-wrap wp-post-author-shortcode left\">\n<h3 class=\"awpa-title\"\/>\n<div class=\"wp-post-author\">\n<div class=\"awpa-img awpa-author-block square\"><a href=\"http:\/\/lexpertjournal.net\/fr\/author\/expert\/\"><img loading=\"lazy\" decoding=\"async\" alt=\"\" src=\"http:\/\/2.gravatar.com\/avatar\/56d99be2a6f97af88ccb49fada637fcd?s=150&#038;d=mm&#038;r=g\" srcset=\"http:\/\/2.gravatar.com\/avatar\/56d99be2a6f97af88ccb49fada637fcd?s=300&#038;d=mm&#038;r=g 2x\" class=\"avatar avatar-150 photo\" height=\"150\" width=\"150\"\/><\/a><\/div>\n<\/div>\n<\/div>\n<p>Auteur: L&rsquo;expert<br \/>\n<a href=\"http:\/\/lexpertjournal.net\/fr\/2019\/09\/25\/le-chef-fait-lobjet-dun-mandat-darret-international-demantelement-dun-reseau-de-trafic-de-visas\/\">Cliquez ici pour lire l&rsquo;article depuis sa source.<\/a><\/p>\n","protected":false},"excerpt":{"rendered":"<p>La sous-direction de la justice p\u00e9nale du d\u00e9partement de la police judiciaire a proc\u00e9d\u00e9 \u00e0 l\u2019arrestation de deux membres d\u2019un r\u00e9seau criminel op\u00e9rant comme interm\u00e9diaire des personnes souhaitant \u00e9migrer en Europe en leur procurant des visas bas\u00e9s sur de faux documents en contrepartie de l\u2019argent, a annonc\u00e9 le minist\u00e8re de l\u2019Int\u00e9rieur dans un communiqu\u00e9 rendu [&hellip;]<\/p>\n","protected":false},"author":1775,"featured_media":0,"comment_status":"closed","ping_status":"closed","sticky":false,"template":"","format":"standard","meta":{"fifu_image_url":"","fifu_image_alt":"","footnotes":""},"categories":[78,55],"tags":[],"class_list":["post-62250","post","type-post","status-publish","format-standard","hentry","category-economie","category-tunisie"],"_links":{"self":[{"href":"https:\/\/linitiative.ca\/International\/wp-json\/wp\/v2\/posts\/62250","targetHints":{"allow":["GET"]}}],"collection":[{"href":"https:\/\/linitiative.ca\/International\/wp-json\/wp\/v2\/posts"}],"about":[{"href":"https:\/\/linitiative.ca\/International\/wp-json\/wp\/v2\/types\/post"}],"author":[{"embeddable":true,"href":"https:\/\/linitiative.ca\/International\/wp-json\/wp\/v2\/users\/1775"}],"replies":[{"embeddable":true,"href":"https:\/\/linitiative.ca\/International\/wp-json\/wp\/v2\/comments?post=62250"}],"version-history":[{"count":0,"href":"https:\/\/linitiative.ca\/International\/wp-json\/wp\/v2\/posts\/62250\/revisions"}],"wp:attachment":[{"href":"https:\/\/linitiative.ca\/International\/wp-json\/wp\/v2\/media?parent=62250"}],"wp:term":[{"taxonomy":"category","embeddable":true,"href":"https:\/\/linitiative.ca\/International\/wp-json\/wp\/v2\/categories?post=62250"},{"taxonomy":"post_tag","embeddable":true,"href":"https:\/\/linitiative.ca\/International\/wp-json\/wp\/v2\/tags?post=62250"}],"curies":[{"name":"wp","href":"https:\/\/api.w.org\/{rel}","templated":true}]}}