{"id":62251,"date":"2019-09-25T11:25:08","date_gmt":"2019-09-25T15:25:08","guid":{"rendered":"https:\/\/linitiative.ca\/International\/premier-tour-de-la-presidentielle-suspicion-dachat-de-voix-a-lariana\/"},"modified":"2019-09-25T11:25:08","modified_gmt":"2019-09-25T15:25:08","slug":"premier-tour-de-la-presidentielle-suspicion-dachat-de-voix-a-lariana","status":"publish","type":"post","link":"https:\/\/linitiative.ca\/International\/premier-tour-de-la-presidentielle-suspicion-dachat-de-voix-a-lariana\/","title":{"rendered":"Premier tour de la pr\u00e9sidentielle : Suspicion d\u2019achat de voix \u00e0 l\u2019Ariana"},"content":{"rendered":"<p>L\u2019Instance r\u00e9gionale ind\u00e9pendante pour les \u00e9lections (IRIE), \u00e0 l\u2019Ariana, a d\u00e9f\u00e9r\u00e9, \u00e0 la justice, un homme, t\u00eate de liste aux l\u00e9gislatives, pour achat de voix au profit d\u2019un candidat \u00e0 la pr\u00e9sidentielle, fait savoir Ridha Guizani, coordinateur de l\u2019IRIE.<\/p>\n<p>Le suspect aurait \u00e9t\u00e9 pris en flagrant d\u00e9lit, par les agents de contr\u00f4le de l\u2019IRIE, dans les environs d\u2019un centre de vote, \u00e0 la circonscription de l\u2019Ariana, le jour du scrutin pour la pr\u00e9sidentielle anticip\u00e9e du 15 septembre 2019.<\/p>\n<p>L\u2019instance ne pr\u00e9cise pas le lieu de l\u2019incident, ni l\u2019identit\u00e9 du suspect, pour respecter le secret de l\u2019instruction.<\/p>\n<p>L\u2019IRIE de l\u2019Ariana a mobilis\u00e9 une cinquantaine d\u2019agents de contr\u00f4le pour surveiller le bon d\u00e9roulement des \u00e9lections.<\/p>\n<p class=\"dpsp-share-text\">Partager c&rsquo;est aimer!<\/p>\n<div class=\"wp-post-author-wrap wp-post-author-shortcode left\">\n<h3 class=\"awpa-title\"\/>\n<div class=\"wp-post-author\">\n<div class=\"awpa-img awpa-author-block square\"><a href=\"http:\/\/lexpertjournal.net\/fr\/author\/expert\/\"><img loading=\"lazy\" decoding=\"async\" alt=\"\" src=\"http:\/\/2.gravatar.com\/avatar\/56d99be2a6f97af88ccb49fada637fcd?s=150&#038;d=mm&#038;r=g\" srcset=\"http:\/\/2.gravatar.com\/avatar\/56d99be2a6f97af88ccb49fada637fcd?s=300&#038;d=mm&#038;r=g 2x\" class=\"avatar avatar-150 photo\" height=\"150\" width=\"150\"\/><\/a><\/div>\n<\/div>\n<\/div>\n<p>Auteur: L&rsquo;expert<br \/>\n<a href=\"http:\/\/lexpertjournal.net\/fr\/2019\/09\/25\/premier-tour-de-la-presidentielle-suspicion-dachat-de-voix-a-lariana\/\">Cliquez ici pour lire l&rsquo;article depuis sa source.<\/a><\/p>\n","protected":false},"excerpt":{"rendered":"<p>L\u2019Instance r\u00e9gionale ind\u00e9pendante pour les \u00e9lections (IRIE), \u00e0 l\u2019Ariana, a d\u00e9f\u00e9r\u00e9, \u00e0 la justice, un homme, t\u00eate de liste aux l\u00e9gislatives, pour achat de voix au profit d\u2019un candidat \u00e0 la pr\u00e9sidentielle, fait savoir Ridha Guizani, coordinateur de l\u2019IRIE. Le suspect aurait \u00e9t\u00e9 pris en flagrant d\u00e9lit, par les agents de contr\u00f4le de l\u2019IRIE, dans [&hellip;]<\/p>\n","protected":false},"author":1775,"featured_media":0,"comment_status":"closed","ping_status":"closed","sticky":false,"template":"","format":"standard","meta":{"fifu_image_url":"","fifu_image_alt":"","footnotes":""},"categories":[78,55],"tags":[],"class_list":["post-62251","post","type-post","status-publish","format-standard","hentry","category-economie","category-tunisie"],"_links":{"self":[{"href":"https:\/\/linitiative.ca\/International\/wp-json\/wp\/v2\/posts\/62251","targetHints":{"allow":["GET"]}}],"collection":[{"href":"https:\/\/linitiative.ca\/International\/wp-json\/wp\/v2\/posts"}],"about":[{"href":"https:\/\/linitiative.ca\/International\/wp-json\/wp\/v2\/types\/post"}],"author":[{"embeddable":true,"href":"https:\/\/linitiative.ca\/International\/wp-json\/wp\/v2\/users\/1775"}],"replies":[{"embeddable":true,"href":"https:\/\/linitiative.ca\/International\/wp-json\/wp\/v2\/comments?post=62251"}],"version-history":[{"count":0,"href":"https:\/\/linitiative.ca\/International\/wp-json\/wp\/v2\/posts\/62251\/revisions"}],"wp:attachment":[{"href":"https:\/\/linitiative.ca\/International\/wp-json\/wp\/v2\/media?parent=62251"}],"wp:term":[{"taxonomy":"category","embeddable":true,"href":"https:\/\/linitiative.ca\/International\/wp-json\/wp\/v2\/categories?post=62251"},{"taxonomy":"post_tag","embeddable":true,"href":"https:\/\/linitiative.ca\/International\/wp-json\/wp\/v2\/tags?post=62251"}],"curies":[{"name":"wp","href":"https:\/\/api.w.org\/{rel}","templated":true}]}}