{"id":62252,"date":"2019-09-25T11:29:44","date_gmt":"2019-09-25T15:29:44","guid":{"rendered":"https:\/\/linitiative.ca\/International\/active-depuis-35-ans-la-chambre-de-commerce-tuniso-belgo-luxembourgeoise-fete-son-anniversaire\/"},"modified":"2019-09-25T11:29:44","modified_gmt":"2019-09-25T15:29:44","slug":"active-depuis-35-ans-la-chambre-de-commerce-tuniso-belgo-luxembourgeoise-fete-son-anniversaire","status":"publish","type":"post","link":"https:\/\/linitiative.ca\/International\/active-depuis-35-ans-la-chambre-de-commerce-tuniso-belgo-luxembourgeoise-fete-son-anniversaire\/","title":{"rendered":"Active depuis 35 ans : La Chambre de Commerce Tuniso-Belgo-Luxembourgeoise f\u00eate son anniversaire"},"content":{"rendered":"<p>A l\u2019occasion de son 35eme anniversaire, la chambre de commerce Tuniso-Belgo-Luxembourgeoise a organis\u00e9, mardi soir, un cocktail dans un h\u00f4tel de la capitale en pr\u00e9sence de Denis Mathen, Gouverneur de la province de Namur ainsi que de Christophe De Bassompierre, nouvel ambassadeur de Belgique en Tunisie et plusieurs personnalit\u00e9s nationales et internationales.<\/p>\n<p>La chambre de commerce Tuniso-Luxembourgeoise a profit\u00e9 de cette c\u00e9r\u00e9monie pour saluer la m\u00e9moire de son pr\u00e9sident fondateur feu Abdellaziz el Matheri, ancien Ministre de l\u2019\u00e9conomie et de feu Robert Urbain, ministre d\u2019Etat belge, ancien pr\u00e9sident d\u2019honneur de la chambre.<\/p>\n<p>Lors de cet \u00e9v\u00e9nement, plusieurs personnalit\u00e9s tunisiennes et belges ont \u00e9t\u00e9 r\u00e9compens\u00e9es pour leur d\u00e9vouement et contribution d\u2019une mani\u00e8re forte au d\u00e9veloppement des relations \u00e9conomiques entre la Tunisie, la Belgique et le Luxembourg.<\/p>\n<p>La chambre de Commerce Tuniso-Belgo-Luxembourgeoise est, depuis des ann\u00e9es, active au Niger et en C\u00f4te d\u2019 Ivoire, surtout dans l\u2019agriculture et l\u2019agro-industrie.<\/p>\n<p class=\"dpsp-share-text\">Partager c&rsquo;est aimer!<\/p>\n<div class=\"wp-post-author-wrap wp-post-author-shortcode left\">\n<h3 class=\"awpa-title\"\/>\n<div class=\"wp-post-author\">\n<div class=\"awpa-img awpa-author-block square\"><a href=\"http:\/\/lexpertjournal.net\/fr\/author\/expert\/\"><img loading=\"lazy\" decoding=\"async\" alt=\"\" src=\"http:\/\/2.gravatar.com\/avatar\/56d99be2a6f97af88ccb49fada637fcd?s=150&#038;d=mm&#038;r=g\" srcset=\"http:\/\/2.gravatar.com\/avatar\/56d99be2a6f97af88ccb49fada637fcd?s=300&#038;d=mm&#038;r=g 2x\" class=\"avatar avatar-150 photo\" height=\"150\" width=\"150\"\/><\/a><\/div>\n<\/div>\n<\/div>\n<p>Auteur: L&rsquo;expert<br \/>\n<a href=\"http:\/\/lexpertjournal.net\/fr\/2019\/09\/25\/active-depuis-35-ans-la-chambre-de-commerce-tuniso-belgo-luxembourgeoise-fete-son-anniversaire\/\">Cliquez ici pour lire l&rsquo;article depuis sa source.<\/a><\/p>\n","protected":false},"excerpt":{"rendered":"<p>A l\u2019occasion de son 35eme anniversaire, la chambre de commerce Tuniso-Belgo-Luxembourgeoise a organis\u00e9, mardi soir, un cocktail dans un h\u00f4tel de la capitale en pr\u00e9sence de Denis Mathen, Gouverneur de la province de Namur ainsi que de Christophe De Bassompierre, nouvel ambassadeur de Belgique en Tunisie et plusieurs personnalit\u00e9s nationales et internationales. La chambre de [&hellip;]<\/p>\n","protected":false},"author":1775,"featured_media":0,"comment_status":"closed","ping_status":"closed","sticky":false,"template":"","format":"standard","meta":{"fifu_image_url":"","fifu_image_alt":"","footnotes":""},"categories":[78,55],"tags":[],"class_list":["post-62252","post","type-post","status-publish","format-standard","hentry","category-economie","category-tunisie"],"_links":{"self":[{"href":"https:\/\/linitiative.ca\/International\/wp-json\/wp\/v2\/posts\/62252","targetHints":{"allow":["GET"]}}],"collection":[{"href":"https:\/\/linitiative.ca\/International\/wp-json\/wp\/v2\/posts"}],"about":[{"href":"https:\/\/linitiative.ca\/International\/wp-json\/wp\/v2\/types\/post"}],"author":[{"embeddable":true,"href":"https:\/\/linitiative.ca\/International\/wp-json\/wp\/v2\/users\/1775"}],"replies":[{"embeddable":true,"href":"https:\/\/linitiative.ca\/International\/wp-json\/wp\/v2\/comments?post=62252"}],"version-history":[{"count":0,"href":"https:\/\/linitiative.ca\/International\/wp-json\/wp\/v2\/posts\/62252\/revisions"}],"wp:attachment":[{"href":"https:\/\/linitiative.ca\/International\/wp-json\/wp\/v2\/media?parent=62252"}],"wp:term":[{"taxonomy":"category","embeddable":true,"href":"https:\/\/linitiative.ca\/International\/wp-json\/wp\/v2\/categories?post=62252"},{"taxonomy":"post_tag","embeddable":true,"href":"https:\/\/linitiative.ca\/International\/wp-json\/wp\/v2\/tags?post=62252"}],"curies":[{"name":"wp","href":"https:\/\/api.w.org\/{rel}","templated":true}]}}