{"id":62253,"date":"2019-09-25T13:04:26","date_gmt":"2019-09-25T17:04:26","guid":{"rendered":"https:\/\/linitiative.ca\/International\/17eme-journee-cinematographiques-the-vice-of-hope-de-litalien-edouardo-de-angelis-a-lecran-a-bejaia\/"},"modified":"2019-09-25T13:04:26","modified_gmt":"2019-09-25T17:04:26","slug":"17eme-journee-cinematographiques-the-vice-of-hope-de-litalien-edouardo-de-angelis-a-lecran-a-bejaia","status":"publish","type":"post","link":"https:\/\/linitiative.ca\/International\/17eme-journee-cinematographiques-the-vice-of-hope-de-litalien-edouardo-de-angelis-a-lecran-a-bejaia\/","title":{"rendered":"17eme journ\u00e9e cin\u00e9matographiques : \u00ab\u00a0The vice of hope\u00a0\u00bb de l&rsquo;italien Edouardo de Angelis \u00e0 l&rsquo;\u00e9cran \u00e0 Bejaia"},"content":{"rendered":"<div>\n<div class=\"K2FeedImage\"><img decoding=\"async\" src=\"http:\/\/www.aps.dz\/media\/k2\/items\/cache\/561823472520d6459b3a2e23be7b1458_S.jpg\" alt=\"17eme journ\u00e9e cin\u00e9matographiques : \" the vice of hope de l edouardo angelis bejaia><\/div>\n<div class=\"K2FeedIntroText\">\n<p><strong>BEJAIA- Le film \u00ab\u00a0The vice of hope\u00a0\u00bb (le vice de l&rsquo;espoir) de l\u2019Italien Edouardo De Ang\u00e9lis, port\u00e9 \u00e0 l\u2019\u00e9cran de la cin\u00e9math\u00e8que de Bejaia mardi soir, a r\u00e9sonn\u00e9 tel un hymne \u00e0 la vie et fait l\u2019effet d\u2019un pied de nez \u00e0 la fatalit\u00e9 et au renoncement de soi. L\u2019\u0153uvre, bien qu\u2019enchainant les sc\u00e8nes m\u00e9lodramatiques, qui logiquement devaient se terminer sur un drame, chute miraculeusement sur une naissance et des esp\u00e9rances, consacrant la victoire troublante de la vie sur la mort.<\/strong><\/p>\n<\/div>\n<div class=\"K2FeedFullText\">\n<p>Elle narre l&rsquo;histoire de Maria (Pino Turco), qui gal\u00e8re au quotidien \u00e0 la p\u00e9riph\u00e9rie de Naples, pr\u00e9sent\u00e9 comme un lieu de non droit. Maria est impliqu\u00e9e dans un r\u00e9seau de prostitution et de trafics de b\u00e9b\u00e9s. Elle travaille pour une patronne, qui exploite des migrantes africaines, oblig\u00e9es \u00e0 \u00ab\u00a0faire\u00a0\u00bb des enfants, revendus au terme de leurs grossesses \u00e0 des parents adoptifs, moyennant de grosses sommes d\u2019argent.<\/p>\n<p>Sa mission consiste \u00e0 transporter, pour des raisons de discr\u00e9tion, donc de s\u00e9curit\u00e9, des femmes enceintes d\u2019une rive \u00e0 une du fleuve Volturno s\u2019 y trouvant et \u00e0 les installer dans des baraquements de fortune pour y accoucher dans l\u2019anonymat. Un emploi, qui la mettait \u00e0 l\u2019abri du besoin \u00e9l\u00e9mentaire. Mais, elle n\u2019en tirait aucun surplus, allant jusqu\u2019\u00e0 se prostituer \u00e0 l\u2019occasion pour joindre les deux bouts.<\/p>\n<p>Malheureusement, elle tombe enceinte \u00e0 son tour, au grand bonheur de sa patronne, qui y trouve l\u00e0 une opportunit\u00e9 de gagner quelques billets en projetant de vendre, \u00e0 terme, l&rsquo;enfant en gestation. Pour contrarier ce projet, Maria s\u2019enfuie. Seulement, faute de moyens et de soutien humain fiable et viable, elle retourne au bercail toute r\u00e9sign\u00e9e \u00e0 abandonner son enfant.<\/p>\n<hr>\n<p>Lire aussi : <a href=\"http:\/\/www.aps.dz\/culture\/94752-meriem-achour-bouakkaz-chauffe-avec-nar-feu-la-cinematheque-de-bejaia\">Meriem Achour Bouakkaz chauffe avec \u00ab\u00a0Nar\u00a0\u00bb (feu) la cin\u00e9math\u00e8que de Bejaia<\/a><\/p>\n<hr>\n<p>Rapidement, cependant, elle se ressaisie et va demander de l\u2019aide \u00e0 un vieil homme, qu\u2019elle sollicite pour qu\u2019il adopte l\u2019enfant, \u00e9tant convaincue de mourir \u00e0 l\u2019accouchement. Mais, comme par miracle, elle et son enfant se sortent d\u2019affaire. La fin est absolument stup\u00e9fiante d\u2019\u00e9motion.<\/p>\n<p>Le film a \u00e9t\u00e9 projet\u00e9 dans le cadre des 17emes rencontres cin\u00e9matographiques de Bejaia.<\/p>\n<p>Il inaugure le retour des journ\u00e9es du film europ\u00e9en, en Alg\u00e9rie, pr\u00e9vues du 24 septembre \u00e0 novembre prochain. Le coup d\u2019envoi donn\u00e9 a \u00e9t\u00e9 donn\u00e9 mardi par l\u2019ambassadeur d\u2019Italie en Alg\u00e9rie, Pasquale Ferrara.<\/p>\n<\/div>\n<\/div>\n<p>Auteur:<br \/>\n<a href=\"http:\/\/www.aps.dz\/culture\/94792-17eme-journee-cinematographiques-the-vice-of-hope-de-l-italien-edouardo-de-angelis-a-l-ecran-a-bejaia\">Cliquez ici pour lire l&rsquo;article depuis sa source.<\/a><\/p>\n","protected":false},"excerpt":{"rendered":"<p>BEJAIA- Le film \u00ab\u00a0The vice of hope\u00a0\u00bb (le vice de l&rsquo;espoir) de l\u2019Italien Edouardo De Ang\u00e9lis, port\u00e9 \u00e0 l\u2019\u00e9cran de la cin\u00e9math\u00e8que de Bejaia mardi soir, a r\u00e9sonn\u00e9 tel un hymne \u00e0 la vie et fait l\u2019effet d\u2019un pied de nez \u00e0 la fatalit\u00e9 et au renoncement de soi. L\u2019\u0153uvre, bien qu\u2019enchainant les sc\u00e8nes m\u00e9lodramatiques, [&hellip;]<\/p>\n","protected":false},"author":1790,"featured_media":62254,"comment_status":"closed","ping_status":"closed","sticky":false,"template":"","format":"standard","meta":{"fifu_image_url":"","fifu_image_alt":"","footnotes":""},"categories":[53,79],"tags":[],"class_list":["post-62253","post","type-post","status-publish","format-standard","has-post-thumbnail","hentry","category-algerie","category-culture"],"_links":{"self":[{"href":"https:\/\/linitiative.ca\/International\/wp-json\/wp\/v2\/posts\/62253","targetHints":{"allow":["GET"]}}],"collection":[{"href":"https:\/\/linitiative.ca\/International\/wp-json\/wp\/v2\/posts"}],"about":[{"href":"https:\/\/linitiative.ca\/International\/wp-json\/wp\/v2\/types\/post"}],"author":[{"embeddable":true,"href":"https:\/\/linitiative.ca\/International\/wp-json\/wp\/v2\/users\/1790"}],"replies":[{"embeddable":true,"href":"https:\/\/linitiative.ca\/International\/wp-json\/wp\/v2\/comments?post=62253"}],"version-history":[{"count":0,"href":"https:\/\/linitiative.ca\/International\/wp-json\/wp\/v2\/posts\/62253\/revisions"}],"wp:featuredmedia":[{"embeddable":true,"href":"https:\/\/linitiative.ca\/International\/wp-json\/"}],"wp:attachment":[{"href":"https:\/\/linitiative.ca\/International\/wp-json\/wp\/v2\/media?parent=62253"}],"wp:term":[{"taxonomy":"category","embeddable":true,"href":"https:\/\/linitiative.ca\/International\/wp-json\/wp\/v2\/categories?post=62253"},{"taxonomy":"post_tag","embeddable":true,"href":"https:\/\/linitiative.ca\/International\/wp-json\/wp\/v2\/tags?post=62253"}],"curies":[{"name":"wp","href":"https:\/\/api.w.org\/{rel}","templated":true}]}}