{"id":62261,"date":"2019-09-25T12:40:00","date_gmt":"2019-09-25T16:40:00","guid":{"rendered":"https:\/\/linitiative.ca\/International\/mise-en-liberte-provisoire-de-karim-tabbou\/"},"modified":"2019-09-25T12:40:00","modified_gmt":"2019-09-25T16:40:00","slug":"mise-en-liberte-provisoire-de-karim-tabbou","status":"publish","type":"post","link":"https:\/\/linitiative.ca\/International\/mise-en-liberte-provisoire-de-karim-tabbou\/","title":{"rendered":"Mise en libert\u00e9 provisoire de Karim Tabbou"},"content":{"rendered":"<div id=\"originalText\" readability=\"36\">\n<p>Karim Tabbou, coordinateur national du parti non-agr\u00e9\u00e9 de l\u2019Union d\u00e9mocratique et sociale (UDS), a \u00e9t\u00e9 remis en libert\u00e9 ce mercredi 25 septembre 2019 par la chambre d&rsquo;accusation de la cour de Tipasa.<\/p>\n<p class=\"c10\"><strong>R\u00e9daction Web<\/strong><\/p>\n<\/div>\n<div id=\"text_core\" readability=\"36\">\n<p>Karim Tabbou, coordinateur national du parti non-agr\u00e9\u00e9 de l\u2019Union d\u00e9mocratique et sociale (UDS), a \u00e9t\u00e9 remis en libert\u00e9 ce mercredi 25 septembre 2019 par la chambre d&rsquo;accusation de la cour de Tipasa.<\/p>\n<p class=\"c10\"><strong>R\u00e9daction Web<\/strong><\/p>\n<\/div>\n<p>Auteur:<br \/>\n<a href=\"https:\/\/www.liberte-algerie.com\/actualite\/mise-en-liberte-provisoire-de-karim-tabbou-324695\">Cliquez ici pour lire l&rsquo;article depuis sa source.<\/a><\/p>\n","protected":false},"excerpt":{"rendered":"<p>Karim Tabbou, coordinateur national du parti non-agr\u00e9\u00e9 de l\u2019Union d\u00e9mocratique et sociale (UDS), a \u00e9t\u00e9 remis en libert\u00e9 ce mercredi 25 septembre 2019 par la chambre d&rsquo;accusation de la cour de Tipasa. R\u00e9daction Web Karim Tabbou, coordinateur national du parti non-agr\u00e9\u00e9 de l\u2019Union d\u00e9mocratique et sociale (UDS), a \u00e9t\u00e9 remis en libert\u00e9 ce mercredi 25 [&hellip;]<\/p>\n","protected":false},"author":1742,"featured_media":0,"comment_status":"closed","ping_status":"closed","sticky":false,"template":"","format":"standard","meta":{"fifu_image_url":"","fifu_image_alt":"","footnotes":""},"categories":[73,53],"tags":[],"class_list":["post-62261","post","type-post","status-publish","format-standard","hentry","category-actualite","category-algerie"],"_links":{"self":[{"href":"https:\/\/linitiative.ca\/International\/wp-json\/wp\/v2\/posts\/62261","targetHints":{"allow":["GET"]}}],"collection":[{"href":"https:\/\/linitiative.ca\/International\/wp-json\/wp\/v2\/posts"}],"about":[{"href":"https:\/\/linitiative.ca\/International\/wp-json\/wp\/v2\/types\/post"}],"author":[{"embeddable":true,"href":"https:\/\/linitiative.ca\/International\/wp-json\/wp\/v2\/users\/1742"}],"replies":[{"embeddable":true,"href":"https:\/\/linitiative.ca\/International\/wp-json\/wp\/v2\/comments?post=62261"}],"version-history":[{"count":0,"href":"https:\/\/linitiative.ca\/International\/wp-json\/wp\/v2\/posts\/62261\/revisions"}],"wp:attachment":[{"href":"https:\/\/linitiative.ca\/International\/wp-json\/wp\/v2\/media?parent=62261"}],"wp:term":[{"taxonomy":"category","embeddable":true,"href":"https:\/\/linitiative.ca\/International\/wp-json\/wp\/v2\/categories?post=62261"},{"taxonomy":"post_tag","embeddable":true,"href":"https:\/\/linitiative.ca\/International\/wp-json\/wp\/v2\/tags?post=62261"}],"curies":[{"name":"wp","href":"https:\/\/api.w.org\/{rel}","templated":true}]}}