{"id":62263,"date":"2019-09-25T05:36:45","date_gmt":"2019-09-25T09:36:45","guid":{"rendered":"https:\/\/linitiative.ca\/International\/lever-de-rideau-sur-le-6e-festival-du-malhoun\/"},"modified":"2019-09-25T05:36:45","modified_gmt":"2019-09-25T09:36:45","slug":"lever-de-rideau-sur-le-6e-festival-du-malhoun","status":"publish","type":"post","link":"https:\/\/linitiative.ca\/International\/lever-de-rideau-sur-le-6e-festival-du-malhoun\/","title":{"rendered":"Lever de rideau sur le 6\u00e8 Festival du Malhoun"},"content":{"rendered":"<div readability=\"39\">\n<p>Marrakech- Le coup d\u2019envoi de la 6\u00e8 \u00e9dition du Festival du chant Malhoun et de la chanson patriotique, a \u00e9t\u00e9 donn\u00e9 mardi soir, au Th\u00e9\u00e2tre Royal \u00e0 Marrakech, avec une soir\u00e9e musicale riche en couleurs marqu\u00e9e par la participation distingu\u00e9e d\u2019un groupe musical r\u00e9unissant une palette de chanteurs, ainsi que de musiciens de diff\u00e9rents horizons.<\/p>\n<\/div>\n<div readability=\"107\">\n<p>Le groupe conduit par le maestro Cheikh Hajj Mhamed Melhouni a enchant\u00e9 le public, venu en grand nombre, en l\u2019emportant dans un voyage musical sublime au c\u0153ur de ce patrimoine musical populaire.<\/p>\n<p>Ce groupe a revisit\u00e9, le temps d\u2019une soir\u00e9e, de nombreux morceaux populaires de la musique malhoun, dont les paroles traitent des th\u00e9matiques se rapportant\u00a0 \u00e0 l\u2019amour de Dieu et du Proph\u00e8te, l\u2019amour et les femmes, mais aussi des Qassidas au ton burlesque et l\u00e9ger et \u00e0 connotations satiriques comme celle de \u00ab\u00a0la dispute de la guedra et de la cocotte minute\u00a0\u00bb, qui ont r\u00e9ussi \u00e0 dessiner un grand et large sourire sur les visages de tous les spectateurs.<\/p>\n<p>L\u2019un des moments forts de cette soir\u00e9e fut le vibrant hommage rendu \u00e0 Abdelaziz Benabdeljalil, chercheur marocain en musicologie qui a vou\u00e9 sa vie \u00e0 la promotion de ce genre musical.<\/p>\n<p>Ce chercheur, membre de l\u2019Acad\u00e9mie arabe pour la musique relevant de la Ligue arabe, a r\u00e9alis\u00e9 une cinquantaine de travaux de recherche dans le champ musical.<\/p>\n<p>Un autre hommage a \u00e9t\u00e9 aussi rendu \u00e0 l\u2019un des violonistes les plus virtuoses au Maroc, l\u2019artiste Mohamed El Ouali.<\/p>\n<p>Dans une d\u00e9claration \u00e0 la MAP, le directeur artistique du festival, Anass Melhouni, a indiqu\u00e9 que cette manifestation vise \u00e0 pr\u00e9server l\u2019un des genres musicaux les plus repr\u00e9sentatifs de la richesse de la culture marocaine.<\/p>\n<p>Et de noter que l\u2019Association \u00ab\u00a0Cheikh Jilali Mthired\u00a0\u00bb a pour vocation principale la conservation et la sauvegarde du malhoun, d\u2019autant plus que\u00a0Marrakech\u00a0constitue un v\u00e9ritable embl\u00e8me dans le r\u00e9pertoire de ce patrimoine musical ancestral.<\/p>\n<p>Plac\u00e9e sous le Haut Patronage de SM le Roi Mohammed VI, la 6\u00e8me \u00e9dition du Festival du chant Malhoun et de la chanson patriotique, d\u00e9di\u00e9e au chercheur Abdelaziz Ben Abdeljalil, propose une programmation riche et diversifi\u00e9e, ponctu\u00e9e de soir\u00e9es musicales, d\u2019expositions d\u2019arts plastiques, de colloques, de publications scientifiques et d\u2019hommages \u00e0 plusieurs personnalit\u00e9s du monde de la pens\u00e9e, de la science et de l\u2019art.<\/p>\n<p>Initi\u00e9 par l\u2019Association \u00ab\u00a0Cheikh Jilali Mtired\u00a0\u00bb en partenariat avec le Conseil communal de la ville de\u00a0Marrakech, le minist\u00e8re de la Culture et de la Communication, le Conseil r\u00e9gional de\u00a0Marrakech-Safi, la wilaya de la r\u00e9gion et certaines institutions locales, cet \u00e9v\u00e9nement artistique, qui co\u00efncide avec le 51\u00e8me anniversaire de la cr\u00e9ation de l\u2019Association, sera aussi une occasion pour le public d\u2019assister \u00e0 plusieurs soir\u00e9es musicales au Th\u00e9\u00e2tre Royal, qui seront anim\u00e9es notamment par la troupe nationale de l\u2019art du Malhoun, dirig\u00e9e par Mohamed El Ouali, des Mounchidines, pour le grand plaisir des f\u00e9rus de l\u2019art du Madih et Sama\u00e2, une pl\u00e9iade de stars de la chanson marocaine moderne et de nombreux musiciens venus de diff\u00e9rentes villes du Royaume.<\/p>\n<p>Le programme de cette manifestation culturelle comprend, \u00e9galement, l\u2019organisation d\u2019une soir\u00e9e de l\u2019art du Malhoun et des rythmes populaires de\u00a0Marrakech\u00a0au profit des r\u00e9sidents de \u00ab\u00a0Dar El-Hayat\u00a0\u00bb, \u00e0 l\u2019occasion de la c\u00e9l\u00e9bration de la f\u00eate de Achoura.<\/p>\n<\/div>\n<p>Auteur: Mohammed KOURSI<br \/>\n<a href=\"http:\/\/www.mapmarrakech.ma\/fr\/lever-de-rideau-sur-le-6e-festival-du-malhoun\/\">Cliquez ici pour lire l&rsquo;article depuis sa source.<\/a><\/p>\n","protected":false},"excerpt":{"rendered":"<p>Marrakech- Le coup d\u2019envoi de la 6\u00e8 \u00e9dition du Festival du chant Malhoun et de la chanson patriotique, a \u00e9t\u00e9 donn\u00e9 mardi soir, au Th\u00e9\u00e2tre Royal \u00e0 Marrakech, avec une soir\u00e9e musicale riche en couleurs marqu\u00e9e par la participation distingu\u00e9e d\u2019un groupe musical r\u00e9unissant une palette de chanteurs, ainsi que de musiciens de diff\u00e9rents horizons. [&hellip;]<\/p>\n","protected":false},"author":1788,"featured_media":0,"comment_status":"closed","ping_status":"closed","sticky":false,"template":"","format":"standard","meta":{"fifu_image_url":"","fifu_image_alt":"","footnotes":""},"categories":[54,76],"tags":[],"class_list":["post-62263","post","type-post","status-publish","format-standard","hentry","category-maroc","category-regions"],"_links":{"self":[{"href":"https:\/\/linitiative.ca\/International\/wp-json\/wp\/v2\/posts\/62263","targetHints":{"allow":["GET"]}}],"collection":[{"href":"https:\/\/linitiative.ca\/International\/wp-json\/wp\/v2\/posts"}],"about":[{"href":"https:\/\/linitiative.ca\/International\/wp-json\/wp\/v2\/types\/post"}],"author":[{"embeddable":true,"href":"https:\/\/linitiative.ca\/International\/wp-json\/wp\/v2\/users\/1788"}],"replies":[{"embeddable":true,"href":"https:\/\/linitiative.ca\/International\/wp-json\/wp\/v2\/comments?post=62263"}],"version-history":[{"count":0,"href":"https:\/\/linitiative.ca\/International\/wp-json\/wp\/v2\/posts\/62263\/revisions"}],"wp:attachment":[{"href":"https:\/\/linitiative.ca\/International\/wp-json\/wp\/v2\/media?parent=62263"}],"wp:term":[{"taxonomy":"category","embeddable":true,"href":"https:\/\/linitiative.ca\/International\/wp-json\/wp\/v2\/categories?post=62263"},{"taxonomy":"post_tag","embeddable":true,"href":"https:\/\/linitiative.ca\/International\/wp-json\/wp\/v2\/tags?post=62263"}],"curies":[{"name":"wp","href":"https:\/\/api.w.org\/{rel}","templated":true}]}}