{"id":62266,"date":"2019-09-25T11:03:52","date_gmt":"2019-09-25T15:03:52","guid":{"rendered":"https:\/\/linitiative.ca\/International\/ouverture-du-mebaa-show-morocco-2019\/"},"modified":"2019-09-25T11:03:52","modified_gmt":"2019-09-25T15:03:52","slug":"ouverture-du-mebaa-show-morocco-2019","status":"publish","type":"post","link":"https:\/\/linitiative.ca\/International\/ouverture-du-mebaa-show-morocco-2019\/","title":{"rendered":"Ouverture du \u00ab\u00a0MEBAA Show Morocco 2019\u00a0\u00bb"},"content":{"rendered":"<p>La c\u00e9r\u00e9monie d\u2019ouverture de ce Salon s\u2019est d\u00e9roul\u00e9e en pr\u00e9sence du ministre du Tourisme, du Transport a\u00e9rien, de l\u2019Artisanat et de l\u2019Economie sociale, Mohamed Sajid, du Fondateur et Pr\u00e9sident ex\u00e9cutif de l\u2019Association de l\u2019Aviation Priv\u00e9e et l\u2019Aviation d\u2019Affaires au Moyen-Orient et en Afrique du Nord (MEBAA), Ali Ahmed Alnaqbi, du Directeur g\u00e9n\u00e9ral de l\u2019Office National des A\u00e9roports (ONDA), Mohammed Zouhair El Aoufir, du Wali de la r\u00e9gion de\u00a0Marrakech-Safi, gouverneur de la pr\u00e9fecture de\u00a0Marrakech, Karim Kassi-Lahlou, du pr\u00e9sident du conseil communal de\u00a0Marrakech, Larbi Belca\u00efd, et d\u2019autres personnalit\u00e9s civiles et militaires.<\/p>\n<p>Organis\u00e9e sous le Haut Patronage de SM le Roi Mohammed VI par \u00ab\u00a0MEBAA\u00a0\u00bb en partenariat avec l\u2019ONDA et le minist\u00e8re du Tourisme, du Transport a\u00e9rien, de l\u2019Artisanat et de l\u2019Economie sociale, cette manifestation, destin\u00e9e aux professionnels de l\u2019aviation d\u2019affaires, se tient tous les deux ans, en alternance avec le \u00ab\u00a0MEBAA Show de Duba\u00ef\u00a0\u00bb, aux Emirats Arabes Unis.<\/p>\n<p>Erig\u00e9 sur une superficie de 32.000 M2 sur l\u2019aire de trafic de la plateforme a\u00e9ronautique de la Base Ecole des Forces Royales Air (BEFRA) \u00e0 l\u2019a\u00e9roport de\u00a0Marrakech-Menara, ce Salon offrira aux visiteurs l\u2019opportunit\u00e9 de d\u00e9couvrir les exposants et op\u00e9rateurs dans le domaine de l\u2019aviation priv\u00e9e, dont \u00ab\u00a0Air Ocean Maroc\u00a0\u00bb (soci\u00e9t\u00e9 marocaine d\u2019aviation priv\u00e9e), \u00ab\u00a0Sarah Airways\u00a0\u00bb (soci\u00e9t\u00e9 marocaine d\u2019aviation priv\u00e9e), deux FBO (Fixed Base Operator) concessionnaires de l\u2019activit\u00e9 de l\u2019aviation d\u2019affaires aux a\u00e9roports du Royaume \u00e0 savoir \u00ab\u00a0JETEX\u00a0\u00bb et \u00ab\u00a0Swissport Executive Maroc\u00a0\u00bb, qui sont des op\u00e9rateurs sp\u00e9cialis\u00e9s dans le traitement des jets priv\u00e9s, disposant de terminaux et d\u2019\u00e9quipements pour fournir des services sur mesures aux voyageurs d\u2019affaires, sans oublier, entre autres, \u00ab\u00a0Amac Aerospace\u00a0\u00bb, \u00ab\u00a0Carthage Sky Services\u00a0\u00bb et \u00ab\u00a0Bell\u00a0\u00bb.<\/p>\n<p>Ce Salon, de deux jours, conna\u00eet aussi la participation de m\u00e9dias internationaux sp\u00e9cialis\u00e9s dans le domaine notamment \u00ab\u00a0Arabian Aerospace\u00a0\u00bb, \u00ab\u00a0African Aerospace\u00a0\u00bb et \u00ab\u00a0Flight Global\u00a0\u00bb.<\/p>\n<p>Dans une d\u00e9claration \u00e0 la presse \u00e0 cette occasion, M. Sajid s\u2019est f\u00e9licit\u00e9 de l\u2019organisation de cette manifestation, qui en est \u00e0 sa 3\u00e8me \u00e9dition au Maroc, ajoutant que le secteur de l\u2019aviation d\u2019affaires conna\u00eet \u00ab\u00a0une nette \u00e9volution dans le monde en g\u00e9n\u00e9ral et dans le Royaume en particulier\u00a0\u00bb.<\/p>\n<p>\u00ab\u00a0Notre d\u00e9partement est soucieux de voir se d\u00e9velopper ce genre d\u2019activit\u00e9s au Maroc et nous constatons la cr\u00e9ation d\u2019un certain nombre de soci\u00e9t\u00e9s qui op\u00e8rent aujourd\u2019hui dans ce cr\u00e9neau d\u2019activit\u00e9s de l\u2019aviation d\u2019affaires\u00a0\u00bb, s\u2019est-il r\u00e9joui.<\/p>\n<p>Et le ministre de faire remarquer que le Royaume conna\u00eet, au niveau du secteur de l\u2019aviation, un d\u00e9veloppement \u00ab\u00a0consid\u00e9rable\u00a0\u00bb depuis la signature des accords de \u00ab\u00a0l\u2019Open Sky\u00a0\u00bb \u00e0 la fois avec l\u2019Union Europ\u00e9enne et les Etats-Unis, ce qui a permis, a-t-il expliqu\u00e9, de voir certaines compagnies importantes \u00ab\u00a0op\u00e9rer aujourd\u2019hui au Maroc et desservir nos principales destinations touristiques\u00a0\u00bb.<\/p>\n<p>Dans une d\u00e9claration similaire, M. Alnaqbi a, de son c\u00f4t\u00e9, dit toute sa joie et sa fiert\u00e9 de se retrouver dans la cit\u00e9 ocre pour le \u00ab\u00a0MEBAA Show Morocco 2019\u00a0\u00bb, apr\u00e8s le succ\u00e8s des deux pr\u00e9c\u00e9dentes \u00e9ditions organis\u00e9es \u00e0 Casablanca (2015) et \u00e0\u00a0Marrakech\u00a0(2017).<\/p>\n<p>Il a, dans ce sens, affirm\u00e9 que l\u2019Association de l\u2019Aviation Priv\u00e9e et l\u2019Aviation d\u2019Affaires au Moyen-Orient et en Afrique du Nord s\u2019est engag\u00e9e \u00e0 soutenir et \u00e0 appuyer le march\u00e9 de l\u2019aviation d\u2019affaires au Maroc et \u00e0 promouvoir\u00a0Marrakech\u00a0en tant que destination touristique de premier plan pour le d\u00e9veloppement de ce segment de l\u2019aviation.<\/p>\n<p>Soulignant le positionnement g\u00e9ostrat\u00e9gique du Maroc, en g\u00e9n\u00e9ral, et de la ville de\u00a0Marrakech, en particulier, \u00e0 m\u00eame d\u2019\u00eatre des destinations pris\u00e9es, M. Alnaqbi a expliqu\u00e9 que \u00ab\u00a0MEBAA\u00a0\u00bb a d\u00e9cid\u00e9 que la cit\u00e9 ocre abrite en alternance avec la ville de Duba\u00ef ce genre de Salons.<\/p>\n<p>\u00ab\u00a0C\u2019est un salon tr\u00e8s r\u00e9ussi et nous comptons le rendre encore plus grand dans les prochaines ann\u00e9es afin qu\u2019il puisse occuper la place qui lui \u00e9choit sur le calendrier des grandes manifestations internationales similaires\u00a0\u00bb, a-t-il encha\u00een\u00e9.<\/p>\n<p>Et de conclure que ce genre de Salons contribuent significativement \u00e0 l\u2019attraction des investissements et \u00e0 la mise en lumi\u00e8re des potentialit\u00e9s et des atouts dont jouit le Maroc en tant qu\u2019acteur agissant et actif en mati\u00e8re de d\u00e9veloppement du secteur de l\u2019aviation d\u2019affaires.<\/p>\n<p>Dans le m\u00eame ordre d\u2019id\u00e9es, M. El Aoufir s\u2019est, lui aussi, f\u00e9licit\u00e9 du grand succ\u00e8s que conna\u00eet ce Salon d\u00e9di\u00e9 \u00e0 l\u2019aviation d\u2019affaires, initi\u00e9 en partenariat avec \u00ab\u00a0MEBAA\u00a0\u00bb qui organise aussi, tous les deux ans, \u00e0 Duba\u00ef, l\u2019un des trois plus grands \u00e9v\u00e9nements mondiaux dans ce domaine \u00e0 savoir le \u00ab\u00a0MEBAA Show Duba\u00ef\u00a0\u00bb.<\/p>\n<p>\u00ab\u00a0Nous sommes heureux de ce succ\u00e8s parce qu\u2019il y a un grand potentiel pour ce domaine dans notre pays\u00a0\u00bb, a-t-il soutenu.<\/p>\n<p>\u00ab\u00a0Nous enregistrons une belle croissance au niveau de plusieurs a\u00e9roports et nous voulons aboutir \u00e0 une croissance encore plus importante par des actions sp\u00e9cifiques de la part d\u2019institutions telles que l\u2019ONDA ou des d\u00e9partements minist\u00e9riels qui permettront la promotion et le d\u00e9veloppement de ce secteur\u00a0\u00bb, a-t-il dit.<\/p>\n<p>Dans ce cadre, M. El Aoufir a expliqu\u00e9 qu\u2019il y a un grand projet qui \u00ab\u00a0permettra de transformer l\u2019a\u00e9roport de Tit Mellil en une structure a\u00e9roportuaire sp\u00e9cialement d\u00e9di\u00e9e \u00e0 l\u2019aviation d\u2019affaires et qui en ferait un cas unique en Afrique du Nord et probablement en Afrique en termes d\u2019a\u00e9roports d\u00e9di\u00e9s \u00e0 l\u2019aviation d\u2019affaires\u00a0\u00bb.<\/p>\n<p>\u00ab\u00a0Nous allons r\u00e9aliser ce projet de grande envergure dans le cadre d\u2019un partenariat public-priv\u00e9. Nous sommes aujourd\u2019hui \u00e0 la derni\u00e8re phase du road-show et de la recherche d\u2019investisseurs pour cette opportunit\u00e9 majeure\u00a0\u00bb, a-t-il poursuivi, tout en mettant l\u2019accent sur l\u2019importance accord\u00e9e \u00e0 l\u2019a\u00e9ronautique et au transport a\u00e9rien au niveau du Royaume et \u00ab\u00a0le r\u00f4le que nous jouons d\u00e9j\u00e0 aujourd\u2019hui comme plate-forme leader en termes d\u2019industrie a\u00e9ronautique ou de transport a\u00e9rien dans la r\u00e9gion\u00a0\u00bb.<\/p>\n<p>Fond\u00e9e en 2006, \u00ab\u00a0MEBAA\u00a0\u00bb est une association \u00e0 but non lucratif, cr\u00e9\u00e9e pour repr\u00e9senter les acteurs de l\u2019aviation d\u2019affaires et de l\u2019aviation priv\u00e9e dans la zone du Moyen Orient et de l\u2019Afrique du Nord (MENA).<\/p>\n<p>Membre de l\u2019IBAC (International Business Aviation Council), elle a pour mission d\u2019offrir aux op\u00e9rateurs de l\u2019aviation d\u2019affaires dans la r\u00e9gion MENA une plateforme d\u2019\u00e9change, de concertation et de communication, pour comprendre et communiquer les besoins et les int\u00e9r\u00eats des op\u00e9rateurs de ce secteur \u00e0 fort potentiel de d\u00e9veloppement.<\/p>\n<p>Aujourd\u2019hui, elle repr\u00e9sente plus de 270 entreprises dans la r\u00e9gion MENA et met \u00e0 la disposition de ses membres de nombreux produits et services, dont \u00ab\u00a0MAIS\u00a0\u00bb (MEBAA Aviation Insurance Scheme), une assurance d\u00e9di\u00e9e aux op\u00e9rateurs de ce secteur.<\/p>\n<p>Auteur: Mohammed KOURSI<br \/>\n<a href=\"http:\/\/www.mapmarrakech.ma\/fr\/ouverture-du-mebaa-show-morocco-2019\/\">Cliquez ici pour lire l&rsquo;article depuis sa source.<\/a><\/p>\n","protected":false},"excerpt":{"rendered":"<p>La c\u00e9r\u00e9monie d\u2019ouverture de ce Salon s\u2019est d\u00e9roul\u00e9e en pr\u00e9sence du ministre du Tourisme, du Transport a\u00e9rien, de l\u2019Artisanat et de l\u2019Economie sociale, Mohamed Sajid, du Fondateur et Pr\u00e9sident ex\u00e9cutif de l\u2019Association de l\u2019Aviation Priv\u00e9e et l\u2019Aviation d\u2019Affaires au Moyen-Orient et en Afrique du Nord (MEBAA), Ali Ahmed Alnaqbi, du Directeur g\u00e9n\u00e9ral de l\u2019Office National [&hellip;]<\/p>\n","protected":false},"author":1788,"featured_media":0,"comment_status":"closed","ping_status":"closed","sticky":false,"template":"","format":"standard","meta":{"fifu_image_url":"","fifu_image_alt":"","footnotes":""},"categories":[54,76],"tags":[],"class_list":["post-62266","post","type-post","status-publish","format-standard","hentry","category-maroc","category-regions"],"_links":{"self":[{"href":"https:\/\/linitiative.ca\/International\/wp-json\/wp\/v2\/posts\/62266","targetHints":{"allow":["GET"]}}],"collection":[{"href":"https:\/\/linitiative.ca\/International\/wp-json\/wp\/v2\/posts"}],"about":[{"href":"https:\/\/linitiative.ca\/International\/wp-json\/wp\/v2\/types\/post"}],"author":[{"embeddable":true,"href":"https:\/\/linitiative.ca\/International\/wp-json\/wp\/v2\/users\/1788"}],"replies":[{"embeddable":true,"href":"https:\/\/linitiative.ca\/International\/wp-json\/wp\/v2\/comments?post=62266"}],"version-history":[{"count":0,"href":"https:\/\/linitiative.ca\/International\/wp-json\/wp\/v2\/posts\/62266\/revisions"}],"wp:attachment":[{"href":"https:\/\/linitiative.ca\/International\/wp-json\/wp\/v2\/media?parent=62266"}],"wp:term":[{"taxonomy":"category","embeddable":true,"href":"https:\/\/linitiative.ca\/International\/wp-json\/wp\/v2\/categories?post=62266"},{"taxonomy":"post_tag","embeddable":true,"href":"https:\/\/linitiative.ca\/International\/wp-json\/wp\/v2\/tags?post=62266"}],"curies":[{"name":"wp","href":"https:\/\/api.w.org\/{rel}","templated":true}]}}