{"id":62268,"date":"2019-09-25T09:53:49","date_gmt":"2019-09-25T13:53:49","guid":{"rendered":"https:\/\/linitiative.ca\/International\/ouargla-plus-de-3-500-palmiers-detruits-par-les-flammes-en-2019\/"},"modified":"2019-09-25T09:53:49","modified_gmt":"2019-09-25T13:53:49","slug":"ouargla-plus-de-3-500-palmiers-detruits-par-les-flammes-en-2019","status":"publish","type":"post","link":"https:\/\/linitiative.ca\/International\/ouargla-plus-de-3-500-palmiers-detruits-par-les-flammes-en-2019\/","title":{"rendered":"Ouargla: plus de 3.500 palmiers d\u00e9truits par les flammes en 2019"},"content":{"rendered":"<div>\n<div class=\"K2FeedImage\"><img decoding=\"async\" src=\"http:\/\/www.aps.dz\/media\/k2\/items\/cache\/e8374d6a5251543e59a574c0cef3a14a_S.jpg\" alt=\"Ouargla: plus de 3.500 palmiers d\u00e9truits par les flammes en 2019\"><\/div>\n<div class=\"K2FeedIntroText\">\n<p><strong>OUARGLA &#8211; Pas moins de 3.541 palmiers, repartis sur plus de 20 hectares, ont \u00e9t\u00e9 d\u00e9truits par des incendies depuis le d\u00e9but de l\u2019ann\u00e9e en cours \u00e0 travers la wilaya d\u2019Ouargla, a-t-on appris mercredi de la direction locale de la protection civile (PC).<\/strong><\/p>\n<\/div>\n<div class=\"K2FeedFullText\">\n<p>Ces sinistres, relev\u00e9s notamment \u00e0 travers les zones ph\u0153nicicoles de Bab Seb\u00e2a (commune d\u2019Ouargla) et des communes de Rouissat et M\u00e9garine, ont \u00e9t\u00e9 imput\u00e9s aux grandes chaleurs, au facteur humain d\u00e9lib\u00e9r\u00e9 et \u00e0 la n\u00e9gligence de certaines palmeraies envahies notamment par les mauvaises herbes et les palmes s\u00e8ches, foyers favorisant la propagation du feu, a expliqu\u00e9 le charg\u00e9 de communication \u00e0 la direction de la PC, le lieutenant Brahim Benioua.<\/p>\n<blockquote>\n<p><em><strong>L\u2019acte volontaire, perp\u00e9tr\u00e9 pour exploiter ces surfaces ph\u0153nicicoles en assiettes fonci\u00e8res pour la construction, est l\u2019un des facteurs majeurs ayant engendr\u00e9 d\u2019importants d\u00e9g\u00e2ts sur la richesse ph\u0153nicicole, a-t-il expliqu\u00e9.<\/strong><\/em><\/p>\n<\/blockquote>\n<p>De vastes surfaces de palmeraies et de cultures sont d\u00e9truites annuellement dans la wilaya d\u2019Ouargla, en raison de l\u2019\u00e9tat d\u2019abandon de cette richesse, a-t-on indiqu\u00e9 \u00e0 la conservation des for\u00eats d\u2019Ouargla.<\/p>\n<blockquote>\n<p><em><strong>Les incendies de palmeraies dans la wilaya d\u2019Ouargla ont connu ces derni\u00e8res cinq ann\u00e9es un recul \u00ab\u00a0sensible\u00a0\u00bb, suite \u00e0 la mise en \u0153uvre d\u2019une s\u00e9rie de mesures pr\u00e9ventives, dont la redynamisation des commissions de lutte contre les incendies au niveau des da\u00efras et des communes, ainsi que l\u2019utilisation du syst\u00e8me d\u2019alerte et de signalement des feux, a ajout\u00e9 la m\u00eame source.<\/strong><\/em><\/p>\n<\/blockquote>\n<p>D\u2019importantes op\u00e9rations ont \u00e9t\u00e9 retenues au titre du programme de protection des palmeraies pour l\u2019exercice 2019 portant notamment sur l\u2019ouverture de voies \u00e0 l\u2019int\u00e9rieur des palmeraies pour faciliter l\u2019acc\u00e8s des engins de lutte contre les feux, la poursuite de la r\u00e9alisation du programme sectoriel agricole consistant en la r\u00e9alisation de r\u00e9seaux d\u2019irrigation \u00e0 travers les palmeraies, la r\u00e9alisation de haies avec de mat\u00e9riaux ininflammables.<\/p>\n<p>L\u2019acquisition de pompes immerg\u00e9es, la mobilisation par les communes de moyens d\u2019intervention, l\u2019extension de pistes agricoles, l\u2019intensification des campagnes de sensibilisation en direction des citoyens et des agriculteurs, ainsi que l\u2019implication des associations dans la campagne de pr\u00e9vention, font partie du programme de protection de la richesse ph\u0153nicicole dans la wilaya d\u2019Ouargla.<\/p>\n<p>\u00a0<\/p>\n<p>\u00a0<\/p>\n<p>\u00a0<\/p>\n<\/div>\n<\/div>\n<p>Auteur:<br \/>\n<a href=\"http:\/\/www.aps.dz\/regions\/94803-ouargla-plus-de-3-500-palmiers-detruits-par-les-flammes-depuis-le-debut-de-l-annee\">Cliquez ici pour lire l&rsquo;article depuis sa source.<\/a><\/p>\n","protected":false},"excerpt":{"rendered":"<p>OUARGLA &#8211; Pas moins de 3.541 palmiers, repartis sur plus de 20 hectares, ont \u00e9t\u00e9 d\u00e9truits par des incendies depuis le d\u00e9but de l\u2019ann\u00e9e en cours \u00e0 travers la wilaya d\u2019Ouargla, a-t-on appris mercredi de la direction locale de la protection civile (PC). Ces sinistres, relev\u00e9s notamment \u00e0 travers les zones ph\u0153nicicoles de Bab Seb\u00e2a [&hellip;]<\/p>\n","protected":false},"author":1790,"featured_media":62269,"comment_status":"closed","ping_status":"closed","sticky":false,"template":"","format":"standard","meta":{"fifu_image_url":"","fifu_image_alt":"","footnotes":""},"categories":[53,76],"tags":[],"class_list":["post-62268","post","type-post","status-publish","format-standard","has-post-thumbnail","hentry","category-algerie","category-regions"],"_links":{"self":[{"href":"https:\/\/linitiative.ca\/International\/wp-json\/wp\/v2\/posts\/62268","targetHints":{"allow":["GET"]}}],"collection":[{"href":"https:\/\/linitiative.ca\/International\/wp-json\/wp\/v2\/posts"}],"about":[{"href":"https:\/\/linitiative.ca\/International\/wp-json\/wp\/v2\/types\/post"}],"author":[{"embeddable":true,"href":"https:\/\/linitiative.ca\/International\/wp-json\/wp\/v2\/users\/1790"}],"replies":[{"embeddable":true,"href":"https:\/\/linitiative.ca\/International\/wp-json\/wp\/v2\/comments?post=62268"}],"version-history":[{"count":0,"href":"https:\/\/linitiative.ca\/International\/wp-json\/wp\/v2\/posts\/62268\/revisions"}],"wp:featuredmedia":[{"embeddable":true,"href":"https:\/\/linitiative.ca\/International\/wp-json\/"}],"wp:attachment":[{"href":"https:\/\/linitiative.ca\/International\/wp-json\/wp\/v2\/media?parent=62268"}],"wp:term":[{"taxonomy":"category","embeddable":true,"href":"https:\/\/linitiative.ca\/International\/wp-json\/wp\/v2\/categories?post=62268"},{"taxonomy":"post_tag","embeddable":true,"href":"https:\/\/linitiative.ca\/International\/wp-json\/wp\/v2\/tags?post=62268"}],"curies":[{"name":"wp","href":"https:\/\/api.w.org\/{rel}","templated":true}]}}