{"id":62270,"date":"2019-09-25T10:01:18","date_gmt":"2019-09-25T14:01:18","guid":{"rendered":"https:\/\/linitiative.ca\/International\/economie-bleue-creation-de-150-000-nouveaux-postes-demploi-a-lhorizon-2020-2023\/"},"modified":"2019-09-25T10:01:18","modified_gmt":"2019-09-25T14:01:18","slug":"economie-bleue-creation-de-150-000-nouveaux-postes-demploi-a-lhorizon-2020-2023","status":"publish","type":"post","link":"https:\/\/linitiative.ca\/International\/economie-bleue-creation-de-150-000-nouveaux-postes-demploi-a-lhorizon-2020-2023\/","title":{"rendered":"Economie bleue: cr\u00e9ation de 150.000 nouveaux postes d\u2019emploi \u00e0 l\u2019Horizon 2020-2023"},"content":{"rendered":"<div>\n<div class=\"K2FeedImage\"><img decoding=\"async\" src=\"http:\/\/www.aps.dz\/media\/k2\/items\/cache\/2f3ce2c91863a1994be67d59ca5e884f_S.jpg\" alt=\"Economie bleue: cr\u00e9ation de 150.000 nouveaux postes d\u2019emploi \u00e0 l\u2019Horizon 2020-2023\"><\/div>\n<div class=\"K2FeedIntroText\">\n<p><strong>ORAN- Le d\u00e9veloppement de l\u2019\u00e9conomie bleue (toutes les activit\u00e9s autour de la mer) en Alg\u00e9rie pourrait conduire \u00e0 la cr\u00e9ation de 150.000 nouveaux emplois dans les m\u00e9tiers de la mer \u00e0 l\u2019horizon 2020-2023,a indiqu\u00e9 mercredi \u00e0 Oran, Mohamed Mazouz, enseignant \u00e0 l\u2019Institut de technologie de P\u00eache et d\u2019aquaculture d\u2019Oran.<\/strong><\/p>\n<\/div>\n<div class=\"K2FeedFullText\">\n<p>\u00ab\u00a0Des estimations r\u00e9alistes r\u00e9centes sur le potentiel en \u00e9conomie bleue, indiquent que le d\u00e9veloppement de ce cr\u00e9neau est en mesure de cr\u00e9er plus de 150.000 nouveaux emplois dans les m\u00e9tiers de la mer \u00e0 l\u2019horizon 2020-2023\u00a0\u00bb, a soulign\u00e9 le sp\u00e9cialiste lors d\u2019une rencontre sur la strat\u00e9gie nationale\u00a0sur l\u2019Economie bleue (SNEB 2030).<\/p>\n<blockquote>\n<p><strong>\u00ab\u00a0Le d\u00e9veloppement et la diversification des activit\u00e9s marines et maritimes pourraient g\u00e9n\u00e9rer manuellement des recettes de 3 \u00e0 4 milliards USD entre 2023 et 2025\u00a0\u00bb,\u00a0 a fait savoir Dr Mazouz.<\/strong><\/p>\n<\/blockquote>\n<p>L&rsquo;\u00e9conomie bleue se caract\u00e9rise par l\u2019exploitation rationnelle des ressources de la mer sans produire de d\u00e9chets et de polluants en s&rsquo;inspirant de ce que fait la nature et en pr\u00e9servant l\u2019environnement et les fonds marins.<\/p>\n<p>Selon l\u2019expert, l\u2019Alg\u00e9rie a d\u00e9j\u00e0 investi, au cours des vingt derni\u00e8res ann\u00e9es, plus de 40 milliards USD dans les infrastructures et les \u00e9quipements maritimes et c\u00f4tiers, les navires, les installations \u00e9nerg\u00e9tiques et celles d\u00e9di\u00e9es au dessalement de l\u2019eau de mer, et les infrastructures de l\u2019assainissement.<\/p>\n<p>Aussi, plusieurs projets concernant les ouvrages de protection, les \u00e9quipements li\u00e9s \u00e0 la p\u00eache, \u00e0 l\u2019aquaculture, les activit\u00e9s agroalimentaires associ\u00e9es aux produits de la mer, la construction et la\u00a0r\u00e9paration navales, ont \u00e9galement \u00e9t\u00e9 concr\u00e9tis\u00e9s.<\/p>\n<p>A cet effet, beaucoup d\u2019efforts ont \u00e9t\u00e9 d\u00e9ploy\u00e9s en la mati\u00e8re par l\u2019Alg\u00e9rie, qui s\u2019est dot\u00e9e d\u00e8s 2015, d\u2019une strat\u00e9gie nationale de gestion int\u00e9gr\u00e9e des zones c\u00f4ti\u00e8res. Celle-ci est ax\u00e9e sur le d\u00e9veloppement durable de ces zones en particulier dans le secteur du transport, de la p\u00eache et l\u2019aquaculture et la protection des eaux.<\/p>\n<hr>\n<p>Lire aussi:\u00a0\u00a0<a href=\"http:\/\/www.aps.dz\/economie\/94518-strategie-nationale-sur-l-economie-bleue-appel-a-l-adaptation-du-cadre-juridique\">Strat\u00e9gie nationale sur l&rsquo;\u00e9conomie bleue : appel \u00e0 l&rsquo;adaptation du cadre juridique<\/a><\/p>\n<hr>\n<p>L\u2019Alg\u00e9rie a \u00e9galement adopt\u00e9 une strat\u00e9gie de lutte contre les pollutions accidentelles en mer et s\u2019est dot\u00e9e d\u2019un r\u00e9seau d\u2019assainissement constitu\u00e9 de 37 stations de traitement des eaux us\u00e9es le long du littoral, a rappel\u00e9 le m\u00eame expert.<\/p>\n<p>De son c\u00f4t\u00e9, le ma\u00eetre-assistant \u00e0 l\u2019Universit\u00e9 d\u2019Oran 1, Kallouche Mohamed El Moustapha, membre de l\u2019association \u00e9cologique marine locale \u00ab\u00a0Barbarous\u00a0\u00bb a pr\u00e9sent\u00e9 un projet inscrit dans le cadre de l\u2019\u00e9conomie bleue, concr\u00e9tis\u00e9 par la dite association avec ses partenaires.<\/p>\n<p>Il s\u2019agit d\u2019un r\u00e9cif artificiel de reproduction \u00e0 quelques kilom\u00e8tres au large de la c\u00f4te de Bousfer, dans le but d\u2019am\u00e9liorer les r\u00e9sultats de la p\u00eache artisanale dans la r\u00e9gion et soutenir les moyens d\u2019existence de\u00a0nombreux artisans-p\u00eacheurs qui s\u2019adonnent \u00e0 cette activit\u00e9, a-t-il expliqu\u00e9.<\/p>\n<blockquote>\n<p><strong>\u00ab\u00a0Des \u00e9tudes men\u00e9es avant et apr\u00e8s l\u2019installation de ce r\u00e9cif ont montr\u00e9 qu\u2019un an apr\u00e8s sa pose, le nombre d\u2019esp\u00e8ces pr\u00e9sentes dans la zone \u00e9tait pass\u00e9 de 4 \u00e0 53 esp\u00e8ces\u00a0\u00bb, a ajout\u00e9 M. Kallouche.<\/strong><\/p>\n<\/blockquote>\n<p>Toutefois, ce genre de r\u00e9cifs fait face \u00e0 des contraintes dont la chasse sous-marine et le chalutage, d\u2019o\u00f9 \u00ab\u00a0l\u2019importance de mettre en place \u00e9galement des r\u00e9cifs de protection\u00a0\u00bb, a-t-il ajout\u00e9.<\/p>\n<p>Pour sa part, le directeur local de la p\u00eache et de l\u2019aquaculture, Mohamed Bengrina, a soulign\u00e9 qu\u2019il est important d&rsquo;\u00e9laborer et d&rsquo;appliquer cette strat\u00e9gie en collaboration avec les secteurs concern\u00e9s, \u00e0 savoir ceux de l&rsquo;Energie, des Transports, de l&rsquo;Industrie, de l&rsquo;Agriculture, de l&rsquo;Environnement, du Tourisme ainsi que la soci\u00e9t\u00e9 civile.<\/p>\n<p>\u00ab\u00a0Ces secteurs peuvent contribuer \u00e0 la garantie des infrastructures de base n\u00e9cessaires au niveau des zones c\u00f4ti\u00e8res du pays\u00a0\u00bb, a-t-il estim\u00e9.<\/p>\n<p>\u00a0<\/p>\n<p>\u00a0<\/p>\n<p>\u00a0<\/p>\n<\/div>\n<\/div>\n<p>Auteur:<br \/>\n<a href=\"http:\/\/www.aps.dz\/regions\/94809-economie-bleue-creation-de-150-000-nouveaux-postes-d-emploi-a-l-horizon-2020-2023\">Cliquez ici pour lire l&rsquo;article depuis sa source.<\/a><\/p>\n","protected":false},"excerpt":{"rendered":"<p>ORAN- Le d\u00e9veloppement de l\u2019\u00e9conomie bleue (toutes les activit\u00e9s autour de la mer) en Alg\u00e9rie pourrait conduire \u00e0 la cr\u00e9ation de 150.000 nouveaux emplois dans les m\u00e9tiers de la mer \u00e0 l\u2019horizon 2020-2023,a indiqu\u00e9 mercredi \u00e0 Oran, Mohamed Mazouz, enseignant \u00e0 l\u2019Institut de technologie de P\u00eache et d\u2019aquaculture d\u2019Oran. \u00ab\u00a0Des estimations r\u00e9alistes r\u00e9centes sur le [&hellip;]<\/p>\n","protected":false},"author":1790,"featured_media":62271,"comment_status":"closed","ping_status":"closed","sticky":false,"template":"","format":"standard","meta":{"fifu_image_url":"","fifu_image_alt":"","footnotes":""},"categories":[53,76],"tags":[],"class_list":["post-62270","post","type-post","status-publish","format-standard","has-post-thumbnail","hentry","category-algerie","category-regions"],"_links":{"self":[{"href":"https:\/\/linitiative.ca\/International\/wp-json\/wp\/v2\/posts\/62270","targetHints":{"allow":["GET"]}}],"collection":[{"href":"https:\/\/linitiative.ca\/International\/wp-json\/wp\/v2\/posts"}],"about":[{"href":"https:\/\/linitiative.ca\/International\/wp-json\/wp\/v2\/types\/post"}],"author":[{"embeddable":true,"href":"https:\/\/linitiative.ca\/International\/wp-json\/wp\/v2\/users\/1790"}],"replies":[{"embeddable":true,"href":"https:\/\/linitiative.ca\/International\/wp-json\/wp\/v2\/comments?post=62270"}],"version-history":[{"count":0,"href":"https:\/\/linitiative.ca\/International\/wp-json\/wp\/v2\/posts\/62270\/revisions"}],"wp:featuredmedia":[{"embeddable":true,"href":"https:\/\/linitiative.ca\/International\/wp-json\/"}],"wp:attachment":[{"href":"https:\/\/linitiative.ca\/International\/wp-json\/wp\/v2\/media?parent=62270"}],"wp:term":[{"taxonomy":"category","embeddable":true,"href":"https:\/\/linitiative.ca\/International\/wp-json\/wp\/v2\/categories?post=62270"},{"taxonomy":"post_tag","embeddable":true,"href":"https:\/\/linitiative.ca\/International\/wp-json\/wp\/v2\/tags?post=62270"}],"curies":[{"name":"wp","href":"https:\/\/api.w.org\/{rel}","templated":true}]}}