{"id":62272,"date":"2019-09-25T11:00:14","date_gmt":"2019-09-25T15:00:14","guid":{"rendered":"https:\/\/linitiative.ca\/International\/ouargla-de-nouvelles-opportunites-de-formation-offertes-aux-jeunes\/"},"modified":"2019-09-25T11:00:14","modified_gmt":"2019-09-25T15:00:14","slug":"ouargla-de-nouvelles-opportunites-de-formation-offertes-aux-jeunes","status":"publish","type":"post","link":"https:\/\/linitiative.ca\/International\/ouargla-de-nouvelles-opportunites-de-formation-offertes-aux-jeunes\/","title":{"rendered":"Ouargla : de nouvelles opportunit\u00e9s de formation offertes aux jeunes"},"content":{"rendered":"<div>\n<div class=\"K2FeedIntroText\">\n<p><strong>OUARGLA- De nouvelles opportunit\u00e9s de formation professionnelle li\u00e9es \u00e0 diverses sp\u00e9cialit\u00e9s et fili\u00e8res adapt\u00e9es aux exigences du march\u00e9 de l\u2019emploi sont offertes aux jeunes par la Chambre de Commerce et d\u2019Industrie-OASIS (CCI-Oasis) \u00e0 Ouargla, a-t-on appris mercredi des cadres de cet organisme.<\/strong><\/p>\n<\/div>\n<div class=\"K2FeedFullText\">\n<p>Parmi les formations qui seront couronn\u00e9es par des dipl\u00f4mes reconnus par l\u2019Etat conform\u00e9ment \u00e0 l\u2019arr\u00eat\u00e9 interminist\u00e9riel du 20 mars 2013 qui d\u00e9finit les modes d\u2019organisation des cours de formation professionnelle au niveau de la CCI, figurent celles de sondeur, superviseur HSE (Hygi\u00e8ne-S\u00e9curit\u00e9-Environnement), d\u00e9clarant en douane, technicien en informatique de gestion, a-t-on pr\u00e9cis\u00e9.<\/p>\n<p>Les stagiaires retenus vont b\u00e9n\u00e9ficier de stages pratiques en milieu professionnel, notamment pour le secteur des hydrocarbures, a-t-on indiqu\u00e9 de m\u00eame source.<\/p>\n<p>La session de formation, dont les inscriptions des candidats ont \u00e9t\u00e9 d\u00e9j\u00e0 entam\u00e9es, sera encadr\u00e9e par des formateurs sp\u00e9cialis\u00e9s avec le concours du secteur de la formation et de l\u2019enseignement professionnels, a-t-on signal\u00e9.<\/p>\n<p>La CCI-Oasis s\u2019emploie, en outre, \u00e0 organiser des sessions de formation r\u00e9pondant aux besoins des entreprises en mati\u00e8re de mise \u00e0 niveau et d\u2019am\u00e9lioration des comp\u00e9tences du personnel sous forme de s\u00e9minaires, selon un programme de formation de moyenne et de longue dur\u00e9es, a-t-on indiqu\u00e9.<\/p>\n<p>\u00a0<\/p>\n<\/div>\n<\/div>\n<p>Auteur:<br \/>\n<a href=\"http:\/\/www.aps.dz\/regions\/94810-ouargla-de-nouvelles-opportunites-de-formation-offertes-aux-jeunes\">Cliquez ici pour lire l&rsquo;article depuis sa source.<\/a><\/p>\n","protected":false},"excerpt":{"rendered":"<p>OUARGLA- De nouvelles opportunit\u00e9s de formation professionnelle li\u00e9es \u00e0 diverses sp\u00e9cialit\u00e9s et fili\u00e8res adapt\u00e9es aux exigences du march\u00e9 de l\u2019emploi sont offertes aux jeunes par la Chambre de Commerce et d\u2019Industrie-OASIS (CCI-Oasis) \u00e0 Ouargla, a-t-on appris mercredi des cadres de cet organisme. Parmi les formations qui seront couronn\u00e9es par des dipl\u00f4mes reconnus par l\u2019Etat conform\u00e9ment [&hellip;]<\/p>\n","protected":false},"author":1790,"featured_media":0,"comment_status":"closed","ping_status":"closed","sticky":false,"template":"","format":"standard","meta":{"fifu_image_url":"","fifu_image_alt":"","footnotes":""},"categories":[53,76],"tags":[],"class_list":["post-62272","post","type-post","status-publish","format-standard","hentry","category-algerie","category-regions"],"_links":{"self":[{"href":"https:\/\/linitiative.ca\/International\/wp-json\/wp\/v2\/posts\/62272","targetHints":{"allow":["GET"]}}],"collection":[{"href":"https:\/\/linitiative.ca\/International\/wp-json\/wp\/v2\/posts"}],"about":[{"href":"https:\/\/linitiative.ca\/International\/wp-json\/wp\/v2\/types\/post"}],"author":[{"embeddable":true,"href":"https:\/\/linitiative.ca\/International\/wp-json\/wp\/v2\/users\/1790"}],"replies":[{"embeddable":true,"href":"https:\/\/linitiative.ca\/International\/wp-json\/wp\/v2\/comments?post=62272"}],"version-history":[{"count":0,"href":"https:\/\/linitiative.ca\/International\/wp-json\/wp\/v2\/posts\/62272\/revisions"}],"wp:attachment":[{"href":"https:\/\/linitiative.ca\/International\/wp-json\/wp\/v2\/media?parent=62272"}],"wp:term":[{"taxonomy":"category","embeddable":true,"href":"https:\/\/linitiative.ca\/International\/wp-json\/wp\/v2\/categories?post=62272"},{"taxonomy":"post_tag","embeddable":true,"href":"https:\/\/linitiative.ca\/International\/wp-json\/wp\/v2\/tags?post=62272"}],"curies":[{"name":"wp","href":"https:\/\/api.w.org\/{rel}","templated":true}]}}