{"id":62273,"date":"2019-09-25T11:07:10","date_gmt":"2019-09-25T15:07:10","guid":{"rendered":"https:\/\/linitiative.ca\/International\/jumelage-inter-hopitaux-consultations-medicales-specialisees-pour-plus-de-200-personnes-a-touggourt\/"},"modified":"2019-09-25T11:07:10","modified_gmt":"2019-09-25T15:07:10","slug":"jumelage-inter-hopitaux-consultations-medicales-specialisees-pour-plus-de-200-personnes-a-touggourt","status":"publish","type":"post","link":"https:\/\/linitiative.ca\/International\/jumelage-inter-hopitaux-consultations-medicales-specialisees-pour-plus-de-200-personnes-a-touggourt\/","title":{"rendered":"Jumelage inter-h\u00f4pitaux: consultations m\u00e9dicales sp\u00e9cialis\u00e9es pour plus de 200 personnes \u00e0 Touggourt"},"content":{"rendered":"<div>\n<div class=\"K2FeedImage\"><img decoding=\"async\" src=\"http:\/\/www.aps.dz\/media\/k2\/items\/cache\/9c01a2dc73055014eac7eab2b835ee6e_S.jpg\" alt=\"Jumelage inter-h\u00f4pitaux: consultations m\u00e9dicales sp\u00e9cialis\u00e9es pour plus de 200 personnes \u00e0 Touggourt\"><\/div>\n<div class=\"K2FeedIntroText\">\n<p><strong>OUARGLA- Quelque 220 personnes ont b\u00e9n\u00e9fici\u00e9 de consultations m\u00e9dicales sp\u00e9cialis\u00e9es, notamment\u00a0 concernant les maladies dermatologiques dues aux br\u00fblures, au niveau de l\u2019\u00e9tablissement public\u00a0hospitalier EPH-Slimane Amirat \u00e0 Touggourt et ce dans le cadre du jumelage inter-h\u00f4pitaux, a-t-on appris mercredi des responsables de cet \u00e9tablissement de sant\u00e9 publique.<\/strong><\/p>\n<\/div>\n<div class=\"K2FeedFullText\">\n<p>Men\u00e9es par une \u00e9quipe m\u00e9dicale compos\u00e9e de huit (8) dermatologues et neurologues issus du CHU Mustapha Pacha (Alger) et de la clinique Pasteur (Alger) des br\u00fblures, ces consultations ont d\u00e9but\u00e9 mardi avec des consultations pour plus de 60 patients pr\u00e9sentant des s\u00e9quelles superficielles et\/ou profondes de br\u00fblures, a indiqu\u00e9 le directeur de l\u2019EPH de Touggourt, Salah Guerioune.<\/p>\n<p>L&rsquo;op\u00e9ration sera poursuivie, vendredi et samedi, au niveau des centres m\u00e9dicaux d\u2019Ain-Sahra (commune Nezla) et d\u2019El-Argoub (commune de Touggourt) par l\u2019organisation d\u2019autres consultations sp\u00e9cialis\u00e9es en neurologie et des interventions chirurgicales.<\/p>\n<p>Le m\u00eame responsable a fait part, en outre, de l\u2019organisation de journ\u00e9es de formation en direction des\u00a0\u00a0praticiens g\u00e9n\u00e9ralistes de l\u2019EPH de Touggourt, encadr\u00e9es par le Dr. Mohamed Lamine Malek.<\/p>\n<p>Plus de 72 patients pr\u00e9sentant des cicatrices de diff\u00e9rents degr\u00e9s de br\u00fblures avaient b\u00e9n\u00e9fici\u00e9 l\u2019ann\u00e9e derni\u00e8re, au niveau de la m\u00eame structure hospitali\u00e8re de Touggourt, d\u2019interventions chirurgicales esth\u00e9tiques, assur\u00e9es par un staff m\u00e9dical sp\u00e9cialis\u00e9 venu d\u2019Alger, en plus de l\u2019organisation de 400 consultations m\u00e9dicales.<\/p>\n<p>Inscrite dans le cadre du jumelage inter-h\u00f4pitaux du Nord et Sud du pays, cette initiative vise la promotion de la prise en charge m\u00e9dicale sp\u00e9cialis\u00e9e, notamment dans les r\u00e9gions enclav\u00e9es, la consolidation de la formation m\u00e9dicale continue et l\u2019\u00e9change d\u2018exp\u00e9riences m\u00e9dicales.<\/p>\n<p>Elle vise \u00e9galement \u00e0 offrir des prestations m\u00e9dicales sp\u00e9cialis\u00e9es aux familles d\u00e9favoris\u00e9es, \u00e0 leur \u00e9pargner le d\u00e9placement vers les structures hospitali\u00e8res dans le Nord du pays et \u00e0 combler le d\u00e9ficit en sp\u00e9cialit\u00e9s m\u00e9dicales dans la r\u00e9gion, notamment celles li\u00e9es \u00e0 la prise en charge des s\u00e9quelles de br\u00fblures.<\/p>\n<p>\u00a0<\/p>\n<\/div>\n<\/div>\n<p>Auteur:<br \/>\n<a href=\"http:\/\/www.aps.dz\/regions\/94816-jumelage-inter-hopitaux-consultations-medicales-specialisees-pour-plus-de-200-personnes-a-touggourt\">Cliquez ici pour lire l&rsquo;article depuis sa source.<\/a><\/p>\n","protected":false},"excerpt":{"rendered":"<p>OUARGLA- Quelque 220 personnes ont b\u00e9n\u00e9fici\u00e9 de consultations m\u00e9dicales sp\u00e9cialis\u00e9es, notamment\u00a0 concernant les maladies dermatologiques dues aux br\u00fblures, au niveau de l\u2019\u00e9tablissement public\u00a0hospitalier EPH-Slimane Amirat \u00e0 Touggourt et ce dans le cadre du jumelage inter-h\u00f4pitaux, a-t-on appris mercredi des responsables de cet \u00e9tablissement de sant\u00e9 publique. Men\u00e9es par une \u00e9quipe m\u00e9dicale compos\u00e9e de huit (8) [&hellip;]<\/p>\n","protected":false},"author":1790,"featured_media":62274,"comment_status":"closed","ping_status":"closed","sticky":false,"template":"","format":"standard","meta":{"fifu_image_url":"","fifu_image_alt":"","footnotes":""},"categories":[53,76],"tags":[],"class_list":["post-62273","post","type-post","status-publish","format-standard","has-post-thumbnail","hentry","category-algerie","category-regions"],"_links":{"self":[{"href":"https:\/\/linitiative.ca\/International\/wp-json\/wp\/v2\/posts\/62273","targetHints":{"allow":["GET"]}}],"collection":[{"href":"https:\/\/linitiative.ca\/International\/wp-json\/wp\/v2\/posts"}],"about":[{"href":"https:\/\/linitiative.ca\/International\/wp-json\/wp\/v2\/types\/post"}],"author":[{"embeddable":true,"href":"https:\/\/linitiative.ca\/International\/wp-json\/wp\/v2\/users\/1790"}],"replies":[{"embeddable":true,"href":"https:\/\/linitiative.ca\/International\/wp-json\/wp\/v2\/comments?post=62273"}],"version-history":[{"count":0,"href":"https:\/\/linitiative.ca\/International\/wp-json\/wp\/v2\/posts\/62273\/revisions"}],"wp:featuredmedia":[{"embeddable":true,"href":"https:\/\/linitiative.ca\/International\/wp-json\/"}],"wp:attachment":[{"href":"https:\/\/linitiative.ca\/International\/wp-json\/wp\/v2\/media?parent=62273"}],"wp:term":[{"taxonomy":"category","embeddable":true,"href":"https:\/\/linitiative.ca\/International\/wp-json\/wp\/v2\/categories?post=62273"},{"taxonomy":"post_tag","embeddable":true,"href":"https:\/\/linitiative.ca\/International\/wp-json\/wp\/v2\/tags?post=62273"}],"curies":[{"name":"wp","href":"https:\/\/api.w.org\/{rel}","templated":true}]}}