{"id":62275,"date":"2019-09-25T12:55:32","date_gmt":"2019-09-25T16:55:32","guid":{"rendered":"https:\/\/linitiative.ca\/International\/el-oued-le-directeur-de-lehs-mere-enfant-et-cinq-autres-personnes-places-en-detention-provisoire\/"},"modified":"2019-09-25T12:55:32","modified_gmt":"2019-09-25T16:55:32","slug":"el-oued-le-directeur-de-lehs-mere-enfant-et-cinq-autres-personnes-places-en-detention-provisoire","status":"publish","type":"post","link":"https:\/\/linitiative.ca\/International\/el-oued-le-directeur-de-lehs-mere-enfant-et-cinq-autres-personnes-places-en-detention-provisoire\/","title":{"rendered":"El-Oued: le directeur de l\u2019EHS M\u00e8re-Enfant et cinq\u00a0autres personnes plac\u00e9s en d\u00e9tention provisoire"},"content":{"rendered":"<div>\n<div class=\"K2FeedImage\"><img decoding=\"async\" src=\"http:\/\/www.aps.dz\/media\/k2\/items\/cache\/27bf83a9b9cbebc244f4b0bb3588846c_S.jpg\" alt=\"El-Oued: le directeur de l\u2019EHS M\u00e8re-Enfant et cinq\u00a0autres personnes plac\u00e9s en d\u00e9tention provisoire\"><\/div>\n<div class=\"K2FeedIntroText\">\n<p><strong>EL-OUED &#8211; Le directeur de l\u2019\u00e9tablissement hospitalier sp\u00e9cialis\u00e9 (EHS) M\u00e8re-Enfant \u00ab\u00a0Bachir Bennacer\u00a0\u00bb \u00e0 El-Oued ainsi que cinq autres personnes relevant de la maternit\u00e9 qui lui est rattach\u00e9e et th\u00e9\u00e2tre du drame ayant cout\u00e9 la vie \u00e0 8 nourrissons, ont \u00e9t\u00e9 plac\u00e9s mercredi en d\u00e9tention provisoire par le magistrat instructeur pr\u00e8s le tribunal d\u2019El-Oued, apprend-on de source judiciaire.<\/strong><\/p>\n<\/div>\n<div class=\"K2FeedFullText\">\n<p>Ont \u00e9galement \u00e9t\u00e9 plac\u00e9s en d\u00e9tention provisoire la coordinatrice charg\u00e9e de la gestion de la maternit\u00e9, le directeur de la permanence, la charg\u00e9e du contr\u00f4le m\u00e9dical, le chef de service p\u00e9diatrie-n\u00e9onatale, ainsi qu\u2019un agent de maintenance, a-t-on signal\u00e9.<\/p>\n<p>Pr\u00e9sent\u00e9s dans la matin\u00e9e par la police judiciaire de la S\u00fbret\u00e9 de wilaya devant le procureur de la R\u00e9publique et le magistrat instructeur pr\u00e8s le tribunal d\u2019El-Oued, les mis en cause sont poursuivis pour \u00ab\u00a0n\u00e9gligence, laisser-aller et homicide involontaire\u00a0\u00bb, pr\u00e9cise la source.<\/p>\n<blockquote>\n<p><em><strong>Cette pr\u00e9sentation intervient \u00e0 la suite de l\u2019ouverture d\u2019une enqu\u00eate judiciaire et s\u00e9curitaire suite \u00e0 l\u2019incendie ayant entrain\u00e9 le d\u00e9c\u00e8s de huit (8) nourrissons \u00e0 la maternit\u00e9 de la cit\u00e9 du 17 octobre \u00e0 El-Oued (relevant de l\u2019EHS M\u00e8re-Enfant Bennacer Bachir), dont trois des suites de brulures et les cinq autres d\u2019asphyxie par la fum\u00e9e. Un incendie du \u00e0 un court circuit \u00e9lectrique provoqu\u00e9 par un appareil anti-moustiques en serait la cause.<\/strong><\/em><\/p>\n<\/blockquote>\n<p>Selon les services de la Protection civile, l\u2019incendie, survenu aux environs de 4H00 (03H52mn), a caus\u00e9 le d\u00e9c\u00e8s de huit (8) nouveau-n\u00e9s des suites de br\u00fblure ou d\u2019asphyxie par la fum\u00e9e, tandis que 76 personnes ont \u00e9t\u00e9 secourues (11 nourrissons, 37 femmes et 28 employ\u00e9s de l\u2019h\u00f4pital).<\/p>\n<\/div>\n<\/div>\n<p>Auteur:<br \/>\n<a href=\"http:\/\/www.aps.dz\/regions\/94821-drame-de-la-maternite-d-el-oued-le-directeur-de-l-ehs-mere-enfant-et-cinq-autres-personnes-places-en-detention-provisoire\">Cliquez ici pour lire l&rsquo;article depuis sa source.<\/a><\/p>\n","protected":false},"excerpt":{"rendered":"<p>EL-OUED &#8211; Le directeur de l\u2019\u00e9tablissement hospitalier sp\u00e9cialis\u00e9 (EHS) M\u00e8re-Enfant \u00ab\u00a0Bachir Bennacer\u00a0\u00bb \u00e0 El-Oued ainsi que cinq autres personnes relevant de la maternit\u00e9 qui lui est rattach\u00e9e et th\u00e9\u00e2tre du drame ayant cout\u00e9 la vie \u00e0 8 nourrissons, ont \u00e9t\u00e9 plac\u00e9s mercredi en d\u00e9tention provisoire par le magistrat instructeur pr\u00e8s le tribunal d\u2019El-Oued, apprend-on de [&hellip;]<\/p>\n","protected":false},"author":1790,"featured_media":62276,"comment_status":"closed","ping_status":"closed","sticky":false,"template":"","format":"standard","meta":{"fifu_image_url":"","fifu_image_alt":"","footnotes":""},"categories":[53,76],"tags":[],"class_list":["post-62275","post","type-post","status-publish","format-standard","has-post-thumbnail","hentry","category-algerie","category-regions"],"_links":{"self":[{"href":"https:\/\/linitiative.ca\/International\/wp-json\/wp\/v2\/posts\/62275","targetHints":{"allow":["GET"]}}],"collection":[{"href":"https:\/\/linitiative.ca\/International\/wp-json\/wp\/v2\/posts"}],"about":[{"href":"https:\/\/linitiative.ca\/International\/wp-json\/wp\/v2\/types\/post"}],"author":[{"embeddable":true,"href":"https:\/\/linitiative.ca\/International\/wp-json\/wp\/v2\/users\/1790"}],"replies":[{"embeddable":true,"href":"https:\/\/linitiative.ca\/International\/wp-json\/wp\/v2\/comments?post=62275"}],"version-history":[{"count":0,"href":"https:\/\/linitiative.ca\/International\/wp-json\/wp\/v2\/posts\/62275\/revisions"}],"wp:featuredmedia":[{"embeddable":true,"href":"https:\/\/linitiative.ca\/International\/wp-json\/"}],"wp:attachment":[{"href":"https:\/\/linitiative.ca\/International\/wp-json\/wp\/v2\/media?parent=62275"}],"wp:term":[{"taxonomy":"category","embeddable":true,"href":"https:\/\/linitiative.ca\/International\/wp-json\/wp\/v2\/categories?post=62275"},{"taxonomy":"post_tag","embeddable":true,"href":"https:\/\/linitiative.ca\/International\/wp-json\/wp\/v2\/tags?post=62275"}],"curies":[{"name":"wp","href":"https:\/\/api.w.org\/{rel}","templated":true}]}}