{"id":62277,"date":"2019-09-24T16:37:48","date_gmt":"2019-09-24T20:37:48","guid":{"rendered":"https:\/\/linitiative.ca\/International\/lancement-dun-programme-dedie-a-lepanouissement-des-jeunes\/"},"modified":"2019-09-24T16:37:48","modified_gmt":"2019-09-24T20:37:48","slug":"lancement-dun-programme-dedie-a-lepanouissement-des-jeunes","status":"publish","type":"post","link":"https:\/\/linitiative.ca\/International\/lancement-dun-programme-dedie-a-lepanouissement-des-jeunes\/","title":{"rendered":"Lancement d\u2019un programme d\u00e9di\u00e9 \u00e0 l\u2019\u00e9panouissement des jeunes"},"content":{"rendered":"<p><iframe loading=\"lazy\" width=\"1170\" height=\"658\" src=\"https:\/\/www.youtube.com\/embed\/y1TTn6emBYQ?feature=oembed\" frameborder=\"0\" allow=\"accelerometer; autoplay; encrypted-media; gyroscope; picture-in-picture\" allowfullscreen=\"\">[embedded content]<\/iframe><\/p>\n<div class=\"post-header-inner\">\n<div class=\"post-header-title\">\n<p>\n\t\t\t\t<span class=\"time\"><time class=\"post-published updated\" datetime=\"2019-09-24T21:37:48+00:00\"><b><b> 24 septembre 2019 <\/b> <\/b><\/time><\/span>\n\t\t\t<\/p>\n<\/p><\/div>\n<\/p><\/div>\n<div class=\"single-post-excerpt post-excerpt-bc\" readability=\"36\">\n<p>Un vaste programme d\u2019activit\u00e9s culturelles, sportives et \u00e9ducatives intitul\u00e9 \u00ab Oujda Jeunesse \u00bb a \u00e9t\u00e9 lanc\u00e9 \u00e0 Oujda, avec pour objectif principal de favoriser le d\u00e9veloppement et l\u2019\u00e9panouissement des jeunes.<\/p>\n<\/div>\n<p>Auteur: Soufiane ELAHMAR<br \/>\n<a href=\"http:\/\/www.mapoujda.ma\/fr\/lancement-dun-programme-dedie-a-lepanouissement-des-jeunes-2\/\">Cliquez ici pour lire l&rsquo;article depuis sa source.<\/a><\/p>\n","protected":false},"excerpt":{"rendered":"<p>[embedded content] 24 septembre 2019 Un vaste programme d\u2019activit\u00e9s culturelles, sportives et \u00e9ducatives intitul\u00e9 \u00ab Oujda Jeunesse \u00bb a \u00e9t\u00e9 lanc\u00e9 \u00e0 Oujda, avec pour objectif principal de favoriser le d\u00e9veloppement et l\u2019\u00e9panouissement des jeunes. Auteur: Soufiane ELAHMAR Cliquez ici pour lire l&rsquo;article depuis sa source.<\/p>\n","protected":false},"author":1788,"featured_media":0,"comment_status":"closed","ping_status":"closed","sticky":false,"template":"","format":"standard","meta":{"fifu_image_url":"","fifu_image_alt":"","footnotes":""},"categories":[54,76],"tags":[],"class_list":["post-62277","post","type-post","status-publish","format-standard","hentry","category-maroc","category-regions"],"_links":{"self":[{"href":"https:\/\/linitiative.ca\/International\/wp-json\/wp\/v2\/posts\/62277","targetHints":{"allow":["GET"]}}],"collection":[{"href":"https:\/\/linitiative.ca\/International\/wp-json\/wp\/v2\/posts"}],"about":[{"href":"https:\/\/linitiative.ca\/International\/wp-json\/wp\/v2\/types\/post"}],"author":[{"embeddable":true,"href":"https:\/\/linitiative.ca\/International\/wp-json\/wp\/v2\/users\/1788"}],"replies":[{"embeddable":true,"href":"https:\/\/linitiative.ca\/International\/wp-json\/wp\/v2\/comments?post=62277"}],"version-history":[{"count":0,"href":"https:\/\/linitiative.ca\/International\/wp-json\/wp\/v2\/posts\/62277\/revisions"}],"wp:attachment":[{"href":"https:\/\/linitiative.ca\/International\/wp-json\/wp\/v2\/media?parent=62277"}],"wp:term":[{"taxonomy":"category","embeddable":true,"href":"https:\/\/linitiative.ca\/International\/wp-json\/wp\/v2\/categories?post=62277"},{"taxonomy":"post_tag","embeddable":true,"href":"https:\/\/linitiative.ca\/International\/wp-json\/wp\/v2\/tags?post=62277"}],"curies":[{"name":"wp","href":"https:\/\/api.w.org\/{rel}","templated":true}]}}