{"id":62278,"date":"2019-09-24T18:12:18","date_gmt":"2019-09-24T22:12:18","guid":{"rendered":"https:\/\/linitiative.ca\/International\/colloque-a-oujda-sur-la-regionalisation-et-le-developpement\/"},"modified":"2019-09-24T18:12:18","modified_gmt":"2019-09-24T22:12:18","slug":"colloque-a-oujda-sur-la-regionalisation-et-le-developpement","status":"publish","type":"post","link":"https:\/\/linitiative.ca\/International\/colloque-a-oujda-sur-la-regionalisation-et-le-developpement\/","title":{"rendered":"Colloque \u00e0 Oujda sur la r\u00e9gionalisation et le d\u00e9veloppement"},"content":{"rendered":"<p class=\"c1\">Le laboratoire \u00ab\u00a0Dynamique des milieux arides, am\u00e9nagement et d\u00e9veloppement r\u00e9gional\u00a0\u00bb de la Facult\u00e9 des Lettres et Sciences humaines (FLSH) d\u2019Oujda, organise, le 31 octobre prochain en coordination avec le Conseil r\u00e9gional, un colloque national sur \u00ab\u00a0la r\u00e9gionalisation avanc\u00e9e et le d\u00e9veloppement territorial dans la r\u00e9gion de l\u2019Oriental : d\u00e9fis et perspectives\u00a0\u00bb.<\/p>\n<p class=\"c1\">Cette rencontre a pour objectif d\u2019engager un dialogue et un \u00e9change d\u2019id\u00e9es entre des responsables et des chercheurs repr\u00e9sentant diff\u00e9rents champs du savoir, telles que la sociologie, l\u2019histoire, la g\u00e9ographie, et les sciences \u00e9conomiques et juridiques, autour du th\u00e8me retenu.<\/p>\n<p class=\"c1\">Les organisateurs indiquent dans une note de pr\u00e9sentation de cette rencontre scientifique qu\u2019il s\u2019agit l\u00e0 d\u2019une importante opportunit\u00e9 en vue d\u2019enrichir le d\u00e9bat et la r\u00e9flexion sur des questions en relation avec le r\u00f4le de la r\u00e9gionalisation avanc\u00e9e dans le d\u00e9veloppement territorial, et pour formuler des propositions, des recommandations et des r\u00e9ponses aux probl\u00e9matiques et questionnements que suscitent ce sujet.<\/p>\n<p class=\"c1\">Les participants auront \u00e0 traiter de nombreux th\u00e8mes concernant notamment, le r\u00f4le des institutions de la r\u00e9gion dans le d\u00e9veloppement, les perspectives de la r\u00e9gionalisation avanc\u00e9e dans l\u2019Oriental, le r\u00f4le des acteurs locaux dans l\u2019animation et l\u2019acc\u00e9l\u00e9ration de la dynamique de d\u00e9veloppement local pour accompagner les exigences de la r\u00e9gionalisation avanc\u00e9e, les piliers du d\u00e9veloppement dans la r\u00e9gion de l\u2019Oriental, et les Syst\u00e8mes d\u2019information g\u00e9ographique (SIG) en tant que levier indispensable dans la prise de d\u00e9cision et la planification.<\/p>\n<p class=\"c1\">Les organisateurs soulignent dans ce sens que la r\u00e9gionalisation avanc\u00e9e est un choix strat\u00e9gique fait par le Maroc dans l\u2019objectif de consolider le principe de la gouvernance territoriale, la promotion de la politique de proximit\u00e9 et la r\u00e9alisation de la solidarit\u00e9 territoriale.<\/p>\n<p class=\"c1\">Ce colloque national, ajoute-t-on, se veut une occasion pour la r\u00e9gion de l\u2019Oriental pour insuffler une nouvelle dynamique au processus de d\u00e9veloppement durable et activer les m\u00e9canismes institutionnels de la r\u00e9gion, et ce dans le but d\u2019acc\u00e9l\u00e9rer le rythme du d\u00e9veloppement local \u00e9quitable.<\/p>\n<p>Auteur: Soufiane ELAHMAR<br \/>\n<a href=\"http:\/\/www.mapoujda.ma\/fr\/colloque-a-oujda-sur-la-regionalisation-et-le-developpement\/\">Cliquez ici pour lire l&rsquo;article depuis sa source.<\/a><\/p>\n","protected":false},"excerpt":{"rendered":"<p>Le laboratoire \u00ab\u00a0Dynamique des milieux arides, am\u00e9nagement et d\u00e9veloppement r\u00e9gional\u00a0\u00bb de la Facult\u00e9 des Lettres et Sciences humaines (FLSH) d\u2019Oujda, organise, le 31 octobre prochain en coordination avec le Conseil r\u00e9gional, un colloque national sur \u00ab\u00a0la r\u00e9gionalisation avanc\u00e9e et le d\u00e9veloppement territorial dans la r\u00e9gion de l\u2019Oriental : d\u00e9fis et perspectives\u00a0\u00bb. Cette rencontre a pour [&hellip;]<\/p>\n","protected":false},"author":1788,"featured_media":0,"comment_status":"closed","ping_status":"closed","sticky":false,"template":"","format":"standard","meta":{"fifu_image_url":"","fifu_image_alt":"","footnotes":""},"categories":[54,76],"tags":[],"class_list":["post-62278","post","type-post","status-publish","format-standard","hentry","category-maroc","category-regions"],"_links":{"self":[{"href":"https:\/\/linitiative.ca\/International\/wp-json\/wp\/v2\/posts\/62278","targetHints":{"allow":["GET"]}}],"collection":[{"href":"https:\/\/linitiative.ca\/International\/wp-json\/wp\/v2\/posts"}],"about":[{"href":"https:\/\/linitiative.ca\/International\/wp-json\/wp\/v2\/types\/post"}],"author":[{"embeddable":true,"href":"https:\/\/linitiative.ca\/International\/wp-json\/wp\/v2\/users\/1788"}],"replies":[{"embeddable":true,"href":"https:\/\/linitiative.ca\/International\/wp-json\/wp\/v2\/comments?post=62278"}],"version-history":[{"count":0,"href":"https:\/\/linitiative.ca\/International\/wp-json\/wp\/v2\/posts\/62278\/revisions"}],"wp:attachment":[{"href":"https:\/\/linitiative.ca\/International\/wp-json\/wp\/v2\/media?parent=62278"}],"wp:term":[{"taxonomy":"category","embeddable":true,"href":"https:\/\/linitiative.ca\/International\/wp-json\/wp\/v2\/categories?post=62278"},{"taxonomy":"post_tag","embeddable":true,"href":"https:\/\/linitiative.ca\/International\/wp-json\/wp\/v2\/tags?post=62278"}],"curies":[{"name":"wp","href":"https:\/\/api.w.org\/{rel}","templated":true}]}}