{"id":62284,"date":"2019-09-25T06:45:00","date_gmt":"2019-09-25T10:45:00","guid":{"rendered":"https:\/\/linitiative.ca\/International\/changement-climatique-lonu-veut-ameliorer-laccord-de-paris\/"},"modified":"2019-09-25T06:45:00","modified_gmt":"2019-09-25T10:45:00","slug":"changement-climatique-lonu-veut-ameliorer-laccord-de-paris","status":"publish","type":"post","link":"https:\/\/linitiative.ca\/International\/changement-climatique-lonu-veut-ameliorer-laccord-de-paris\/","title":{"rendered":"Changement climatique: L\u2019ONU veut am\u00e9liorer l\u2019accord de Paris"},"content":{"rendered":"<div readability=\"35\">\n<p>Plusieurs pays annoncent leur intention d\u2019\u00eatre neutres en carbone d\u2019ici 2050<\/p>\n<p>Les Etats-Unis, les grands absents du sommet sur l\u2019urgence climatique<\/p>\n<\/div>\n<div readability=\"136\">\n<div class=\"dnd-atom-wrapper type-image context-sdl_editor_representation\" contenteditable=\"false\">\n<div class=\"dnd-drop-wrapper image\"><img loading=\"lazy\" decoding=\"async\" typeof=\"foaf:Image\" class=\"img-responsive\" src=\"https:\/\/www.leconomiste.com\/sites\/default\/files\/eco7\/public\/thumbnails\/image\/paris_climat_onu_099.jpg\" width=\"800\" height=\"776\" alt=\"paris_climat_onu_099.jpg\" title=\"paris_climat_onu_099.jpg\"\/><\/div>\n<\/div>\n<p class=\"rtejustify\">C\u2019est ce mardi que doivent d\u00e9marrer les interventions des chefs d\u2019Etat et de gouvernement\u00a0 sur l\u2019urgence climatique. Une soixantaine de dirigeants mondiaux se sont retrouv\u00e9s lundi \u00e0 l\u2019ONU pour un sommet cens\u00e9 revigorer le chancelant accord de Paris, alors que jamais l\u2019humanit\u00e9 n\u2019a rejet\u00e9 dans l\u2019atmosph\u00e8re autant de gaz \u00e0 effet de serre.<\/p>\n<p class=\"rtejustify\">Trois jours apr\u00e8s que des millions de jeunes ont manifest\u00e9 sur cinq continents pour le climat, et quatre jours avant une nouvelle gr\u00e8ve mondiale de l\u2019\u00e9cole, le secr\u00e9taire g\u00e9n\u00e9ral des Nations unies, Antonio Guterres, \u00abesp\u00e8re que des dizaines de pays opteraient pour\u00a0 une r\u00e9vision \u00e0 la hausse de leurs plans de r\u00e9duction des \u00e9missions de gaz \u00e0 effet de serre\u00bb. Moins de la moiti\u00e9 des 136 chefs d\u2019Etats et de gouvernements qui viennent cette semaine \u00e0 New York pour l\u2019Assembl\u00e9e g\u00e9n\u00e9rale annuelle de l\u2019ONU ont demand\u00e9 \u00e0 participer.<\/p>\n<p class=\"rtejustify\">Symbole de la jeunesse r\u00e9volt\u00e9e, la Su\u00e9doise Greta Thunberg, 16 ans, a \u00e9t\u00e9 invit\u00e9e \u00e0 prononcer devant les dirigeants un discours qu\u2019on attend sans d\u00e9tours.<\/p>\n<p class=\"rtejustify\">A la tribune, les Etats-Unis seront les grands absents. Donald Trump sera dans les murs mais s\u2019exprimera \u00e0 un \u00e9v\u00e9nement sur la libert\u00e9 de religion. Le Br\u00e9sil et l\u2019Australie, dont le Premier ministre conservateur \u00e9tait \u00e0 la Maison Blanche la semaine derni\u00e8re, non plus, faute de choses \u00e0 annoncer. Mais la Chine, qui d\u00e9vore du charbon et \u00e9met deux fois plus de gaz \u00e0 effet de serre que les Etats-Unis, s\u2019exprimera par la voix de son chef de la diplomatie, Wang Yi.<\/p>\n<p class=\"rtejustify\">L\u2019Indien Narendra Modi, dont le pays est comme la Chine fid\u00e8le au charbon mais qui s\u2019active dans les \u00e9nergies renouvelables, devait rencontrer\u00a0 Angela Merkel et les dirigeantes de Nouvelle-Z\u00e9lande et des \u00celes Marshall, dans le Pacifique. Un nombre important d\u2019Etats devraient annoncer leur intention d\u2019\u00eatre neutres en carbone d\u2019ici 2050, selon Antonio Guterres, c\u2019est-\u00e0-dire qu\u2019ils r\u00e9duiront grandement leurs \u00e9missions et compenseront le reliquat par des plantations d\u2019arbres qui absorbent le carbone de l\u2019air.<\/p>\n<p class=\"rtejustify\">Cet objectif de \u00abneutralit\u00e9 carbone\u00bb, consid\u00e9r\u00e9 si radical en 2015 qu\u2019il avait \u00e9t\u00e9 exclu du texte de l\u2019accord de Paris, est devenu un point de ralliement pour de plus en plus d\u2019Etats (Royaume-Uni, France&#8230; Union europ\u00e9enne&#8230;) et de multinationales, rendu plus pressant par les canicules de l\u2019\u00e9t\u00e9 dernier, les cyclones et les images de glaciers fondant presque \u00e0 vue d\u2019\u0153il.<\/p>\n<p class=\"rtejustify\">Les cinq ann\u00e9es pass\u00e9es auraient constitu\u00e9 la p\u00e9riode la plus chaude jamais enregistr\u00e9e, selon un rapport publi\u00e9 dimanche par l\u2019ONU. (Voir encadr\u00e9). La Terre est en moyenne plus chaude d\u20191 degr\u00e9 qu\u2019il y a un si\u00e8cle. Et le rythme va en s\u2019acc\u00e9l\u00e9rant.<\/p>\n<p class=\"rtejustify\">Mais les promesses de lundi n\u2019auront pas de valeur l\u00e9gale. Le sommet n\u2019est qu\u2019un \u00abtremplin\u00bb vers la r\u00e9union COP26 de Glasgow fin 2020, quand les pays sont cens\u00e9s soumettre \u00e0 l\u2019ONU des engagements r\u00e9vis\u00e9s \u00e0 la hausse de lutte contre le changement climatique.<\/p>\n<p class=\"rtejustify\">Selon l\u2019ONU, 75 des 195 pays signataires de l\u2019accord de Paris ont d\u00e9j\u00e0 exprim\u00e9\u00a0 leur intention de le faire. Les Etats-Unis de Donald Trump n\u2019en font pas partie. Dans l\u2019actualit\u00e9 plus br\u00fblante, l\u2019Amazonie sera le sujet d\u2019une r\u00e9union qui devait \u00eatre organis\u00e9e par le Chili, la Colombie et la France hier lundi,\u00a0 juste avant le sommet \u00e0 12 heures GMT, avec le lancement pr\u00e9vu d\u2019une initiative pour la protection des for\u00eats tropicales.<\/p>\n<p class=\"rtejustify\">Le sujet est sensible apr\u00e8s que le pr\u00e9sident br\u00e9silien Jair Bolsonaro, en conflit ouvert avec Emmanuel Macron, a d\u00e9nonc\u00e9 une remise en cause de la souverainet\u00e9 du Br\u00e9sil, qui contient la majorit\u00e9 de la for\u00eat amazonienne. La France rassure: la r\u00e9union se fera \u00abdans le respect de la souverainet\u00e9 de chacun\u00bb, selon le ministre des Affaires \u00e9trang\u00e8res, Jean-Yves Le Drian, relay\u00e9 par l\u2019AFP.<\/p>\n<p class=\"rtejustify\">L\u2019agenda du pr\u00e9sident iranien, Hassan Rohani, devait \u00e9galement \u00eatre\u00a0 suivi de pr\u00e8s par les diplomates, m\u00eame si une rencontre avec Donald Trump semble peu probable, apr\u00e8s les attaques contre des installations p\u00e9troli\u00e8res saoudiennes attribu\u00e9es \u00e0 T\u00e9h\u00e9ran par Washington.<\/p>\n<blockquote readability=\"31\">\n<p class=\"rtecenter\"><strong><span class=\"c6\">Les 5 derni\u00e8res ann\u00e9es, les plus chaudes<\/span><\/strong><\/p>\n<p class=\"rtejustify\">Les cinq derni\u00e8res ann\u00e9es (2015-2019) auraient constitu\u00e9 la p\u00e9riode la plus chaude jamais enregistr\u00e9e, selon un rapport publi\u00e9 par l\u2019Organisation m\u00e9t\u00e9orologique mondiale (OMM). A la veille de la tenue d\u2019un sommet climat en pr\u00e9sence d\u2019une soixantaine de dirigeants mondiaux \u00e0 New York, l\u2019OMM a indiqu\u00e9 que la p\u00e9riode 2015-2019 s\u2019est caract\u00e9ris\u00e9e par une temp\u00e9rature moyenne plus \u00e9lev\u00e9e de 1,1 degr\u00e9 centigrade par rapport \u00e0 celle de 1850-1900.<br \/>Le mois de juillet 2019, marqu\u00e9 par plusieurs canicules notamment en Europe, avait battu le record absolu de temp\u00e9rature. Ainsi, le charbon, le p\u00e9trole et gaz ont poursuivi leur croissance en 2018. Les \u00e9missions de gaz \u00e0 effet de serre ont encore augment\u00e9, et pour 2019, elles seront \u00abau moins aussi \u00e9lev\u00e9es\u00bb qu\u2019en 2018, soulignent les scientifiques, auteurs du rapport pour l\u2019ONU. Dans l\u2019\u00e9tat actuel des engagements des pays pour r\u00e9duire les \u00e9missions de gaz \u00e0 effet de serre, la plan\u00e8te sera plus chaude de 2,9 \u00e0 3,4 degr\u00e9s\u00a0 d\u2019ici 2100. Il en ressort que les efforts anti-carbone doivent \u00eatre multipli\u00e9s par cinq pour contenir le r\u00e9chauffement \u00e0 +1,5 degr\u00e9, comme le pr\u00e9voit l\u2019accord de Paris de 2015. La liste de mauvaises nouvelles sur l\u2019\u00e9tat de la plan\u00e8te est minutieusement d\u00e9taill\u00e9e par le rapport de l\u2019OMM, pr\u00e9cisant notamment que la mont\u00e9e du niveau des oc\u00e9ans s\u2019acc\u00e9l\u00e8re, \u00e0 cause de la fonte plus rapide des calottes glaciaires aux p\u00f4les Nord et Sud. Dans ce contexte, une soixantaine de dirigeants ont \u00e9t\u00e9\u00a0 convi\u00e9s par l\u2019ONU \u00e0 un sommet, \u00e0 la veille de l\u2019Assembl\u00e9e g\u00e9n\u00e9rale annuelle des Nations unies.<\/p>\n<\/blockquote>\n<p class=\"rtejustify\"><em>A.G.<\/em><\/p>\n<\/div>\n<p>Auteur: hlafriqi<br \/>\n<a href=\"https:\/\/www.leconomiste.com\/article\/1050650-changement-climatique-l-onu-veut-ameliorer-l-accord-de-paris\">Cliquez ici pour lire l&rsquo;article depuis sa source.<\/a><\/p>\n","protected":false},"excerpt":{"rendered":"<p>Plusieurs pays annoncent leur intention d\u2019\u00eatre neutres en carbone d\u2019ici 2050 Les Etats-Unis, les grands absents du sommet sur l\u2019urgence climatique C\u2019est ce mardi que doivent d\u00e9marrer les interventions des chefs d\u2019Etat et de gouvernement\u00a0 sur l\u2019urgence climatique. Une soixantaine de dirigeants mondiaux se sont retrouv\u00e9s lundi \u00e0 l\u2019ONU pour un sommet cens\u00e9 revigorer le [&hellip;]<\/p>\n","protected":false},"author":1763,"featured_media":62285,"comment_status":"closed","ping_status":"closed","sticky":false,"template":"","format":"standard","meta":{"fifu_image_url":"","fifu_image_alt":"","footnotes":""},"categories":[78,54],"tags":[],"class_list":["post-62284","post","type-post","status-publish","format-standard","has-post-thumbnail","hentry","category-economie","category-maroc"],"_links":{"self":[{"href":"https:\/\/linitiative.ca\/International\/wp-json\/wp\/v2\/posts\/62284","targetHints":{"allow":["GET"]}}],"collection":[{"href":"https:\/\/linitiative.ca\/International\/wp-json\/wp\/v2\/posts"}],"about":[{"href":"https:\/\/linitiative.ca\/International\/wp-json\/wp\/v2\/types\/post"}],"author":[{"embeddable":true,"href":"https:\/\/linitiative.ca\/International\/wp-json\/wp\/v2\/users\/1763"}],"replies":[{"embeddable":true,"href":"https:\/\/linitiative.ca\/International\/wp-json\/wp\/v2\/comments?post=62284"}],"version-history":[{"count":0,"href":"https:\/\/linitiative.ca\/International\/wp-json\/wp\/v2\/posts\/62284\/revisions"}],"wp:featuredmedia":[{"embeddable":true,"href":"https:\/\/linitiative.ca\/International\/wp-json\/"}],"wp:attachment":[{"href":"https:\/\/linitiative.ca\/International\/wp-json\/wp\/v2\/media?parent=62284"}],"wp:term":[{"taxonomy":"category","embeddable":true,"href":"https:\/\/linitiative.ca\/International\/wp-json\/wp\/v2\/categories?post=62284"},{"taxonomy":"post_tag","embeddable":true,"href":"https:\/\/linitiative.ca\/International\/wp-json\/wp\/v2\/tags?post=62284"}],"curies":[{"name":"wp","href":"https:\/\/api.w.org\/{rel}","templated":true}]}}