{"id":62286,"date":"2019-09-25T07:00:00","date_gmt":"2019-09-25T11:00:00","guid":{"rendered":"https:\/\/linitiative.ca\/International\/israel-les-partis-arabes-soutiennent-gantz\/"},"modified":"2019-09-25T07:00:00","modified_gmt":"2019-09-25T11:00:00","slug":"israel-les-partis-arabes-soutiennent-gantz","status":"publish","type":"post","link":"https:\/\/linitiative.ca\/International\/israel-les-partis-arabes-soutiennent-gantz\/","title":{"rendered":"Isra\u00ebl: Les partis arabes soutiennent Gantz"},"content":{"rendered":"<div readability=\"34\">\n<p>Les consultations pour la formation d\u2019un gouvernement d\u00e9marrent<\/p>\n<p>Les deux formations rivales loin du compte<\/p>\n<\/div>\n<div readability=\"91\">\n<div class=\"dnd-atom-wrapper type-image context-sdl_editor_representation\" contenteditable=\"false\" readability=\"32\">\n<div class=\"dnd-drop-wrapper image\"><img loading=\"lazy\" decoding=\"async\" typeof=\"foaf:Image\" class=\"img-responsive\" src=\"https:\/\/www.leconomiste.com\/sites\/default\/files\/eco7\/public\/thumbnails\/image\/netanyahou-099.jpg\" width=\"660\" height=\"330\" alt=\"netanyahou-099.jpg\" title=\"netanyahou-099.jpg\"\/><\/div>\n<div class=\"dnd-legend-wrapper\" contenteditable=\"true\" readability=\"9\">\n<p class=\"rtejustify\">Le pr\u00e9sident isra\u00e9lien, Reuven Rivlin a donn\u00e9 14 jours au Premier ministre sortant Benjamin Netanyahu pour qu\u2019il lance les consultations pour la formation d\u2019un gouvernement <em>(Ph. AFP)<\/em><\/p>\n<\/div>\n<\/div>\n<p class=\"rtejustify\">Coup de tonnerre en Isra\u00ebl. Pour la premi\u00e8re fois depuis un quart de si\u00e8cle, les\u00a0\u00a0 arabes soutiennent un candidat pour le poste de Premier ministre d&rsquo;Isra\u00ebl. Et c\u2019est le rival de Benjamin Netanyahu, en l&rsquo;occurrence Benny Gantz.<\/p>\n<p class=\"rtejustify\">L\u2019objectif est de mettre fin au long r\u00e8gne du chef du Likoud, parti de droite conservateur. Les partis arabes ont \u00e9mis la recommandation \u00e0 l&rsquo;ouverture, par le pr\u00e9sident Reuven Rivlin, des consultations avec les partis politiques pour d\u00e9signer celui qui sera charg\u00e9 de former un gouvernement de coalition, dans le sillage des l\u00e9gislatives du 17 septembre.<\/p>\n<p class=\"rtejustify\">Au terme de ce scrutin, le parti centriste Kahol Lavan (Bleu-blanc) de Gantz a obtenu 33 si\u00e8ges sur les 120 du Parlement, contre 31 pour le Likoud (droite) de Netanyahu, Premier ministre sortant et le plus p\u00e9renne de l&rsquo;histoire d&rsquo;Isra\u00ebl \u00e0 ce poste (13 ans de pouvoir au total). Mais, en comptant leurs alli\u00e9s, les deux grands rivaux restent incapables d&rsquo;atteindre le nombre de 61 d\u00e9put\u00e9s, seuil de la majorit\u00e9 absolue.<\/p>\n<p class=\"rtejustify\">Le pr\u00e9sident Rivlin, dont la fonction est quasi symbolique, a d\u00e9but\u00e9 les consultations afin d&rsquo;arbitrer le diff\u00e9rend. Sans se prononcer dans le d\u00e9tail, il a annonc\u00e9 la couleur: \u00abJe suis convaincu qu&rsquo;il faut former un gouvernement stable avec les deux grands partis\u00bb, le Likoud et Bleu-Blanc\u00bb. Selon lui, \u00abC&rsquo;est la volont\u00e9 du peuple\u00bb.<\/p>\n<p class=\"rtejustify\">Mais une grande question demeure: qui pourra diriger cet \u00e9ventuel gouvernement de coalition? La liste unie des partis arabes isra\u00e9liens d&rsquo;Ayman Odeh, devenue la troisi\u00e8me force politique du pays avec 13 si\u00e8ges, a caus\u00e9 la surprise en r\u00e9pondant: Benny Gantz. Sous l&rsquo;\u00e8re Netanyahu, nous sommes devenus non l\u00e9gitimes dans la politique isra\u00e9lienne (&#8230;). Nous cherchons donc \u00e0 l\u2019emp\u00eacher d&rsquo;\u00eatre Premier ministre\u00bb, a d\u00e9clar\u00e9 Odeh au pr\u00e9sident Rivlin.<\/p>\n<p class=\"rtejustify\">C&rsquo;est pourquoi \u00abnous recommandons cette fois Benny Gantz pour former le prochain gouvernement\u00bb, a-t-il ajout\u00e9. Il s&rsquo;agit de la premi\u00e8re fois depuis 1992 que des partis majoritairement arabes soutiennent un candidat au poste de Premier ministre en Isra\u00ebl. A l&rsquo;\u00e9poque, ils avaient soutenu Yitzhak Rabin, assassin\u00e9 trois ans plus tard par un extr\u00e9miste juif oppos\u00e9 aux accords de paix isra\u00e9lo-palestiniens d&rsquo;Oslo.<\/p>\n<p class=\"rtejustify\">L\u2019appui des partis arabes ne permet pas pour l&rsquo;instant \u00e0 Benny Gantz de franchir le seuil des 61 d\u00e9put\u00e9s. Mais il envoie un message clair au pr\u00e9sident que la troisi\u00e8me force politique du pays ne souhaite pas voir Netanyahu comme chef d&rsquo;une \u00e9ventuelle coalition incluant, entre autres, le Likoud et Bleu-blanc. L&rsquo;autre personnage cl\u00e9 est Avigdor Lieberman,\u00a0 ancien ministre de la D\u00e9fense et ex-alli\u00e9 de Netanyahu a fait le choix du non-choix.<\/p>\n<p class=\"rtejustify\"><em>A.G.<\/em><\/p>\n<\/div>\n<p>Auteur: hlafriqi<br \/>\n<a href=\"https:\/\/www.leconomiste.com\/article\/1050661-israel-les-partis-arabes-soutiennent-gantz\">Cliquez ici pour lire l&rsquo;article depuis sa source.<\/a><\/p>\n","protected":false},"excerpt":{"rendered":"<p>Les consultations pour la formation d\u2019un gouvernement d\u00e9marrent Les deux formations rivales loin du compte Le pr\u00e9sident isra\u00e9lien, Reuven Rivlin a donn\u00e9 14 jours au Premier ministre sortant Benjamin Netanyahu pour qu\u2019il lance les consultations pour la formation d\u2019un gouvernement (Ph. AFP) Coup de tonnerre en Isra\u00ebl. Pour la premi\u00e8re fois depuis un quart de [&hellip;]<\/p>\n","protected":false},"author":1763,"featured_media":62287,"comment_status":"closed","ping_status":"closed","sticky":false,"template":"","format":"standard","meta":{"fifu_image_url":"","fifu_image_alt":"","footnotes":""},"categories":[78,54],"tags":[],"class_list":["post-62286","post","type-post","status-publish","format-standard","has-post-thumbnail","hentry","category-economie","category-maroc"],"_links":{"self":[{"href":"https:\/\/linitiative.ca\/International\/wp-json\/wp\/v2\/posts\/62286","targetHints":{"allow":["GET"]}}],"collection":[{"href":"https:\/\/linitiative.ca\/International\/wp-json\/wp\/v2\/posts"}],"about":[{"href":"https:\/\/linitiative.ca\/International\/wp-json\/wp\/v2\/types\/post"}],"author":[{"embeddable":true,"href":"https:\/\/linitiative.ca\/International\/wp-json\/wp\/v2\/users\/1763"}],"replies":[{"embeddable":true,"href":"https:\/\/linitiative.ca\/International\/wp-json\/wp\/v2\/comments?post=62286"}],"version-history":[{"count":0,"href":"https:\/\/linitiative.ca\/International\/wp-json\/wp\/v2\/posts\/62286\/revisions"}],"wp:featuredmedia":[{"embeddable":true,"href":"https:\/\/linitiative.ca\/International\/wp-json\/"}],"wp:attachment":[{"href":"https:\/\/linitiative.ca\/International\/wp-json\/wp\/v2\/media?parent=62286"}],"wp:term":[{"taxonomy":"category","embeddable":true,"href":"https:\/\/linitiative.ca\/International\/wp-json\/wp\/v2\/categories?post=62286"},{"taxonomy":"post_tag","embeddable":true,"href":"https:\/\/linitiative.ca\/International\/wp-json\/wp\/v2\/tags?post=62286"}],"curies":[{"name":"wp","href":"https:\/\/api.w.org\/{rel}","templated":true}]}}