{"id":62298,"date":"2019-09-24T20:00:00","date_gmt":"2019-09-25T00:00:00","guid":{"rendered":"https:\/\/linitiative.ca\/International\/signature-dun-contrat-sonatrach-ronesans-m-arkab-a-istanbul\/"},"modified":"2019-09-24T20:00:00","modified_gmt":"2019-09-25T00:00:00","slug":"signature-dun-contrat-sonatrach-ronesans-m-arkab-a-istanbul","status":"publish","type":"post","link":"https:\/\/linitiative.ca\/International\/signature-dun-contrat-sonatrach-ronesans-m-arkab-a-istanbul\/","title":{"rendered":"Signature d&rsquo;un contrat Sonatrach-RONESANS   :  M. Arkab \u00e0 Istanbul"},"content":{"rendered":"<p>Le ministre de l\u2019Energie, Mohamed Arkab, se\u00a0\u00a0 rendra demain \u00e0 Istanbul pour assister \u00e0 la c\u00e9r\u00e9monie de signature du contrat de r\u00e9alisation d&rsquo;un complexe p\u00e9trochimique pour la transformation du propane en polypropyl\u00e8ne en Turquie, un partenariat entre Sonatrach et la soci\u00e9t\u00e9 turque Ronesans. \u00a0<br \/>Cet important projet, d\u2019une capacit\u00e9 de production de 450.000 tonnes par an de polypropyl\u00e8ne, sera r\u00e9alis\u00e9, dans la r\u00e9gion de Cayhan, dans la province d\u2019Adana. Il permettra \u00e0 Sonatrach, d&rsquo;assurer, \u00e0 long terme, un d\u00e9bouch\u00e9 au propane alg\u00e9rien, \u00e0 l&rsquo;horizon 2040, de diversifier et de valoriser ses ressources gazi\u00e8res.<br \/>\u00a0<\/p>\n<p>Auteur: elmoudjahid<br \/>\n<a href=\"http:\/\/www.elmoudjahid.com\/fr\/actualites\/142421\">Cliquez ici pour lire l&rsquo;article depuis sa source.<\/a><\/p>\n","protected":false},"excerpt":{"rendered":"<p>Le ministre de l\u2019Energie, Mohamed Arkab, se\u00a0\u00a0 rendra demain \u00e0 Istanbul pour assister \u00e0 la c\u00e9r\u00e9monie de signature du contrat de r\u00e9alisation d&rsquo;un complexe p\u00e9trochimique pour la transformation du propane en polypropyl\u00e8ne en Turquie, un partenariat entre Sonatrach et la soci\u00e9t\u00e9 turque Ronesans. \u00a0Cet important projet, d\u2019une capacit\u00e9 de production de 450.000 tonnes par an [&hellip;]<\/p>\n","protected":false},"author":1744,"featured_media":0,"comment_status":"closed","ping_status":"closed","sticky":false,"template":"","format":"standard","meta":{"fifu_image_url":"","fifu_image_alt":"","footnotes":""},"categories":[73,53],"tags":[],"class_list":["post-62298","post","type-post","status-publish","format-standard","hentry","category-actualite","category-algerie"],"_links":{"self":[{"href":"https:\/\/linitiative.ca\/International\/wp-json\/wp\/v2\/posts\/62298","targetHints":{"allow":["GET"]}}],"collection":[{"href":"https:\/\/linitiative.ca\/International\/wp-json\/wp\/v2\/posts"}],"about":[{"href":"https:\/\/linitiative.ca\/International\/wp-json\/wp\/v2\/types\/post"}],"author":[{"embeddable":true,"href":"https:\/\/linitiative.ca\/International\/wp-json\/wp\/v2\/users\/1744"}],"replies":[{"embeddable":true,"href":"https:\/\/linitiative.ca\/International\/wp-json\/wp\/v2\/comments?post=62298"}],"version-history":[{"count":0,"href":"https:\/\/linitiative.ca\/International\/wp-json\/wp\/v2\/posts\/62298\/revisions"}],"wp:attachment":[{"href":"https:\/\/linitiative.ca\/International\/wp-json\/wp\/v2\/media?parent=62298"}],"wp:term":[{"taxonomy":"category","embeddable":true,"href":"https:\/\/linitiative.ca\/International\/wp-json\/wp\/v2\/categories?post=62298"},{"taxonomy":"post_tag","embeddable":true,"href":"https:\/\/linitiative.ca\/International\/wp-json\/wp\/v2\/tags?post=62298"}],"curies":[{"name":"wp","href":"https:\/\/api.w.org\/{rel}","templated":true}]}}