{"id":62299,"date":"2019-09-24T20:00:00","date_gmt":"2019-09-25T00:00:00","guid":{"rendered":"https:\/\/linitiative.ca\/International\/incendie-a-lhopital-mere-enfant-del-oued-deces-de-8-nouveau-nes\/"},"modified":"2019-09-24T20:00:00","modified_gmt":"2019-09-25T00:00:00","slug":"incendie-a-lhopital-mere-enfant-del-oued-deces-de-8-nouveau-nes","status":"publish","type":"post","link":"https:\/\/linitiative.ca\/International\/incendie-a-lhopital-mere-enfant-del-oued-deces-de-8-nouveau-nes\/","title":{"rendered":"Incendie \u00e0 l\u2019h\u00f4pital M\u00e8re-Enfant d\u2019El-Oued  :  D\u00e9c\u00e8s de 8 nouveau-n\u00e9s"},"content":{"rendered":"<p>Le chef de l&rsquo;Etat, Abdelkader Bensalah a adress\u00e9 un message de condol\u00e9ances aux familles des victimes de l&rsquo;incendie qui s&rsquo;est d\u00e9clar\u00e9 dans un h\u00f4pital \u00e0 El-Oued.\u2008<\/p>\n<p>Il a donn\u00e9 des instructions pour proc\u00e9der imm\u00e9diatement \u00e0 la d\u00e9termination des circonstances et causes de l&rsquo;incendie et \u00e0 la prise de mesures urgentes pour prendre en charge les bless\u00e9s et les s\u00e9quelles physiques et psychologiques des sinistr\u00e9s. \u00abSuite au tragique accident caus\u00e9 par l&rsquo;incendie qui s&rsquo;est d\u00e9clar\u00e9 au niveau de l&rsquo;h\u00f4pital M\u00e8re-Enfant \u00e0 El-Oued, ayant fait huit morts parmi les nouveau-n\u00e9s et en ces douloureuses et tristes circonstances lors desquelles des familles ayant perdu leurs prog\u00e9nitures se retrouvent brusquement priv\u00e9es de la joie de leur naissance, et apr\u00e8s avoir donn\u00e9 des instructions \u00e0 l&rsquo;effet de proc\u00e9der imm\u00e9diatement \u00e0 la d\u00e9termination des causes de cet incident et la prise de mesures urgentes pour prendre en charge les bless\u00e9s et les s\u00e9quelles physiques et psychologiques des sinistr\u00e9s, je tiens \u00e0 exprimer ma profonde affliction et mes sinc\u00e8res sentiments de solidarit\u00e9 et de compassion avec les familles et les proches des victimes, priant Dieu Le Tout-Puissant et Mis\u00e9ricordieux de leur pr\u00eater patience et courage\u00bb.<br \/>Le chef de l&rsquo;Etat a conclu son message en citant le verset coranique : \u00abEt fais la bonne annonce aux endurants qui disent quand un malheur les atteint : certes nous sommes \u00e0 Allah et c&rsquo;est \u00e0 lui que nous retournerons\u00bb.<\/p>\n<p><strong>Le Premier ministre pr\u00e9sente ses condol\u00e9ances<\/strong><\/p>\n<p>Suite \u00e0 l\u2019incendie survenu durant la nuit \u00e0 l&rsquo;\u00abh\u00f4pital m\u00e8re-enfant\u00bb d\u2019Oued Souf, le Premier ministre, M. Noureddine Bedoui a pr\u00e9sent\u00e9, en son nom et au nom du gouvernement, ses condol\u00e9ances les plus attrist\u00e9es aux familles des victimes, indique un communiqu\u00e9 des services du Premier minist\u00e8re.<\/p>\n<p>&#8212;&#8212;&#8212;&#8212;&#8212;&#8212;&#8212;&#8212;&#8212;&#8212;<\/p>\n<p>Protection civile<br \/><strong>8 nouveau-n\u00e9s d\u00e9c\u00e9d\u00e9s<\/strong><\/p>\n<p>Huit nouveau-n\u00e9s ont succomb\u00e9s dans l\u2019incendie de la maternit\u00e9 de la cit\u00e9 17-Octobre et plus de 70 personnes ont \u00e9t\u00e9 secourues, selon une source de la Protection civile. Les nouveau-n\u00e9s sont d\u00e9c\u00e9d\u00e9s, 3 des suites de brulures et les 5 autres par asphyxie, tandis que plus de 70 personnes ont pu \u00eatre secourues, dont 11 nouveau-n\u00e9s, 37 femmes, et 25 travailleurs, a-t-on pr\u00e9cis\u00e9 de m\u00eame source. L\u2019origine de l\u2019incendie survenu vers 4h serait due \u00e0 un court-circuit \u00e9lectrique, selon les premiers \u00e9l\u00e9ments d\u2019informations recueillis sur place. Les m\u00eames services ont mobilis\u00e9, suite \u00e0 cet incident, \u00ab10 camions anti-incendie et des ambulances pour l&rsquo;\u00e9vacuation des victimes et l&rsquo;extinction du feu, en vue d&rsquo;\u00e9viter sa propagation \u00e0 d&rsquo;autres services\u00bb. Contact\u00e9s par l&rsquo;APS, ni le directeur de la maternit\u00e9, ni le directeur de la sant\u00e9 de la wilaya n&rsquo;ont voulu s&rsquo;exprimer sur ce drame.<\/p>\n<p><strong>Le procureur de la R\u00e9publique ouvre une enqu\u00eate<\/strong><\/p>\n<p>Le procureur de la R\u00e9publique pr\u00e8s le tribunal d&rsquo;El Oued a ouvert une enqu\u00eate sur l&rsquo;incendie qui s&rsquo;est d\u00e9clar\u00e9 \u00e0 l&rsquo;h\u00f4pital, a-t-on appris de sources judiciaires. Il s&rsquo;est d\u00e9plac\u00e9 \u00e0 l&rsquo;h\u00f4pital pour proc\u00e9der au \u00abconstat n\u00e9cessaire, indique un communiqu\u00e9 du procureur. \u00abAccompagn\u00e9 de la police judiciare et du m\u00e9decin l\u00e9giste de la police technique, le procureur a ordonn\u00e9 une autopsie pour d\u00e9terminer les causes du d\u00e9c\u00e8s et le lancement d&rsquo;investigations pour d\u00e9finir les responsabilit\u00e9s\u00bb, pr\u00e9cise la m\u00eame source.<\/p>\n<p><strong>Des citoyens appellent \u00e0 d\u00e9terminer les responsabilit\u00e9s<\/strong><\/p>\n<p>De nombreux citoyens se sont rassembl\u00e9s devant la maternit\u00e9 de l\u2019\u00e9tablissement hospitalier m\u00e8re et enfant Bachir-Bennacer appelant \u00e0 la d\u00e9termination des responsabilit\u00e9s et \u00e0 une am\u00e9lioration des prestations de sant\u00e9, a-t-on constat\u00e9.<br \/>Les protestataires, quelque 400 personnes, notamment des parents et proches des victimes, ont soulev\u00e9 des slogans d\u00e9plorant la situation de cette structure de sant\u00e9, appelant \u00e0 l\u2019am\u00e9lioration des prestations de sant\u00e9 et r\u00e9clamant l\u2019ouverture d\u2019une enqu\u00eate pour d\u00e9terminer les responsabilit\u00e9s dans ce drame.<\/p>\n<p><strong>Suspension de plusieurs responsables<\/strong><\/p>\n<p>Le ministre de la Sant\u00e9, de la Population et de la R\u00e9forme hospitali\u00e8re, Mohamed Miraoui, a d\u00e9cid\u00e9 la suspension du directeur de la Sant\u00e9 de la wilaya d&rsquo;El Oued, le directeur de l&rsquo;Etablissement hospitalier m\u00e8re-enfant ainsi que du responsable de la permanence, a indiqu\u00e9 un communiqu\u00e9 du minist\u00e8re. Cette d\u00e9cision est intervenue lors de la visite du ministre de la Sant\u00e9 dans la wilaya pour s&rsquo;enqu\u00e9rir de pr\u00e8s des d\u00e9g\u00e2ts caus\u00e9s par l&rsquo;incendie. Apr\u00e8s les condol\u00e9ances aux familles des victimes, le minist\u00e8re de la Sant\u00e9 a fait savoir que \u00abl&rsquo;incendie aurait \u00e9t\u00e9 provoqu\u00e9, selon les r\u00e9sultats pr\u00e9liminaires de l&rsquo;enqu\u00eate, par une \u00e9tincelle \u00e9lectrique provenant d&rsquo;un appareil anti-moustique\u00bb, ajoutant que \u00ables investigations se poursuivent pour conna\u00eetre toutes les circonstances de ce sinistre\u00bb. \u00a0<br \/>Le minist\u00e8re a rappel\u00e9 avoir avis\u00e9 toutes les directions de la sant\u00e9 et de la population, \u00e0 travers le territoire national, les \u00e9tablissements hospitaliers et les \u00e9tablissements publics de la sant\u00e9 de proximit\u00e9 \u00e0 travers une note datant du 1 ao\u00fbt 2019 \u00abdes mesures op\u00e9rationnelles et pr\u00e9ventives contre les incendies, expliquant plusieurs proc\u00e9dures \u00e0 suivre\u00bb.<br \/>\u00a0Parmi ces mesures, explique le minist\u00e8re de tutelle, figurent \u00able contr\u00f4le des \u00e9quipements et mat\u00e9riels de lutte contre les incendies, la v\u00e9rification du bon fonctionnement des moyens de communication et de l&rsquo;op\u00e9rabilit\u00e9 des syst\u00e8mes d&rsquo;alerte, outre la r\u00e9paration de toutes pannes \u00e9lectriques au niveau de toutes les unit\u00e9s et services\u00bb.<\/p>\n<p><strong>Les familles des victimes seront prises en charge<\/strong><\/p>\n<p>\u00abLes familles des victimes seront prises en charge aux plans mat\u00e9riel et psychologique, en plus de la prise en charge par le minist\u00e8re, des familles ayant eu une naissance par voie de procr\u00e9ation m\u00e9dicalement assist\u00e9e (ins\u00e9mination artificielle)\u00bb, a affirm\u00e9 le ministre dans un point de presse \u00e0 l\u2019issue de sa visite \u00e0 El-Oued pour s\u2019enqu\u00e9rir de pr\u00e8s de la situation et rencontrer les familles des victimes de l&rsquo;incendie. \u00a0<br \/>Il a annonc\u00e9, en outre, l\u2019envoi prochain d\u2019une commission compos\u00e9e de directeurs centraux du minist\u00e8re pour l&rsquo;inspection des\u00a0\u00a0 structures de sant\u00e9 et l\u2019identification des carences, \u00e0 la lumi\u00e8re desquelles sera \u00e9labor\u00e9 un programme de rattrapage des insuffisances afin d\u2019am\u00e9liorer les prestations de sant\u00e9. Le ministre a fait \u00e9tat aussi de la r\u00e9ception du nouvel \u00e9tablissement hospitalier sp\u00e9cialis\u00e9 M\u00e8re-Enfant \u00e0 El-Oued au courant du premier trimestre de 2020. \u00a0<br \/>Concernant des plaintes soulev\u00e9es contre certains praticiens et param\u00e9dicaux exer\u00e7ant \u00e0 la maternit\u00e9 d\u2019El-Oued et li\u00e9es \u00e0 des faits de corruption, le ministre de la Sant\u00e9 a assur\u00e9 qu\u2019une \u00abenqu\u00eate sera enclench\u00e9e et que les proc\u00e9dures judiciaires n\u00e9cessaires seront prises \u00e0 ce sujet\u00bb. \u00a0<br \/>\u00a0<\/p>\n<p>Auteur: elmoudjahid<br \/>\n<a href=\"http:\/\/www.elmoudjahid.com\/fr\/actualites\/142422\">Cliquez ici pour lire l&rsquo;article depuis sa source.<\/a><\/p>\n","protected":false},"excerpt":{"rendered":"<p>Le chef de l&rsquo;Etat, Abdelkader Bensalah a adress\u00e9 un message de condol\u00e9ances aux familles des victimes de l&rsquo;incendie qui s&rsquo;est d\u00e9clar\u00e9 dans un h\u00f4pital \u00e0 El-Oued.\u2008 Il a donn\u00e9 des instructions pour proc\u00e9der imm\u00e9diatement \u00e0 la d\u00e9termination des circonstances et causes de l&rsquo;incendie et \u00e0 la prise de mesures urgentes pour prendre en charge les [&hellip;]<\/p>\n","protected":false},"author":1744,"featured_media":0,"comment_status":"closed","ping_status":"closed","sticky":false,"template":"","format":"standard","meta":{"fifu_image_url":"","fifu_image_alt":"","footnotes":""},"categories":[73,53],"tags":[],"class_list":["post-62299","post","type-post","status-publish","format-standard","hentry","category-actualite","category-algerie"],"_links":{"self":[{"href":"https:\/\/linitiative.ca\/International\/wp-json\/wp\/v2\/posts\/62299","targetHints":{"allow":["GET"]}}],"collection":[{"href":"https:\/\/linitiative.ca\/International\/wp-json\/wp\/v2\/posts"}],"about":[{"href":"https:\/\/linitiative.ca\/International\/wp-json\/wp\/v2\/types\/post"}],"author":[{"embeddable":true,"href":"https:\/\/linitiative.ca\/International\/wp-json\/wp\/v2\/users\/1744"}],"replies":[{"embeddable":true,"href":"https:\/\/linitiative.ca\/International\/wp-json\/wp\/v2\/comments?post=62299"}],"version-history":[{"count":0,"href":"https:\/\/linitiative.ca\/International\/wp-json\/wp\/v2\/posts\/62299\/revisions"}],"wp:attachment":[{"href":"https:\/\/linitiative.ca\/International\/wp-json\/wp\/v2\/media?parent=62299"}],"wp:term":[{"taxonomy":"category","embeddable":true,"href":"https:\/\/linitiative.ca\/International\/wp-json\/wp\/v2\/categories?post=62299"},{"taxonomy":"post_tag","embeddable":true,"href":"https:\/\/linitiative.ca\/International\/wp-json\/wp\/v2\/tags?post=62299"}],"curies":[{"name":"wp","href":"https:\/\/api.w.org\/{rel}","templated":true}]}}