{"id":62301,"date":"2019-09-24T20:00:00","date_gmt":"2019-09-25T00:00:00","guid":{"rendered":"https:\/\/linitiative.ca\/International\/proces-de-tartag-mediene-said-bouteflika-et-hanoune-20-ans-de-reclusion-criminelle-requis\/"},"modified":"2019-09-24T20:00:00","modified_gmt":"2019-09-25T00:00:00","slug":"proces-de-tartag-mediene-said-bouteflika-et-hanoune-20-ans-de-reclusion-criminelle-requis","status":"publish","type":"post","link":"https:\/\/linitiative.ca\/International\/proces-de-tartag-mediene-said-bouteflika-et-hanoune-20-ans-de-reclusion-criminelle-requis\/","title":{"rendered":"Proc\u00e8s de Tartag, Medi\u00e8ne, Sa\u00efd Bouteflika et Hanoune  : 20 ans de r\u00e9clusion criminelle  requis"},"content":{"rendered":"<p>\u00a0\u00a0\u00a0\u00a0 20 ans de r\u00e9clusion criminelle ont \u00e9t\u00e9 requis, hier, en d\u00e9but de soir\u00e9e par le tribunal de Blida \u00e0 l\u2019encontre de Sa\u00efd Bouteflika, Mohamed Medi\u00e8ne, Athmane Targtag et Louisa Hanoune. C\u2019est ce que nous a confirm\u00e9, hier, Me Miloud\u00a0 Brahimi, un des avocats de la d\u00e9fense, contact\u00e9 par El Moudjahid. Il fera\u00a0 savoir que la m\u00eame peine a \u00e9t\u00e9 \u00e9galement requise contre l\u2019ancien ministre de la D\u00e9fense nationale, Khaled Nezzar, son fils Lotfi, g\u00e9rant de la soci\u00e9t\u00e9 SMART LINK COM (SLC) et Benhamdine Farid.<br \/>\u00a0\u00a0\u00a0\u00a0 Nezzar et son fils font l\u2019objet, pour rappel, de mandats\u00a0\u00a0 d\u2019arr\u00eat internationaux d\u00e9livr\u00e9s par le tribunal militaire de Blida. En fuite \u00e0 l\u2019\u00e9tranger, ils sont poursuivis pour complot et atteinte \u00e0 l\u2019 ordre public. Me Brahimi informe, en outre, que le\u00a0 verdict sera connu aujourd\u2019hui. En effet, le proc\u00e8s de Sa\u00efd Bouteflika, de Mohamed Medi\u00e8ne, Athmane Tartag et de Louisa Hanoune a abouti, hier, au r\u00e9quisitoire qui sera suivi des plaidoiries de la d\u00e9fense.<br \/>\u00a0\u00a0\u00a0\u00a0 Comme au premier jour de l\u2019ouverture de ce proc\u00e8s, les alentours de l\u2019institution sont \u00e9troitement surveill\u00e9s par les services de s\u00e9curit\u00e9, policiers et gendarmes fortement d\u00e9ploy\u00e9s sur les lieux. L\u2019acc\u00e8s aux audiences est strictement r\u00e9serv\u00e9 aux avocats et aux familles des quatre accus\u00e9s poursuivis, rappelle-t-on, pour \u00abatteinte \u00e0 l\u2019autorit\u00e9 de l\u2019arm\u00e9e\u00bb et \u00abcomplot contre l\u2019autorit\u00e9 de l\u2019Etat\u00bb. De graves accusations pour lesquelles les concern\u00e9s risquent de lourdes peines d\u2019emprisonnement pouvant atteindre jusqu\u2019\u00e0 10 ans fermes, en vertu des articles 284 du code de la justice militaire et des dispositions contenues dans les articles 77 et 78 du code p\u00e9nal. A l\u2019ouverture, lundi dernier, de ce proc\u00e8s embl\u00e9matique et tr\u00e8s m\u00e9diatis\u00e9, le g\u00e9n\u00e9ral Athmane Tartag a refus\u00e9 de compara\u00eetre devant le tribunal, selon Me Farouk Ksentini, un des avocats du collectif de la d\u00e9fense, tandis que Sa\u00efd Bouteflika a refus\u00e9 de r\u00e9pondre aux questions des juges. Autre fait marquant le premier jour du proc\u00e8s, l\u2019audition de l\u2019ex-pr\u00e9sident du Conseil constitutionnel, Tayeb Bela\u00efz, convoqu\u00e9 en tant que t\u00e9moin. D\u2019autres t\u00e9moins devront, eux aussi, se succ\u00e9der \u00e0 la barre parmi lesquels il est question notamment d\u2019ex-conseillers \u00e0 la pr\u00e9sidence de la R\u00e9publique, comme l\u2019a indiqu\u00e9 \u00e0 la presse Me Farouk Ksentini, pour qui ce proc\u00e8s \u00abpeut durer plusieurs jours avant le prononc\u00e9 du verdict\u00bb. Hier, ce qui a le plus distingu\u00e9 ce deuxi\u00e8me jour du proc\u00e8s c\u2019est essentiellement l\u2019audition, par les juges, du g\u00e9n\u00e9ral \u00e0 la retraite Mohamed Medi\u00e8ne, dit Toufik, ex-responsable des services de renseignement qu\u2019il a dirig\u00e9s pendant 25 ans. Selon ses avocats, \u00abil a \u00e9t\u00e9 longuement interrog\u00e9 sur la r\u00e9union du 27 mars qu\u2019avait abrit\u00e9e la r\u00e9sidence Dar El Afia, \u00e0 Hydra, et ses r\u00e9ponses \u00e9taient sereines et convaincantes\u00bb. Malade, et un \u00e9tat de sant\u00e9 qui s\u2019est d\u00e9grad\u00e9 selon sa famille et ses avocats, le g\u00e9n\u00e9ral Toufik, toujours selon ses avocats, a pr\u00e9f\u00e9r\u00e9 le terme \u00abrencontre\u00bb \u00e0 celui de \u00abr\u00e9union\u00bb. Il a reconnu avoir pris part \u00e0 cette \u00abrencontre\u00bb pour apporter, a-t-il dit, sa contribution \u00e0 la r\u00e9solution de la crise que traverse le pays. Il a expliqu\u00e9 aux juges que les accusations pour lesquelles il est poursuivi ont un lien avec les \u00e9v\u00e9nements survenus en 2013, notamment l\u2019ouverture par les services de renseignement, qu\u2019il dirigeait \u00e0 l\u2019\u00e9poque, des dossiers de corruption, entre autres celui li\u00e9 \u00e0 l\u2019affaire Sonatrach \u00e0 laquelle l\u2019ex-pr\u00e9sident s\u2019est oppos\u00e9. Comme rapport\u00e9 par ces avocats, il dira encore que c\u2019est bel et bien pour cette raison qu\u2019il a \u00e9t\u00e9 destitu\u00e9 de son poste.<\/p>\n<p><strong>\u00a0\u00abZeroual a refus\u00e9 de g\u00e9rer la p\u00e9riode de transition\u00bb<\/strong><\/p>\n<p>Toujours selon ses avocats, le g\u00e9n\u00e9ral Toufik a contact\u00e9 l\u2019ancien pr\u00e9sident de la R\u00e9publique, Liamine Zeroual, pour g\u00e9rer la transition, sur proposition de Sa\u00efd Bouteflika apr\u00e8s que ce dernier aurait refus\u00e9 les noms d\u2019Ali Benflis et d\u2019Ahmed Benbitour. Toufik a pris contact avec Zeroual et ce dernier lui a fait part, dans un premier temps, de sa disponibilit\u00e9 \u00e0 assurer la transition. Rendez-vous est pris par les deux hommes, le 30 mars dernier \u00e0 Moretti.\u2008Sur place l\u2019ancien pr\u00e9sident de la R\u00e9publique s\u2019est r\u00e9tract\u00e9, \u00e9voquant son \u00e9tat de sant\u00e9 et la dynamique du Hirak populaire, dira Mohamed Medi\u00e8ne dont les propos ont \u00e9t\u00e9 rapport\u00e9s par ses avocats.<br \/>Des officiers en charge de la gestion de la R\u00e9sidence Dar El Afia ainsi que les chauffeurs des quatre pr\u00e9venus ont \u00e9galement \u00e9t\u00e9 entendus hier en tant que t\u00e9moins.<br \/>\u00a0Karim Aoudia<br \/>\u00a0<\/p>\n<p>Auteur: elmoudjahid<br \/>\n<a href=\"http:\/\/www.elmoudjahid.com\/fr\/actualites\/142424\">Cliquez ici pour lire l&rsquo;article depuis sa source.<\/a><\/p>\n","protected":false},"excerpt":{"rendered":"<p>\u00a0\u00a0\u00a0\u00a0 20 ans de r\u00e9clusion criminelle ont \u00e9t\u00e9 requis, hier, en d\u00e9but de soir\u00e9e par le tribunal de Blida \u00e0 l\u2019encontre de Sa\u00efd Bouteflika, Mohamed Medi\u00e8ne, Athmane Targtag et Louisa Hanoune. C\u2019est ce que nous a confirm\u00e9, hier, Me Miloud\u00a0 Brahimi, un des avocats de la d\u00e9fense, contact\u00e9 par El Moudjahid. Il fera\u00a0 savoir que [&hellip;]<\/p>\n","protected":false},"author":1744,"featured_media":0,"comment_status":"closed","ping_status":"closed","sticky":false,"template":"","format":"standard","meta":{"fifu_image_url":"","fifu_image_alt":"","footnotes":""},"categories":[73,53],"tags":[],"class_list":["post-62301","post","type-post","status-publish","format-standard","hentry","category-actualite","category-algerie"],"_links":{"self":[{"href":"https:\/\/linitiative.ca\/International\/wp-json\/wp\/v2\/posts\/62301","targetHints":{"allow":["GET"]}}],"collection":[{"href":"https:\/\/linitiative.ca\/International\/wp-json\/wp\/v2\/posts"}],"about":[{"href":"https:\/\/linitiative.ca\/International\/wp-json\/wp\/v2\/types\/post"}],"author":[{"embeddable":true,"href":"https:\/\/linitiative.ca\/International\/wp-json\/wp\/v2\/users\/1744"}],"replies":[{"embeddable":true,"href":"https:\/\/linitiative.ca\/International\/wp-json\/wp\/v2\/comments?post=62301"}],"version-history":[{"count":0,"href":"https:\/\/linitiative.ca\/International\/wp-json\/wp\/v2\/posts\/62301\/revisions"}],"wp:attachment":[{"href":"https:\/\/linitiative.ca\/International\/wp-json\/wp\/v2\/media?parent=62301"}],"wp:term":[{"taxonomy":"category","embeddable":true,"href":"https:\/\/linitiative.ca\/International\/wp-json\/wp\/v2\/categories?post=62301"},{"taxonomy":"post_tag","embeddable":true,"href":"https:\/\/linitiative.ca\/International\/wp-json\/wp\/v2\/tags?post=62301"}],"curies":[{"name":"wp","href":"https:\/\/api.w.org\/{rel}","templated":true}]}}