{"id":62304,"date":"2019-09-25T10:53:59","date_gmt":"2019-09-25T14:53:59","guid":{"rendered":"https:\/\/linitiative.ca\/International\/94811-mondiaux-d-athletisme-makhloufi-figure-de-proue-de-la-participation-algerienne-a-doha\/"},"modified":"2019-09-25T10:53:59","modified_gmt":"2019-09-25T14:53:59","slug":"94811-mondiaux-d-athletisme-makhloufi-figure-de-proue-de-la-participation-algerienne-a-doha","status":"publish","type":"post","link":"https:\/\/linitiative.ca\/International\/94811-mondiaux-d-athletisme-makhloufi-figure-de-proue-de-la-participation-algerienne-a-doha\/","title":{"rendered":"Mondiaux d&rsquo;Athl\u00e9tisme: Makhloufi, figure de proue de la participation alg\u00e9rienne \u00e0 Doha"},"content":{"rendered":"<div>\n<div class=\"K2FeedImage\"><img decoding=\"async\" src=\"http:\/\/www.aps.dz\/media\/k2\/items\/cache\/4d938c6e6d00b595aeadb8d4356358af_S.jpg\" alt=\"Mondiaux d'Athl\u00e9tisme: Makhloufi, figure de proue de la participation alg\u00e9rienne \u00e0 Doha\"><\/div>\n<div class=\"K2FeedIntroText\">\n<p><strong>ALGER &#8211; Les espoirs alg\u00e9riens de d\u00e9crocher une m\u00e9daille aux Mondiaux-2019 d&rsquo;athl\u00e9tisme reposeront sur le demi-fondiste Taoufik Makhloufi, le plus en forme des six repr\u00e9sentants nationaux engag\u00e9s dans cette comp\u00e9tition pr\u00e9vue du 27 septembre au 6 octobre \u00e0 Doha (Qatar).<\/strong><\/p>\n<\/div>\n<div class=\"K2FeedFullText\">\n<p>Le hurdler Abdelmalik Lahoulou a lui aussi affich\u00e9 une forme \u00e9blouissante au cours des derniers mois, descendant m\u00eame sous la barre des 50 secondes sur le 400 m\u00e8tres haies. Mais comme leur nom l&rsquo;indique, ces Championnats du monde vont drainer la participation des meilleurs athl\u00e8tes du moment, faisant qu&rsquo;il sera probablement difficile d&rsquo;accrocher un podium.<\/p>\n<p>Le seul Alg\u00e9rien \u00e0 pouvoir r\u00e9ussir ce tour de force semble \u00eatre Makhloufi, qui avait r\u00e9ussi un chrono de 3:31.77 lors de la 12e \u00e9tape de la Ligue de Diamant, disput\u00e9e fin ao\u00fbt dernier \u00e0 Paris.<\/p>\n<p>M\u00eame le Directeur technique national \u00e0 la F\u00e9d\u00e9ration alg\u00e9rienne d&rsquo;athl\u00e9tisme, Abderrahmane Morceli, l&rsquo;a reconnu : \u00ab\u00a0Mis \u00e0 part Makhloufi et Lahoulou, il est difficile de voir nos athl\u00e8tes jouer les premiers r\u00f4les \u00e0 Doha\u00a0\u00bb.<\/p>\n<p>Longtemps bless\u00e9, Makhloufi a effectu\u00e9 son retour \u00e0 la comp\u00e9tition le 16 juillet dernier, \u00e0 l&rsquo;occasion du meeting international de Sotteville-l\u00e8s-Rouen (France), o\u00f9 il avait pris la deuxi\u00e8me place sur le 800 m\u00e8tres, avec un chrono de 1:46.33.<\/p>\n<p>Il avait encha\u00een\u00e9 le 20 juillet, sur la m\u00eame distance, avec le meeting international d&rsquo;Heusden Zolder (Belgique), d\u00e9crochant la deuxi\u00e8me place en 1:45.33 et r\u00e9alisant par la m\u00eame occasion les minima de participation aux Mondiaux-2019 de Doha.<\/p>\n<p>N\u00e9anmoins, et m\u00eame s&rsquo;il est qualifi\u00e9 dans ses deux distances de pr\u00e9dilection, le natif de Souk Ahras a d\u00e9cid\u00e9 de ne concourir que sur le 1500 m\u00e8tres, consid\u00e9rant que c&rsquo;est l\u00e0 qu&rsquo;il aura plus de chances de r\u00e9ussir un bon r\u00e9sultat.<\/p>\n<p>Les quatre autres repr\u00e9sentants alg\u00e9riens aux Mondiaux de Doha sont Yassine Hethat (800m), Mohamed Belbachir (800m), Billel Tabti (3000m\/steeple) et Yasser Mohamed Tahar Triki (triple saut).<\/p>\n<p>Lahoulou sera le premier Alg\u00e9rien \u00e0 entrer en lice dans cette comp\u00e9tition, vendredi pour le compte des s\u00e9ries, suivi le lendemain par Triki.<\/p>\n<\/div>\n<p><img loading=\"lazy\" decoding=\"async\" src=\"http:\/\/feeds.feedburner.com\/~r\/aps-sport\/~4\/uQIuTCj8m0s\" height=\"1\" width=\"1\" alt=\"\"><\/div>\n<p>Auteur:<br \/>\n<a href=\"http:\/\/www.aps.dz\/sport\/94811-mondiaux-d-athletisme-makhloufi-figure-de-proue-de-la-participation-algerienne-a-doha?utm_source=feedburner&#038;utm_medium=feed&#038;utm_campaign=Feed%3A+aps-sport+%28APS+-+SPORT%29\">Cliquez ici pour lire l&rsquo;article depuis sa source.<\/a><\/p>\n","protected":false},"excerpt":{"rendered":"<p>ALGER &#8211; Les espoirs alg\u00e9riens de d\u00e9crocher une m\u00e9daille aux Mondiaux-2019 d&rsquo;athl\u00e9tisme reposeront sur le demi-fondiste Taoufik Makhloufi, le plus en forme des six repr\u00e9sentants nationaux engag\u00e9s dans cette comp\u00e9tition pr\u00e9vue du 27 septembre au 6 octobre \u00e0 Doha (Qatar). Le hurdler Abdelmalik Lahoulou a lui aussi affich\u00e9 une forme \u00e9blouissante au cours des derniers [&hellip;]<\/p>\n","protected":false},"author":1790,"featured_media":62305,"comment_status":"closed","ping_status":"closed","sticky":false,"template":"","format":"standard","meta":{"fifu_image_url":"","fifu_image_alt":"","footnotes":""},"categories":[53,75],"tags":[],"class_list":["post-62304","post","type-post","status-publish","format-standard","has-post-thumbnail","hentry","category-algerie","category-sport"],"_links":{"self":[{"href":"https:\/\/linitiative.ca\/International\/wp-json\/wp\/v2\/posts\/62304","targetHints":{"allow":["GET"]}}],"collection":[{"href":"https:\/\/linitiative.ca\/International\/wp-json\/wp\/v2\/posts"}],"about":[{"href":"https:\/\/linitiative.ca\/International\/wp-json\/wp\/v2\/types\/post"}],"author":[{"embeddable":true,"href":"https:\/\/linitiative.ca\/International\/wp-json\/wp\/v2\/users\/1790"}],"replies":[{"embeddable":true,"href":"https:\/\/linitiative.ca\/International\/wp-json\/wp\/v2\/comments?post=62304"}],"version-history":[{"count":0,"href":"https:\/\/linitiative.ca\/International\/wp-json\/wp\/v2\/posts\/62304\/revisions"}],"wp:featuredmedia":[{"embeddable":true,"href":"https:\/\/linitiative.ca\/International\/wp-json\/"}],"wp:attachment":[{"href":"https:\/\/linitiative.ca\/International\/wp-json\/wp\/v2\/media?parent=62304"}],"wp:term":[{"taxonomy":"category","embeddable":true,"href":"https:\/\/linitiative.ca\/International\/wp-json\/wp\/v2\/categories?post=62304"},{"taxonomy":"post_tag","embeddable":true,"href":"https:\/\/linitiative.ca\/International\/wp-json\/wp\/v2\/tags?post=62304"}],"curies":[{"name":"wp","href":"https:\/\/api.w.org\/{rel}","templated":true}]}}