{"id":62315,"date":"2019-09-25T14:55:00","date_gmt":"2019-09-25T18:55:00","guid":{"rendered":"https:\/\/linitiative.ca\/International\/presidentielle-des-personnalites-et-des-partis-refusent-dy-participer\/"},"modified":"2019-09-25T14:55:00","modified_gmt":"2019-09-25T18:55:00","slug":"presidentielle-des-personnalites-et-des-partis-refusent-dy-participer","status":"publish","type":"post","link":"https:\/\/linitiative.ca\/International\/presidentielle-des-personnalites-et-des-partis-refusent-dy-participer\/","title":{"rendered":"Pr\u00e9sidentielle : Des personnalit\u00e9s et des partis refusent d&rsquo;y participer"},"content":{"rendered":"<p><br class=\"autobr\"\/><strong>L\u2019\u00e9ch\u00e9ance pr\u00e9sidentielle pr\u00e9vue pour le 12 d\u00e9cembre prochain continue \u00e0 occuper le devant de la sc\u00e8ne nationale avec la \u00ab\u00a0prolif\u00e9ration\u00a0\u00bb des candidatures annonc\u00e9es officiellement et qui avoisine pour l\u2019heure une quarantaine. Aussi, les regards sont braqu\u00e9s sur certaines personnalit\u00e9s nationales sollicit\u00e9es par leurs partisans en vue de participer au prochain rendez-vous \u00e9lectoral.<\/strong><\/p>\n<p><br class=\"autobr\"\/><br \/>\nCependant, la r\u00e9ponse de quelques-uns est d\u00e9favorable, \u00e0 l\u2019instar de Abdelaziz Rahabi qui, a affirm\u00e9 ce mercredi, \u00e0 travers un post publi\u00e9 sur sa page Facebook, qu\u2019il ne se portera pas candidat \u00e0 la pr\u00e9sidentielle du 12 d\u00e9cembre. L\u2019ancien ministre de la Communication a remerci\u00e9, dans le m\u00eame message, ses partisans qui l\u2019ont sollicit\u00e9 pour le faire. Exprimant \u00ab\u00a0a gratitude \u00e0 ceux qui poursuivent leur militance pour une solution globale et consensuelle \u00e0 m\u00eame de faire sortir le pays de la crise politique\u00a0\u00bb. \u00ab\u00a0Je voudrais informer que je ne suis pas candidat aux prochaines \u00e9lections pr\u00e9sidentielles, remercier et exprimer ma gratitude \u00e0 ceux qui m\u2019ont demand\u00e9 de le faire, ainsi qu\u2019\u00e0 ceux qui militent pour une solution globale et consensuelle \u00e0 l\u2019impasse politique que conna\u00eet notre pays\u00a0\u00bb, \u00e9crit l\u2019ancien diplomate. Quant aux raisons de la d\u00e9cision du coordonnateur de l\u2019initiative de Ain Benian \u00ab\u00a0Forum du dialogue national\u00a0\u00bb du 6 juillet dernier, elles restent inconnues. Des sources proches lui ont indiqu\u00e9 m\u00eame que \u00ab\u00a0des partis politiques avaient l\u2019intention de le proposer en vue de conduire une candidature commune, d\u2019autant que des citoyens l\u2019ont d\u00e9j\u00e0 sollicit\u00e9 dans ce sens\u00a0\u00bb.<\/p>\n<p><br class=\"autobr\"\/><br \/>\nIl faut dire que la d\u00e9cision de la non-participation aux \u00e9lections pr\u00e9sidentielles a \u00e9t\u00e9 prise par d\u2019autres personnalit\u00e9s nationales. Ainsi, il y a aussi Ahmed Benbitour qui avait annonc\u00e9 dimanche pass\u00e9 qu\u2019il ne se pr\u00e9sentera pas \u00e0 la pr\u00e9sidentielle du 12 d\u00e9cembre. L\u2019ancien chef de gouvernement s\u2019est excus\u00e9 aupr\u00e8s des citoyens qui lui ont demand\u00e9 de prendre part \u00e0 ce scrutin crucial, dans une publication post\u00e9e sur son compte Facebook. \u00ab\u00a0Dr. Ahmed Benbitour s\u2019excuse aupr\u00e8s de ses partisans et de tous les citoyens qui le soutiennent afin de sortir le pays de la crise et annonce, avec regret, qu\u2019il n\u2019a pas l\u2019intention de participer aux prochaines \u00e9lections organis\u00e9es par les autorit\u00e9s actuelles\u00a0\u00bb, a-t-il rapport\u00e9 sans donner d\u2019amples explications concernant sa d\u00e9cision.<\/p>\n<p><br class=\"autobr\"\/><br \/>\n\u00c9tant \u00ab\u00a0sans \u00e9tiquette\u00a0\u00bb, Benbitour a souvent critiqu\u00e9 les politiques men\u00e9es par l\u2019ancien r\u00e9gime depuis sa d\u00e9mission de son poste de chef du gouvernement en 2000. Dans le sillage du mouvement populaire, Benbitour, pour rappel, avait pris part aux rencontres de la \u00ab\u00a0coalition politique\u00a0\u00bb de l\u2019opposition dite \u00ab\u00a0les Forces du changement pour le triomphe du choix du peuple\u00a0\u00bb dont les travaux ont abouti \u00e0 la plateforme de Ain Benian. N\u00e9anmoins, l\u2019homme politique ne voulait pas trop s\u2019afficher publiquement et s\u2019est absent\u00e9 du rendez-vous du 6 juillet dernier, comme nombre de personnalit\u00e9s nationales.<\/p>\n<p><br class=\"autobr\"\/><br \/>\nPar ailleurs, des partis politiques parmi les formations microscopiques pr\u00e9f\u00e8rent \u00ab\u00a0boycotter le scrutin du 12 d\u00e9cembre\u00a0\u00bb, \u00e0 l\u2019image du Parti de la libert\u00e9 et la justice (PLJ) de Mohamed Said. Ce dernier a confirm\u00e9 hier que sa formation politique ne prendra pas part aux \u00e9lections pr\u00e9sidentielles. C\u2019est dans un communiqu\u00e9, rendu public hier, que Mohamed Said estime que \u00ab\u00a0les donn\u00e9es actuelles n\u2019encouragent gu\u00e8re l\u2019organisation d\u2019\u00e9lections permettant l\u2019\u00e9mergence d\u2019un Pr\u00e9sident qui, fort de la l\u00e9gitimit\u00e9 populaire, sera capable de jeter les nouvelles bases d\u2019un Etat d\u00e9mocratique et d\u2019engager de r\u00e9formes structurelles, politiques et \u00e9conomiques\u00a0\u00bb.<\/p>\n<p><br class=\"autobr\"\/><br \/>\nDe son c\u00f4t\u00e9, Fawzi Rebaine de Ahd 54, affirm\u00e9, ce lundi, la non-participation de son parti \u00e0 cette pr\u00e9sidentielle, consid\u00e9rant que \u00ab\u00a0les conditions ne sont pas r\u00e9unies et que le peuple a dit non\u00a0\u00bb. Le chef de Ahd 54 \u00e9tait pourtant partisan du retour au processus \u00e9lectoral dans les plus brefs d\u00e9lais. Il voit que \u00ab\u00a0les arrestations arbitraires des manifestants et le verrouillage des m\u00e9dias et de tous les espaces d\u2019expression, ainsi que la fermeture r\u00e9cente de la capitale, sont des mesures qui compliquent l\u2019organisation d\u2019une telle \u00e9ch\u00e9ance\u00a0\u00bb.<\/p>\n<p><br class=\"autobr\"\/><br \/>\nCela sit, d\u2019ici le 6 octobre prochain, date limite du retrait des formulaires par les candidats, d\u2019autres noms de postulants vont \u00eatre connus, surtout que le bruit commence \u00e0 circuler autour l\u2019ex-ministre de l\u2019Habitat Abdelmadji Teboune, et de l\u2019ancien chef du gouvernement et secr\u00e9taire g\u00e9n\u00e9ral du FLN, Abdelaziz Belkhadem. En attendant que Tebboune qui n\u2019a pas fait long feu dans son poste de Premier ministre (mai- ao\u00fbt 2017), se prononce officiellement sur sa candidature aujourd\u2019hui vers midi, certains affirment que la base du FLN voudrait \u00e9galement inciter Belkhadem \u00e0 se lancer dans la bataille.<\/p>\n<p>Auteur: Boudjedri<br \/>\n<a href=\"http:\/\/www.jeune-independant.net\/Presidentielle-Des-personnalites.html\">Cliquez ici pour lire l&rsquo;article depuis sa source.<\/a><\/p>\n","protected":false},"excerpt":{"rendered":"<p>L\u2019\u00e9ch\u00e9ance pr\u00e9sidentielle pr\u00e9vue pour le 12 d\u00e9cembre prochain continue \u00e0 occuper le devant de la sc\u00e8ne nationale avec la \u00ab\u00a0prolif\u00e9ration\u00a0\u00bb des candidatures annonc\u00e9es officiellement et qui avoisine pour l\u2019heure une quarantaine. Aussi, les regards sont braqu\u00e9s sur certaines personnalit\u00e9s nationales sollicit\u00e9es par leurs partisans en vue de participer au prochain rendez-vous \u00e9lectoral. Cependant, la r\u00e9ponse [&hellip;]<\/p>\n","protected":false},"author":1737,"featured_media":0,"comment_status":"closed","ping_status":"closed","sticky":false,"template":"","format":"standard","meta":{"fifu_image_url":"","fifu_image_alt":"","footnotes":""},"categories":[73,53],"tags":[],"class_list":["post-62315","post","type-post","status-publish","format-standard","hentry","category-actualite","category-algerie"],"_links":{"self":[{"href":"https:\/\/linitiative.ca\/International\/wp-json\/wp\/v2\/posts\/62315","targetHints":{"allow":["GET"]}}],"collection":[{"href":"https:\/\/linitiative.ca\/International\/wp-json\/wp\/v2\/posts"}],"about":[{"href":"https:\/\/linitiative.ca\/International\/wp-json\/wp\/v2\/types\/post"}],"author":[{"embeddable":true,"href":"https:\/\/linitiative.ca\/International\/wp-json\/wp\/v2\/users\/1737"}],"replies":[{"embeddable":true,"href":"https:\/\/linitiative.ca\/International\/wp-json\/wp\/v2\/comments?post=62315"}],"version-history":[{"count":0,"href":"https:\/\/linitiative.ca\/International\/wp-json\/wp\/v2\/posts\/62315\/revisions"}],"wp:attachment":[{"href":"https:\/\/linitiative.ca\/International\/wp-json\/wp\/v2\/media?parent=62315"}],"wp:term":[{"taxonomy":"category","embeddable":true,"href":"https:\/\/linitiative.ca\/International\/wp-json\/wp\/v2\/categories?post=62315"},{"taxonomy":"post_tag","embeddable":true,"href":"https:\/\/linitiative.ca\/International\/wp-json\/wp\/v2\/tags?post=62315"}],"curies":[{"name":"wp","href":"https:\/\/api.w.org\/{rel}","templated":true}]}}