{"id":62316,"date":"2019-09-25T07:03:00","date_gmt":"2019-09-25T11:03:00","guid":{"rendered":"https:\/\/linitiative.ca\/International\/taoufik-chamari-les-lecons-ameres-dun-scrutin\/"},"modified":"2019-09-25T07:03:00","modified_gmt":"2019-09-25T11:03:00","slug":"taoufik-chamari-les-lecons-ameres-dun-scrutin","status":"publish","type":"post","link":"https:\/\/linitiative.ca\/International\/taoufik-chamari-les-lecons-ameres-dun-scrutin\/","title":{"rendered":"Taoufik  Chamari: les le\u00e7ons am\u00e8res d\u2019un scrutin"},"content":{"rendered":"<p>Le Docteur Zbidi juge, dans <a href=\"https:\/\/www.leaders.com.tn\/article\/28041-zbidi-tire-a-boulets-rouges-sur-chahed-celui-qui-est-a-l-origine-des-maux-du-pays-doit-demissionner\" target=\"_blank\" rel=\"noopener noreferrer\">une d\u00e9claration r\u00e9cente<\/a>, que la th\u00e9rapie propos\u00e9e par son ancien concurrent ne peut avoir que des effets secondaires n\u00e9fastes sur certains soutiens dont il a b\u00e9n\u00e9fici\u00e9s.<\/p>\n<p>Partant d\u2019un constat arithm\u00e9tique pour le moins \u00e9vident (7,3+10,8=18,1), le candidat Zbidi \u00e0 l\u2019\u00e9lection Pr\u00e9sidentielle anticip\u00e9e n\u2019avait pas manqu\u00e9 de relever que la candidature de l\u2019actuel Pr\u00e9sident du Gouvernement \u00e0 cette m\u00eame \u00e9ch\u00e9ance, ne pouvait se justifier que pour le contrer personnellement puisque de fait, elle ne peut avoir un\u00a0 impact important sur les autres candidats. Cette vision est partag\u00e9e\u00a0 par certains concurrents, surtout par les chefs de partis politiques, qui se sont d\u00e9sist\u00e9s en sa faveur la veille du scrutin.<\/p>\n<p>A cela, il faut rappeler la d\u00e9cision\u00a0 d\u2019un candidat potentiel qui a renonc\u00e9 \u00e0 se pr\u00e9senter pour mieux le soutenir d\u2019autant que ce dernier\u00a0 ne cache pas sa conviction que la candidature du Pr\u00e9sident du Gouvernement entre dans la m\u00eame logique du lancement de son parti politique nouvellement cr\u00e9\u00e9 et form\u00e9 essentiellement de\u00a0 ce qu\u2019il n\u2019a pas manqu\u00e9 de qualifier de \u00abd\u00e9serteurs\u00bb dans le but d\u2019atomiser les partis politiques\u00a0 de\u00a0 ses anciens partenaires et cela en usant de ses pouvoirs pour offrir des avantages et, ainsi, satisfaire certains app\u00e9tits.<\/p>\n<p>D\u00e8s lors et pour ces derniers, le Pr\u00e9sident du gouvernement est consid\u00e9r\u00e9 comme \u00abfaisant partie du probl\u00e8me\u00bb et de ce point de vue, l\u2019appel lanc\u00e9 au candidat ind\u00e9pendant Zbidi dans le cadre des \u00e9lections l\u00e9gislatives alors que celui-ci n\u2019est pas directement concern\u00e9 par cette \u00e9ch\u00e9ance, n\u2019a pas \u00e9t\u00e9 saisi comme \u00aballant dans l\u2019int\u00e9r\u00eat du Pays\u00bb mais par contre, comme une man\u0153uvre non avou\u00e9e pour cr\u00e9er une sorte de \u00abzizanie\u00bb de nature \u00e0 b\u00e9n\u00e9ficier des voix de\u00a0 certains \u00e9lecteurs acquis aux partis qui ont appuy\u00e9 le candidat Zbidi!<\/p>\n<p>Ce genre de tiraillements ne peut que nous confirmer que les r\u00e9sultats de ce scrutin n\u2019ont pas \u00e9t\u00e9 per\u00e7us comme il se doit surtout que nous sommes devant une configuration qui,\u00a0 pour un grand nombre de citoyens, ne fait pas \u00abbon air\u00bb tant elle rend l\u2019atmosph\u00e8re pesante et parfois pollu\u00e9e au vu de certains \u00e9changes et d\u2019accusations que l\u2019on a constat\u00e9s. En tout \u00e9tat de cause,\u00a0 le fait que les scores soient\u00a0 acquis avec moins de la moiti\u00e9 de la participation des \u00e9lecteurs inscrits, m\u00e9rite d\u2019\u00eatre\u00a0 relev\u00e9 car si cela ne remet pas en cause les r\u00e8gles du jeu d\u00e9mocratique cela doit interpeller l\u2019\u00e9lu qui doit en tirer les conclusions appropri\u00e9es.<\/p>\n<p>Dans ce contexte, je voudrais reprendre\u00a0 mon ami Moncef Ben Slimane au sujet de \u00abvoter utile c\u2019est voter blanc\u00bb pour attirer l\u2019attention que cette notion ne peut devenir effective et non probl\u00e9matique que si l\u2019on cr\u00e9e des bulletins blancs sans cela on risque de voir\u00a0 bon nombre de cette cat\u00e9gorie, ne pas aller voter.<\/p>\n<p>Ceci, sans parler des contradictions surprenantes que l\u2019on constate\u00a0 comme, par exemple, celle qui a \u00e9man\u00e9 d\u2019un responsable d\u2019un parti politique pourtant respect\u00e9, qui s\u2019est empress\u00e9 d\u2019appuyer l\u2019un des deux candidats retenus au second tour pour ensuite\u00a0 ajouter, lors d\u2019une d\u00e9claration ult\u00e9rieure, que le programme de ce dernier est irr\u00e9alisable!<\/p>\n<p>Pour ma part, je consid\u00e8re que bon nombre de ces pol\u00e9miques n\u2019auraient eu aucune raison d\u2019\u00eatre pour peu qu\u2019on ait appliqu\u00e9 la constitution pour ce qui est de la vacance accord\u00e9e \u00e0 un chef de gouvernement. Mon appel paru sur votre journal le 23-08-2019 \u00e0 la suite de la d\u00e9claration de notre amie la constitutionaliste Salsabil Klibi n\u2019a pas eu de suite en raison de l\u2019inexistence d\u2019une cour constitutionnelle seule habilit\u00e9e \u00e0 se prononcer sur des anomalies de ce genre et ainsi de juger de la faute si elle se confirme. L\u2019absence de r\u00e9actions de certains de ses coll\u00e8gues ne peut que surprendre surtout pour l\u2019un d\u2019entre eux qui est directement concern\u00e9 par cette \u00e9ch\u00e9ance!<\/p>\n<p>Dans le m\u00eame \u00e9tat d\u2019esprit, je citerais par exemple, le \u00abcoup de gueule\u00bb (ainsi qualifi\u00e9 par un journal de la place) du Pr\u00e9sident de l\u2019ISIE et ce, le jour m\u00eame des \u00e9lections soit le Dimanche 15 \u00e0 13h, et qui appelait les citoyens r\u00e9ticents \u00e0 aller voter! Pour bon nombre de citoyens, et c\u2019est leur droit, le fait que celui-ci fasse cet appel avant cette date, cela ne pose aucun probl\u00e8me car cela peut entrer dans ses pr\u00e9rogatives, mais le faire \u00e0 ce moment pr\u00e9cis pourrait en cr\u00e9er, surtout si cela conduit \u00e0 favoriser un candidat par rapport \u00e0 un autre par les\u00a0 votants qui se sont d\u00e9plac\u00e9s apr\u00e8s ce \u00abcoup de gueule\u00bb; ce qui risque de se transformer, \u00e0 leurs yeux, en un appel partisan d\u00e9guis\u00e9, et de ce fait pourrait constituer une faute grave.<\/p>\n<p>L\u00e0 encore, l\u2019absence d\u2019une cour constitutionnelle est \u00e0 m\u00eame d\u2019encourager certaines libert\u00e9s dont on ne mesure pas\u00a0 la port\u00e9e et qui sont\u00a0 de nature \u00e0 cr\u00e9er\u00a0 parfois, des situations o\u00f9 il devient difficile\u00a0 de veiller \u00e0 la bonne application de la constitution\u00a0 ce qui nous conduit\u00a0 \u00e0 un Etat de droit \u00e0 g\u00e9om\u00e9trie variable avec tous les risques que cela engendre!<\/p>\n<p class=\"c2\"><strong>Taoufik\u00a0 Chamari<\/strong><br \/>\u00a0<\/p>\n<p>Auteur:<br \/>\n<a href=\"https:\/\/www.leaders.com.tn\/article\/28052-taoufik-chamari-les-lecons-ameres-d-un-scrutin\">Cliquez ici pour lire l&rsquo;article depuis sa source.<\/a><\/p>\n","protected":false},"excerpt":{"rendered":"<p>Le Docteur Zbidi juge, dans une d\u00e9claration r\u00e9cente, que la th\u00e9rapie propos\u00e9e par son ancien concurrent ne peut avoir que des effets secondaires n\u00e9fastes sur certains soutiens dont il a b\u00e9n\u00e9fici\u00e9s. Partant d\u2019un constat arithm\u00e9tique pour le moins \u00e9vident (7,3+10,8=18,1), le candidat Zbidi \u00e0 l\u2019\u00e9lection Pr\u00e9sidentielle anticip\u00e9e n\u2019avait pas manqu\u00e9 de relever que la candidature [&hellip;]<\/p>\n","protected":false},"author":1772,"featured_media":0,"comment_status":"closed","ping_status":"closed","sticky":false,"template":"","format":"standard","meta":{"fifu_image_url":"","fifu_image_alt":"","footnotes":""},"categories":[73,55],"tags":[],"class_list":["post-62316","post","type-post","status-publish","format-standard","hentry","category-actualite","category-tunisie"],"_links":{"self":[{"href":"https:\/\/linitiative.ca\/International\/wp-json\/wp\/v2\/posts\/62316","targetHints":{"allow":["GET"]}}],"collection":[{"href":"https:\/\/linitiative.ca\/International\/wp-json\/wp\/v2\/posts"}],"about":[{"href":"https:\/\/linitiative.ca\/International\/wp-json\/wp\/v2\/types\/post"}],"author":[{"embeddable":true,"href":"https:\/\/linitiative.ca\/International\/wp-json\/wp\/v2\/users\/1772"}],"replies":[{"embeddable":true,"href":"https:\/\/linitiative.ca\/International\/wp-json\/wp\/v2\/comments?post=62316"}],"version-history":[{"count":0,"href":"https:\/\/linitiative.ca\/International\/wp-json\/wp\/v2\/posts\/62316\/revisions"}],"wp:attachment":[{"href":"https:\/\/linitiative.ca\/International\/wp-json\/wp\/v2\/media?parent=62316"}],"wp:term":[{"taxonomy":"category","embeddable":true,"href":"https:\/\/linitiative.ca\/International\/wp-json\/wp\/v2\/categories?post=62316"},{"taxonomy":"post_tag","embeddable":true,"href":"https:\/\/linitiative.ca\/International\/wp-json\/wp\/v2\/tags?post=62316"}],"curies":[{"name":"wp","href":"https:\/\/api.w.org\/{rel}","templated":true}]}}