{"id":62317,"date":"2019-09-25T07:24:00","date_gmt":"2019-09-25T11:24:00","guid":{"rendered":"https:\/\/linitiative.ca\/International\/kamel-jendoubi-election-presidentielle-il-ne-me-reste-donc-que-le-bulletin-blanc\/"},"modified":"2019-09-25T07:24:00","modified_gmt":"2019-09-25T11:24:00","slug":"kamel-jendoubi-election-presidentielle-il-ne-me-reste-donc-que-le-bulletin-blanc","status":"publish","type":"post","link":"https:\/\/linitiative.ca\/International\/kamel-jendoubi-election-presidentielle-il-ne-me-reste-donc-que-le-bulletin-blanc\/","title":{"rendered":"Kamel Jendoubi &#8211; Election pr\u00e9sidentielle: Il ne me reste donc que le bulletin blanc"},"content":{"rendered":"<p>Des amis et des proches me demandent pour qui je voterai au second tour de l&rsquo;\u00e9lection pr\u00e9sidentielle. Je leur dois de m&rsquo;exprimer publiquement tout comme je l&rsquo;ai fait au premier tour en soutenant la candidature d&rsquo;Abdlekrim Zbidi (voir la p\u00e9tition: <a href=\"https:\/\/www.change.org\/p\/tunisie-soutien-%C3%A0-la-candidature-de-abdelkerim-zbidi-en-2019?recruiter=71039876&#038;recruited_by_id=0d181495-5b58-4346-8991-1b81b3e18c50&#038;utm_source=share_petition&#038;utm_medium=copylink&#038;utm_campaign=petition_dashboard\" target=\"_blank\" rel=\"noopener noreferrer\">http:\/\/chng.it\/ZjmFFFW6<\/a>).<br \/>Je ne peux cacher mon malaise face aux r\u00e9sultats du premier tour et aux conditions dans lesquelles se d\u00e9roule cette \u00e9lection pr\u00e9sidentielle.<br \/>Les principes essentiels, d&rsquo;\u00e9quit\u00e9 et d&rsquo;\u00e9galit\u00e9 de traitement entre candidats, sont all\u00e8grement battus en br\u00e8che. Le maintien de Nabil Karoui, un des deux gagnants du premier tour, en d\u00e9tention pr\u00e9ventive met gravement en cause l&rsquo;int\u00e9grit\u00e9 et la sinc\u00e9rit\u00e9 de l&rsquo;ensemble du processus \u00e9lectoral et peut plonger le pays dans une crise encore plus grave et plus p\u00e9rilleuse. Le candidat qui sera d\u00e9clar\u00e9 \u00abvictorieux\u00bb ne sera pas consid\u00e9r\u00e9 comme un pr\u00e9sident l\u00e9gitime par le camp adverse. Et l&rsquo;Assembl\u00e9e des repr\u00e9sentants du peuple qui sortira des \u00e9lections l\u00e9gislatives du 6 octobre 2019 aura une configuration telle qu&rsquo;une crise de r\u00e9gime n&rsquo;est pas \u00e0 exclure. Deux l\u00e9gitimit\u00e9s<br \/>pourraient s&rsquo;opposer frontalement bloquant tout le syst\u00e8me et paralysant l&rsquo;Etat et le pays.<br \/>Aucun des deux candidats gagnants du premier tour ne m&rsquo;inspire confiance. Aucun des deux ne me rassure sur l&rsquo;int\u00e9grit\u00e9 de l&rsquo;Etat et sa bonne conduite. Je refuse donc de choisir entre Kais Saied et Nabil Karoui.<br \/>La v\u00e9rit\u00e9 est que je ne les connais pas. Ils sont sortis de l&rsquo;ombre d&rsquo;une Tunisie que je c\u00f4toie mais que je n&rsquo;ai pas suffisamment pris la peine d&rsquo;analyser. Et surtout d&rsquo;\u00e9couter sa d\u00e9tresse, d&rsquo;\u00e9valuer sa mis\u00e8re ou de mesurer son d\u00e9sespoir. Je me suis mis, comme beaucoup, \u00e0 lire, \u00e0 me documenter, \u00e0 chercher \u00e0 mieux comprendre ces deux personnages arriv\u00e9s en t\u00eate au premier tour. Je n&rsquo;ai pas appris grand-chose \u00e0 l&rsquo;exception des clich\u00e9s et des pr\u00e9jug\u00e9s. Car ces deux candidats, bien qu&rsquo;ils soient connus du public, parfois pour leurs esclandres, sont peu diserts sur leurs visions et leurs projets. Leurs propositions sont floues et certaines dangereuses. Outre le fait qu&rsquo;ils n&rsquo;ont jamais assum\u00e9 de responsabilit\u00e9s publiques de quelle que nature que ce soit. Je ne discute pas leur droit \u00e0 se pr\u00e9senter et \u00e0 solliciter le suffrage des Tunisiens. Mais je crois que la responsabilit\u00e9 d&rsquo;un chef d&rsquo;Etat exige certaines qualit\u00e9s \u00e9prouv\u00e9es qu&rsquo;aucun des deux candidats, a priori, n&rsquo;a.<br \/>Ainsi donc notre pays sera pr\u00e9sid\u00e9, pour un mandat de cinq ans, par un inconnu tant de l&rsquo;int\u00e9rieur que de l&rsquo;ext\u00e9rieur, alors que sa situation est d\u00e9labr\u00e9e, qu&rsquo;il se situe dans une r\u00e9gion agit\u00e9e, \u00e0 l&rsquo;heure o\u00f9 le monde est domin\u00e9 par des tensions croissantes et une comp\u00e9tition sans merci entre les puissants.<br \/>Certains ont parl\u00e9 de s\u00e9isme. En r\u00e9alit\u00e9, ce dernier a eu lieu en 2010-2011 via une R\u00e9volution qui a fait fuir le despote. Puis, le pays a connu une premi\u00e8re r\u00e9plique de forte amplitude avec le choix, op\u00e9r\u00e9 par une majorit\u00e9 relative des \u00e9lecteurs tunisiens, de porter au pouvoir Ennahdha, repr\u00e9sentant de l&rsquo;islam politique, en 2011.<br \/>Faisant le constat de la gestion chaotique de la Tro\u00efka aux cons\u00e9quences d\u00e9sastreuses y compris violentes, une autre majorit\u00e9, toujours relative, d&rsquo;\u00e9lecteurs tunisiens a engendr\u00e9, en 2014, une<br \/>deuxi\u00e8me r\u00e9plique en portant son choix sur les \u00ab modernistes\u00bb, certains venant des rangs de la g\u00e9n\u00e9ration de l&rsquo;ind\u00e9pendance alors que d&rsquo;autres avaient pr\u00e9sid\u00e9 aux destin\u00e9es de l&rsquo;Etat national, voire sont le produit de son action. Cinq ans ont pass\u00e9, cette g\u00e9n\u00e9ration, appel\u00e9e \u00e0 la rescousse pour \u00ab restaurer le prestige de l&rsquo;Etat \u00bb et r\u00e9\u00e9quilibrer le champ politique domin\u00e9 par l &lsquo;islam politique, croyant faire du neuf avec du vieux, a laiss\u00e9 derri\u00e8re elle une v\u00e9ritable b\u00e9r\u00e9zina dans tous les domaines. L&rsquo;espoir des r\u00e9formes susceptibles de relever les d\u00e9fis de la pauvret\u00e9 et des in\u00e9galit\u00e9s sociales, \u00e9conomiques et r\u00e9gionales, \u00e0 l&rsquo;origine de la r\u00e9volution, est ruin\u00e9. Le d\u00e9sarroi, la d\u00e9ception et le d\u00e9senchantement sont \u00e0 la base de la troisi\u00e8me r\u00e9plique, d&rsquo;une amplitude encore plus forte et plus d\u00e9stabilisante : le rejet du \u00ab syst\u00e8me \u00bb (almandhouma) ( partis et \u00e9lites) dans le cadre d&rsquo;un choix qui s&rsquo;apparente \u00e0 bien des \u00e9gards \u00e0 celui du d\u00e9sespoir et qui va donner lieu \u00e0 un saut dans du \u00ab d\u00e9j\u00e0 connu \u00bb : nouvel affaiblissement de l&rsquo;Etat, instabilit\u00e9, d\u00e9sordre &#8230; autant d&rsquo;\u00e9l\u00e9ments qui retarderont la prise \u00e0 bras-le-corps des diff\u00e9rents maux que conna\u00eet la Tunisie d\u00e9mocratique. Et faire sombrer cette exp\u00e9rience prometteuse.<br \/>Alors quel choix dois-je faire? Celui de l&rsquo;abstention et du refus de voter ! Assur\u00e9ment pas, moi qui ai milit\u00e9 toute ma vie, avec tant d&rsquo;autres, pour que le vote et l&rsquo;\u00e9lection d\u00e9mocratique soient les modes de d\u00e9signation de nos \u00e9lus \u00e0 tous les \u00e9chelons et ceux du r\u00e8glement pacifique de nos conflits.<br \/>Il ne me reste donc que le bulletin blanc : \u00abun bulletin de vote qui ne comporte aucun signe quel qu&rsquo;il soit\u00bb<br \/>J&rsquo;irai voter m\u00eame si ma voix ne sera pas comptabilis\u00e9e parmi les voix exprim\u00e9es. En faisant partie du comptage des bulletins blanc, mon vote exprime et signifie que ce qui m&rsquo;est propos\u00e9 ne me convient pas. Et ne convient pas \u00e0 mon pays qui, d\u00e9j\u00e0 en crise, va au-devant de plus de dangers et de plus de souffrances.<br \/>Oui, le vote blanc est un vote actif et citoyen. Plus il est massif, plus le message sera entendu. Un message \u00e0 partir duquel on peut reprendre l&rsquo;action pour reconqu\u00e9rir la confiance des Tunisiens et des Tunisiennes, surtout les jeunes et les femmes, en un Etat protecteur et int\u00e8gre, pour pers\u00e9v\u00e9rer dans la d\u00e9fense et la promotion de l&rsquo;\u00e9galit\u00e9, de nos libert\u00e9s individuelles et collectives, pour redonner la dignit\u00e9 \u00e0 celles et \u00e0 ceux qui, par manque de revenus, de travail, des soins ne font que survivre avec, \u00e0 c\u0153ur, l&rsquo;avenir de nos jeunes.<\/p>\n<p class=\"c2\"><strong>Kamel Jendoubi<\/strong><br \/>\u00a0<\/p>\n<p>Auteur:<br \/>\n<a href=\"https:\/\/www.leaders.com.tn\/article\/28053-kamel-jendoubi-election-presidentielle-il-ne-me-reste-donc-que-le-bulletin-blanc\">Cliquez ici pour lire l&rsquo;article depuis sa source.<\/a><\/p>\n","protected":false},"excerpt":{"rendered":"<p>Des amis et des proches me demandent pour qui je voterai au second tour de l&rsquo;\u00e9lection pr\u00e9sidentielle. Je leur dois de m&rsquo;exprimer publiquement tout comme je l&rsquo;ai fait au premier tour en soutenant la candidature d&rsquo;Abdlekrim Zbidi (voir la p\u00e9tition: http:\/\/chng.it\/ZjmFFFW6).Je ne peux cacher mon malaise face aux r\u00e9sultats du premier tour et aux conditions [&hellip;]<\/p>\n","protected":false},"author":1772,"featured_media":0,"comment_status":"closed","ping_status":"closed","sticky":false,"template":"","format":"standard","meta":{"fifu_image_url":"","fifu_image_alt":"","footnotes":""},"categories":[73,55],"tags":[],"class_list":["post-62317","post","type-post","status-publish","format-standard","hentry","category-actualite","category-tunisie"],"_links":{"self":[{"href":"https:\/\/linitiative.ca\/International\/wp-json\/wp\/v2\/posts\/62317","targetHints":{"allow":["GET"]}}],"collection":[{"href":"https:\/\/linitiative.ca\/International\/wp-json\/wp\/v2\/posts"}],"about":[{"href":"https:\/\/linitiative.ca\/International\/wp-json\/wp\/v2\/types\/post"}],"author":[{"embeddable":true,"href":"https:\/\/linitiative.ca\/International\/wp-json\/wp\/v2\/users\/1772"}],"replies":[{"embeddable":true,"href":"https:\/\/linitiative.ca\/International\/wp-json\/wp\/v2\/comments?post=62317"}],"version-history":[{"count":0,"href":"https:\/\/linitiative.ca\/International\/wp-json\/wp\/v2\/posts\/62317\/revisions"}],"wp:attachment":[{"href":"https:\/\/linitiative.ca\/International\/wp-json\/wp\/v2\/media?parent=62317"}],"wp:term":[{"taxonomy":"category","embeddable":true,"href":"https:\/\/linitiative.ca\/International\/wp-json\/wp\/v2\/categories?post=62317"},{"taxonomy":"post_tag","embeddable":true,"href":"https:\/\/linitiative.ca\/International\/wp-json\/wp\/v2\/tags?post=62317"}],"curies":[{"name":"wp","href":"https:\/\/api.w.org\/{rel}","templated":true}]}}