{"id":62318,"date":"2019-09-25T07:57:00","date_gmt":"2019-09-25T11:57:00","guid":{"rendered":"https:\/\/linitiative.ca\/International\/conference-debat-cercle-kheireddine-quels-enseignements-du-premier-tour-de-lelection-presidentielle\/"},"modified":"2019-09-25T07:57:00","modified_gmt":"2019-09-25T11:57:00","slug":"conference-debat-cercle-kheireddine-quels-enseignements-du-premier-tour-de-lelection-presidentielle","status":"publish","type":"post","link":"https:\/\/linitiative.ca\/International\/conference-debat-cercle-kheireddine-quels-enseignements-du-premier-tour-de-lelection-presidentielle\/","title":{"rendered":"Conf\u00e9rence \u2013 D\u00e9bat, Cercle Kheireddine: Quels enseignements du premier tour de l\u2019\u00e9lection pr\u00e9sidentielle?"},"content":{"rendered":"<p>Bien qu\u2019ils aient \u00e9t\u00e9 annonc\u00e9s depuis longtemps par les sondeurs d\u2019opinions, les r\u00e9sultats du premier tour de l\u2019\u00e9lection pr\u00e9sidentielle ont constitu\u00e9 une surprise pour certains et un choc pour d\u2019autres.<\/p>\n<p>Si le camp progressiste, moderniste et r\u00e9publicain a \u00e9chou\u00e9 \u00e0 se rassembler pour proposer une candidature unique qui lui aurait permis de se maintenir pour le deuxi\u00e8me tour, le camp islamiste n\u2019a pas fait mieux et semble perdre, d\u2019une \u00e9lection \u00e0 l\u2019autre, son \u00abr\u00e9servoir\u00bb d\u2019\u00e9lecteurs.<\/p>\n<p>Ayant b\u00e9n\u00e9fici\u00e9 de l\u2019effritement du camp d\u00e9mocratique, les deux candidats qui se retrouvent au deuxi\u00e8me tour, restent relativement mal connus du grand public. Pr\u00e9sent\u00e9s comme \u00abhors\u00bb ou \u00abanti\u00bb syst\u00e8me, ils posent la question du r\u00f4le et des risques du populisme dans la politique tunisienne d\u2019aujourd\u2019hui.<\/p>\n<p>Entre-temps, des \u00e9lections l\u00e9gislatives brouill\u00e9es par le d\u00e9bat pr\u00e9sidentiel auront lieu. Des \u00e9lections qui seront d\u00e9terminantes pour l\u2019avenir de la Tunisie mais qui se d\u00e9rouleront,elles aussi, dans des conditions in\u00e9dites.<\/p>\n<p>Ces h\u00e9sitations \u2013pour ne pas dire cette crise- politiques rappellent que la d\u00e9mocratie et les institutions r\u00e9publicaines ne sont jamais d\u00e9finitivement acquises. L\u2019Etat est fragilis\u00e9 et un certain nombre de syst\u00e8mes et de ressorts qui ont permis d\u2019amortir les diff\u00e9rents chocs \u00e9conomiques et sociaux paraissent cass\u00e9s. La Tunisie pourrait-elle r\u00e9sister \u00e0 encore plus d\u2019instabilit\u00e9 politique? Le \u00abmod\u00e8le\u00bb d\u00e9mocratique tunisien pourrait-il s\u2019adapter \u00e0 de nouvelles d\u2019exp\u00e9rimentations politiques? Apr\u00e8s l\u2019h\u00e9morragie des comp\u00e9tences, que restera-t-il du capital humain de la Tunisie avec l\u2019\u00e9mergence d\u2019un populisme anti-\u00e9lites? Comment recoller les morceaux de la famille progressiste qui s\u2019est construite en m\u00eame temps que la construction de l\u2019Etat-nation et qui assiste presque impuissante aussi bien \u00e0 son implosion qu\u2019au d\u00e9tricotage des institutions?<\/p>\n<p>C\u2019est pour r\u00e9pondre \u00e0 ces questions et pour analyser les r\u00e9sultats du premier tour de l\u2019\u00e9lection pr\u00e9sidentielle et leur probable impact sur les \u00e9lections l\u00e9gislatives que le Cercle Kheireddine vous convie \u00e0 cette rencontre d\u00e9bat.<\/p>\n<h2>Date et lieu de la rencontre<\/h2>\n<ul>\n<li>Vendredi, 27 septembre 2019 \u00e0 17h30. H\u00f4tel Le Belv\u00e9d\u00e8re, Avenue des Etats-Unis, Tunis<\/li>\n<\/ul>\n<h2>Mod\u00e9rateur de la rencontre<\/h2>\n<ul>\n<li><span class=\"c2\"><strong>M. Mohamed Nabli,<\/strong><\/span> ancien Ministre<\/li>\n<\/ul>\n<h2>Conf\u00e9renciers<\/h2>\n<ul>\n<li><span class=\"c2\"><strong>M. Hassen Zargouni,<\/strong><\/span> Directeur G\u00e9n\u00e9ral de SIGMA-conseil<\/li>\n<li><span class=\"c2\"><strong>M. Mustapha Kamel Nabli,<\/strong><\/span> Professeur d\u2019\u00e9conomie, ancien Ministre et ancien Gouverneur de la Banque Centrale de Tunisie<\/li>\n<li><span class=\"c2\"><strong>M. SadokBelaid,<\/strong><\/span> Professeur \u00e9m\u00e9rite de droit, ancien Doyen de la facult\u00e9 des sciences juridiques, politiques et sociales de Tunis.<\/li>\n<\/ul>\n<p>Auteur:<br \/>\n<a href=\"https:\/\/www.leaders.com.tn\/article\/28054-conference-debat-cercle-kheireddine-quels-enseignements-du-premier-tour-de-l-election-presidentielle\">Cliquez ici pour lire l&rsquo;article depuis sa source.<\/a><\/p>\n","protected":false},"excerpt":{"rendered":"<p>Bien qu\u2019ils aient \u00e9t\u00e9 annonc\u00e9s depuis longtemps par les sondeurs d\u2019opinions, les r\u00e9sultats du premier tour de l\u2019\u00e9lection pr\u00e9sidentielle ont constitu\u00e9 une surprise pour certains et un choc pour d\u2019autres. Si le camp progressiste, moderniste et r\u00e9publicain a \u00e9chou\u00e9 \u00e0 se rassembler pour proposer une candidature unique qui lui aurait permis de se maintenir pour [&hellip;]<\/p>\n","protected":false},"author":1772,"featured_media":0,"comment_status":"closed","ping_status":"closed","sticky":false,"template":"","format":"standard","meta":{"fifu_image_url":"","fifu_image_alt":"","footnotes":""},"categories":[73,55],"tags":[],"class_list":["post-62318","post","type-post","status-publish","format-standard","hentry","category-actualite","category-tunisie"],"_links":{"self":[{"href":"https:\/\/linitiative.ca\/International\/wp-json\/wp\/v2\/posts\/62318","targetHints":{"allow":["GET"]}}],"collection":[{"href":"https:\/\/linitiative.ca\/International\/wp-json\/wp\/v2\/posts"}],"about":[{"href":"https:\/\/linitiative.ca\/International\/wp-json\/wp\/v2\/types\/post"}],"author":[{"embeddable":true,"href":"https:\/\/linitiative.ca\/International\/wp-json\/wp\/v2\/users\/1772"}],"replies":[{"embeddable":true,"href":"https:\/\/linitiative.ca\/International\/wp-json\/wp\/v2\/comments?post=62318"}],"version-history":[{"count":0,"href":"https:\/\/linitiative.ca\/International\/wp-json\/wp\/v2\/posts\/62318\/revisions"}],"wp:attachment":[{"href":"https:\/\/linitiative.ca\/International\/wp-json\/wp\/v2\/media?parent=62318"}],"wp:term":[{"taxonomy":"category","embeddable":true,"href":"https:\/\/linitiative.ca\/International\/wp-json\/wp\/v2\/categories?post=62318"},{"taxonomy":"post_tag","embeddable":true,"href":"https:\/\/linitiative.ca\/International\/wp-json\/wp\/v2\/tags?post=62318"}],"curies":[{"name":"wp","href":"https:\/\/api.w.org\/{rel}","templated":true}]}}