{"id":62320,"date":"2019-09-25T12:00:00","date_gmt":"2019-09-25T16:00:00","guid":{"rendered":"https:\/\/linitiative.ca\/International\/mohamed-larbi-bouguerra-tunisie-reelle-et-tunisie-fantasmee\/"},"modified":"2019-09-25T12:00:00","modified_gmt":"2019-09-25T16:00:00","slug":"mohamed-larbi-bouguerra-tunisie-reelle-et-tunisie-fantasmee","status":"publish","type":"post","link":"https:\/\/linitiative.ca\/International\/mohamed-larbi-bouguerra-tunisie-reelle-et-tunisie-fantasmee\/","title":{"rendered":"Mohamed Larbi Bouguerra: Tunisie r\u00e9elle et Tunisie fantasm\u00e9e"},"content":{"rendered":"<p><em><img decoding=\"async\" src=\"\/uploads\/FCK_files\/Mohamed-Larbi-Bouguera(86).jpg\" alt=\"\" width=\"30%\" vspace=\"5\" hspace=\"5\" align=\"right\"\/>\u00abPour ce qui est de l\u2019avenir, il ne s\u2019agit pas de le pr\u00e9voir, mais de le rendre possible.\u00bb<\/em> <strong>Antoine de Saint Exup\u00e9ry<\/strong><\/p>\n<p>Les d\u00e9bats fi\u00e9vreux qui ont cours aujourd\u2019hui dans le pays sont, bien entendu, une source de fiert\u00e9 pour tous nos concitoyens et concitoyennes.<\/p>\n<p>Il n\u2019en demeure pas moins qu\u2019ils donnent aussi l\u2019impression qu\u2019on demeure bien loin de la Tunisie r\u00e9elle et de ses soucis et difficult\u00e9s. On demeure bien loin du v\u00e9cu et du quotidien des gens. On demeure bien loin de la menace terroriste. A \u00e9couter ces politiciens et ces apprentis-politiciens qui, en rangs serr\u00e9s, courtisent l\u2019\u00e9lecteur, on est en droit de se demander si nous vivons tous dans le m\u00eame pays. \u00abProgressisme\u00bb et \u00abModernisme\u00bb crient les uns, \u00abVote utile\u00bb et \u00abAcquis de la R\u00e9volution\u00bb clament les autres, hypocritement!<\/p>\n<h2>L\u2019\u00e9cole avant toute chose<\/h2>\n<p>Mardi 24 septembre 2019, la T\u00e9l\u00e9vision Nationale 1 a trait\u00e9 d\u2019un sujet poignant. A Sbe\u00eftla, de jeunes d\u00e9crocheurs vendent des l\u00e9gumes au bord de la route. Mais interrog\u00e9s, ils disent qu\u2019ils d\u00e9sireraient bien aller \u00e0 l\u2019\u00e9cole, avoir un crayon et un cahier. \u00abInnocente sauvagerie et besoin d\u2019\u00e9ducation de l\u2019enfance\u00bb \u00e9crit Daniel Pennac.<\/p>\n<p>Voil\u00e0 un th\u00e8me qui n\u2019est gu\u00e8re \u00e9voqu\u00e9 par nos nombreux d\u00e9batteurs et nos centaines de candidats et de candidates aux pr\u00e9sidentielles et aux l\u00e9gislatives, alors que l\u2019article 39 de la Constitution est sans ambigu\u00eft\u00e9: \u00abL\u2019enseignement est imp\u00e9ratif, jusqu\u2019\u00e0 l\u2019\u00e2ge de seize ans. L\u2019Etat garantit le droit \u00e0 un enseignement public et gratuit dans tous ses cycles et veille \u00e0 fournir les moyens n\u00e9cessaires pour r\u00e9aliser la qualit\u00e9 de l\u2019enseignement, de l\u2019\u00e9ducation\u2026\u00bb<\/p>\n<p>Comme on est loin de ces belles dispositions quand la t\u00e9l\u00e9vision montre que l\u2019\u00e9cole de la moutamadia de \u00abSbe\u00eftla-Vestiges Historiques\u00bb est dans un \u00e9tat lamentable et que, selon un enseignant, le hameau le plus proche qui compte une centaine de familles est celui o\u00f9 un nombre record d\u2019enfants n\u00e9s en 2013 n\u2019ont pas \u00e9t\u00e9 inscrits \u00e0 l\u2019\u00e9cole. On ne peut contester, au vu du reportage, que cette \u00e9cole, h\u00e9las, n\u2019a rien d\u2019attrayant.<\/p>\n<p>Quel candidat s\u2019\u00e9l\u00e8ve avec force et conviction contre cet \u00e9tat de fait et contre ses cons\u00e9quences sociales et politiques ? Quel candidat a lu le livre blanc (mai 2016) sur la r\u00e9forme du syst\u00e8me \u00e9ducatif tunisien? M\u00eame M. Naji Jalloul n\u2019en a souffl\u00e9 mot, lui qui l\u2019a pourtant pr\u00e9fac\u00e9 en sa qualit\u00e9 de ministre de l\u2019Education!<\/p>\n<p>Quel candidat condamne la privatisation galopante de l\u2019enseignement dans notre pays et l\u2019arr\u00eat de l\u2019ascenseur social? Le Prix Nobel d\u2019Economie (2001) Joseph Stiglitz, discutant du mod\u00e8le scandinave pour r\u00e9duire les in\u00e9galit\u00e9s sociales, rel\u00e8ve : \u00abEn autorisant de nombreuses \u00e9coles priv\u00e9es, par exemple, la Su\u00e8de risque de voir les in\u00e9galit\u00e9s augmenter fortement dans le futur. C\u2019est une pente dangereuse.\u00bb (Le Monde, 25 septembre 2019, p. 13).<\/p>\n<p>D\u00e9barrass\u00e9e de l\u2019occupation nazie allemande, la France pr\u00e9voyait dans un document du 15 mars 1944 qui fit date et qui provenait du Conseil National de la R\u00e9sistance: <em>\u00abLa possibilit\u00e9 effective, pour les enfants fran\u00e7ais, de b\u00e9n\u00e9ficier de l\u2019instruction et d\u2019acc\u00e9der \u00e0 la culture la plus d\u00e9velopp\u00e9e, afin que les fonctions les plus hautes soient r\u00e9ellement accessibles \u00e0 tous ceux qui auront les capacit\u00e9s requises pour les exercer et que soit ainsi promue une \u00e9lite v\u00e9ritable, non de naissance, mais de m\u00e9rite, et constamment renouvel\u00e9e par les apports populaires.\u00bb<\/em><\/p>\n<h2>In\u00e9galit\u00e9s sociales<\/h2>\n<p>Il y a m\u00eame des candidats aux \u00e9lections qui avancent que le retour aux habous et \u00e0 la zakat r\u00e9soudraient tous nos probl\u00e8mes. Sans poser la question de la fiscalit\u00e9 et sans s\u2019interroger sur les in\u00e9galit\u00e9s sociales. Du reste, ils sont bien incapables de nous montrer o\u00f9 ce type de mesures a donn\u00e9 des fruits. Adeptes du statu quo \u00e9conomique, leurs maigres connaissances en la mati\u00e8re ne leur permettent pas de dire plut\u00f4t, comme le pr\u00e9sident Macron devant l\u2019OIT \u00e0 Gen\u00e8ve en juin dernier: \u00abQuelque chose ne fonctionne plus dans ce capitalisme qui profite de plus en plus \u00e0 quelques-uns.\u00bb Et comme en \u00e9cho, Joseph Stiglitz rench\u00e9rit: \u00abIl y a enfin consensus sur les maux du capitalisme. Tel qu\u2019il fonctionne aujourd\u2019hui, celui-ci \u00e9choue \u00e0 r\u00e9partir \u00e9quitablement les fruits de la croissance, capt\u00e9s par une minorit\u00e9. De plus, il acc\u00e9l\u00e8re la destruction de l\u2019environnement et est contest\u00e9 par une partie croissante de la population, souffrant des in\u00e9galit\u00e9s.\u00bb Le Prix Nobel plaide ensuite pour une fiscalit\u00e9 plus juste, des investissements publics renforc\u00e9s dans l\u2019\u00e9ducation, les infrastructures d\u2019o\u00f9 l\u2019exigence d\u2019un renforcement du r\u00f4le de l\u2019Etat (contrairement peut-\u00eatre \u00e0 ce qu\u2019avance un de nos pr\u00e9sidentiables) dans le pilotage de l\u2019Etat social et dans les r\u00e9gulations et le contr\u00f4le de la finance et des march\u00e9s pour \u00e9viter par exemple la profusion de malandrins du type Bernard Madoff (Lire Mark Seal, \u00abL\u2019homme qui valait cinquante milliards\u00bb, Editions Allia, Paris, 2010). Pour illustrer son propos concernant l\u2019Etat, le grand \u00e9conomiste donne l\u2019exemple \u00abdu syst\u00e8me de sant\u00e9 am\u00e9ricain, largement privatis\u00e9. Il co\u00fbte plus cher qu\u2019en Europe &#8211; plus de 17% du PIB, selon l\u2019OCDE, contre 11% en France ou en Su\u00e8de &#8211; o\u00f9 il est public. Et ce, pour des r\u00e9sultats moins bons: l\u2019esp\u00e9rance de vie recule aux Etats Unis o\u00f9 beaucoup de personnes sont incapables de payer leurs factures d\u2019h\u00f4pital.\u00bb A l\u2019heure o\u00f9 le personnel des h\u00f4pitaux de Kairouan manifeste face au manque de mat\u00e9riels, d\u2019\u00e9quipements, de m\u00e9decins et d\u2019infirmiers, il est sid\u00e9rant de constater que nos candidats sont muets comme des carpes. D\u2019autant que cette situation se reproduit ailleurs dans le pays.<\/p>\n<h2>La question essentielle: l\u2019environnement<\/h2>\n<p>Stiglitz pointe la destruction de l\u2019environnement par le syst\u00e8me \u00e9conomique actuel. Malgr\u00e9 les inondations r\u00e9currentes et les temp\u00e9ratures infernales de cet \u00e9t\u00e9, nos politiciens et nos candidats \u00e0 la d\u00e9putation ne sortent gu\u00e8re des g\u00e9n\u00e9ralit\u00e9s et des banalit\u00e9s \u00e0 faire pleurer. L\u2019UGTT soul\u00e8ve rapidement les probl\u00e8mes du d\u00e9ficit \u00e9nerg\u00e9tique, du changement climatique, de la p\u00e9nurie d\u2019eau potable, des d\u00e9chets, de la pollution dans les 101 questions qu\u2019elle adresse aux candidats des \u00e9lections l\u00e9gislatives. (Le Maghreb, 25 septembre 2019, p. 12-14)<br \/>Des manifestations pour le climat ont lieu partout dans le monde de New York \u00e0 Paris. Jeunes et moins jeunes appellent \u00e0 \u00e9liminer les \u00e9nergies fossiles et \u00e0 une agriculture respectueuse de la biodiversit\u00e9 et de la sant\u00e9 des consommateurs.<\/p>\n<p>A l\u2019ouverture du Salon de l\u2019Agriculture du Kram mardi 24 septembre 2019, un responsable du syndicat agricole n\u2019avait rien \u00e0 dire que: \u00abL\u2019agriculteur tunisien n\u2019utilise plus ni la faucille ni l\u2019araire tir\u00e9 par un animal.\u00bb Mais quid des pesticides toxiques utilis\u00e9s \u00e0 tort et \u00e0 travers ? Quid de ces violents poisons qui ont pour nom Glyphosate (ou Kalach Extra) et Diquat dibromure (Paraquat) interdits depuis des lustres dans de nombreux pays riches et en voie de d\u00e9veloppement et toujours en usage chez nous? Quid du transport des ouvri\u00e8res agricoles dans des camions brinquebalants ? Ce responsable nous rappelle Franz Fanon qui parle du \u00ablinceul de silence\u00bb et Achille Mbemb\u00e9 qui \u00e9voque \u00able silence conjugu\u00e9 de tous, le silence pr\u00e9tendument ignorant, et qui par cons\u00e9quent clame son innocence sur la base d\u2019un mensonge.\u00bb En attendant, ces pesticides tuent, infligent cancers et tumeurs \u00e0 la population et se retrouvent dans l\u2019assiette et l\u2019environnement des Tunisiens. Il a \u00e9chapp\u00e9 \u00e0 ce syndicaliste agricole comme \u00e0 nos ministres de l\u2019Agriculture et de l\u2019Environnement que le maire de la petite commune bretonne de Langou\u00ebt en France a pris, en mai dernier, un arr\u00eat\u00e9 anti-pesticides pour prot\u00e9ger ses 600 administr\u00e9s des \u00e9pandages agricoles. Ce faisant, il a initi\u00e9 un d\u00e9bat national et a fait des dizaines d\u2019\u00e9mules parmi les responsables municipaux de son pays. Et dire que chez nous on utilise encore l\u2019avion pour r\u00e9pandre des pesticides !<br \/>Comment nos candidats peuvent-ils dormir sur leurs deux oreilles alors que le dernier rapport des scientifiques publi\u00e9 \u00e0 Monaco le 25 septembre 2019 affirme : \u00ab\u00a0Pour limiter la hausse en moyenne globale de la temp\u00e9rature de surface \u00e0 +2\u00b0C, le niveau actuel des NDC (Contributions D\u00e9termin\u00e9es au niveau National) [consenties volontairement par les Etats en vertu de l\u2019accord de Paris sur le climat] doit \u00eatre tripl\u00e9, tandis qu&rsquo;un quintuplement est n\u00e9cessaire pour rester en dessous de +1,5\u00b0C.\u00a0 Techniquement, il est encore possible de combler cet \u00e9cart.\u00a0\u00bb Ce qui fait dire \u00e0 M. Ant\u00f3nio Gutteres, le Secr\u00e9taire g\u00e9n\u00e9ral de l\u2019ONU que \u00able changement climatique est le d\u00e9fi d\u00e9terminant de notre temps. Cet important document des Nations Unies et de ses organisations-partenaires globales pr\u00e9par\u00e9 par les sp\u00e9cialistes du Sommet sur le climat\u2026 montre que notre climat est en train de changer et met en lumi\u00e8re les impacts \u00e9tendus et dangereux que vont vivre les g\u00e9n\u00e9rations \u00e0 venir\u2026 J\u2019appelle les dirigeants \u00e0 prendre en compte ces faits, de s\u2019unir autour de la Science et de prendre des actions ambitieuses et urgentes pour arr\u00eater le r\u00e9chauffement global et ouvrir la voie \u00e0 un avenir plus s\u00fbr et plus soutenable pour tous.\u00bb<\/p>\n<p>Le rapport sp\u00e9cial du GIEC sur les oc\u00e9ans, d\u00e9voil\u00e9 ce mercredi 25 septembre 2019, est on ne peut plus clair: \u00abSi on n\u2019arrive pas \u00e0 r\u00e9duire les \u00e9missions aujourd\u2019hui, la soci\u00e9t\u00e9 humaine ne parviendra pas \u00e0 s\u2019adapter. \u00bb Faut-il rappeler \u00e0 nos candidats aux l\u00e9gislatives que la Tunisie a 1148 km de c\u00f4tes sur la M\u00e9diterran\u00e9e pour qu\u2019ils s\u2019en pr\u00e9occupent, sachant que, compar\u00e9 avec la fin du XIX\u00e8me si\u00e8cle, le niveau des oc\u00e9ans devrait augmenter de 43 cm environ d\u2019ici 2100 si le r\u00e9chauffement est contenu \u00e0 2\u00b0C ? Qu\u2019adviendra-t-il alors de Kerkennah, de Jerba, de Sfax, de la Chebba,\u00a0 de Bizerte\u2026. avec les canicules marines, l\u2019acidit\u00e9 augment\u00e9e de la mer et les inondations possibles et que les captures de poissons pourraient baisser de 10 \u00e0 40%?<\/p>\n<p>Certains de nos responsables ne pr\u00eatent gu\u00e8re attention aux questions environnementales. Ils devraient \u00e9couter le grand journaliste Dan Stackhouse quand il examine les menaces qui p\u00e8sent sur Isra\u00ebl. Il \u00e9crit: \u00abJe trouve amusant le fait que les menaces potentielles pesant sur Isra\u00ebl ne soient pas particuli\u00e8rement mena\u00e7antes et qu\u2019elles perdent beaucoup [de leur dangerosit\u00e9] en comparaison de l\u2019annihilation qui vient du fait du r\u00e9chauffement global. Le Moyen-Orient dans son ensemble est en train de manquer d\u2019eau et il devient de plus en plus chaud. Personne ne fait rien \u00e0 ce sujet mais bient\u00f4t nul ne pourra y vivre.<\/p>\n<p>Le Hezbollah ne peut rien y faire et, de toute fa\u00e7on, il ne pourrait pas d\u00e9truire Isra\u00ebl. L\u2019inexorable avanc\u00e9e des dunes, elle, \u00e9liminera Isra\u00ebl et comme personne ne veut l\u2019admettre ou discuter de la fa\u00e7on de l\u2019\u00e9viter, c\u2019est la seule et unique menace \u00e0 prendre en consid\u00e9ration.\u00bb<\/p>\n<p>Alors, ne fantasmons gu\u00e8re avant ces \u00e9lections. Revenons sur le plancher des vaches. Accordons \u00e0 l\u2019\u00e9cole l\u2019attention indispensable qu\u2019elle m\u00e9rite et prenons en consid\u00e9ration les menaces qui p\u00e8sent sur l\u2019environnement du pays. En esp\u00e9rant que le futur pr\u00e9sident et la prochaine Assembl\u00e9e des Repr\u00e9sentants du Peuple soient \u00e0 la hauteur de ces grands d\u00e9fis.<\/p>\n<p class=\"c2\"><strong>Mohamed Larbi Bouguerra<\/strong><\/p>\n<p>Auteur:<br \/>\n<a href=\"https:\/\/www.leaders.com.tn\/article\/28055-mohamed-larbi-bouguerra-tunisie-reelle-et-tunisie-fantasmee\">Cliquez ici pour lire l&rsquo;article depuis sa source.<\/a><\/p>\n","protected":false},"excerpt":{"rendered":"<p>\u00abPour ce qui est de l\u2019avenir, il ne s\u2019agit pas de le pr\u00e9voir, mais de le rendre possible.\u00bb Antoine de Saint Exup\u00e9ry Les d\u00e9bats fi\u00e9vreux qui ont cours aujourd\u2019hui dans le pays sont, bien entendu, une source de fiert\u00e9 pour tous nos concitoyens et concitoyennes. Il n\u2019en demeure pas moins qu\u2019ils donnent aussi l\u2019impression qu\u2019on [&hellip;]<\/p>\n","protected":false},"author":1772,"featured_media":62321,"comment_status":"closed","ping_status":"closed","sticky":false,"template":"","format":"standard","meta":{"fifu_image_url":"","fifu_image_alt":"","footnotes":""},"categories":[73,55],"tags":[],"class_list":["post-62320","post","type-post","status-publish","format-standard","has-post-thumbnail","hentry","category-actualite","category-tunisie"],"_links":{"self":[{"href":"https:\/\/linitiative.ca\/International\/wp-json\/wp\/v2\/posts\/62320","targetHints":{"allow":["GET"]}}],"collection":[{"href":"https:\/\/linitiative.ca\/International\/wp-json\/wp\/v2\/posts"}],"about":[{"href":"https:\/\/linitiative.ca\/International\/wp-json\/wp\/v2\/types\/post"}],"author":[{"embeddable":true,"href":"https:\/\/linitiative.ca\/International\/wp-json\/wp\/v2\/users\/1772"}],"replies":[{"embeddable":true,"href":"https:\/\/linitiative.ca\/International\/wp-json\/wp\/v2\/comments?post=62320"}],"version-history":[{"count":0,"href":"https:\/\/linitiative.ca\/International\/wp-json\/wp\/v2\/posts\/62320\/revisions"}],"wp:featuredmedia":[{"embeddable":true,"href":"https:\/\/linitiative.ca\/International\/wp-json\/"}],"wp:attachment":[{"href":"https:\/\/linitiative.ca\/International\/wp-json\/wp\/v2\/media?parent=62320"}],"wp:term":[{"taxonomy":"category","embeddable":true,"href":"https:\/\/linitiative.ca\/International\/wp-json\/wp\/v2\/categories?post=62320"},{"taxonomy":"post_tag","embeddable":true,"href":"https:\/\/linitiative.ca\/International\/wp-json\/wp\/v2\/tags?post=62320"}],"curies":[{"name":"wp","href":"https:\/\/api.w.org\/{rel}","templated":true}]}}