{"id":62324,"date":"2019-09-25T06:00:00","date_gmt":"2019-09-25T10:00:00","guid":{"rendered":"https:\/\/linitiative.ca\/International\/cheveux-blancs\/"},"modified":"2019-09-25T06:00:00","modified_gmt":"2019-09-25T10:00:00","slug":"cheveux-blancs","status":"publish","type":"post","link":"https:\/\/linitiative.ca\/International\/cheveux-blancs\/","title":{"rendered":"Cheveux blancs"},"content":{"rendered":"<p>Le stress fait blanchir les cheveux, nous l\u2019avons tous remarqu\u00e9.\u00a0<br \/>Les causes de ce blanchissement pr\u00e9matur\u00e9 sont encore m\u00e9connues, mais il pourrait s\u2019agir d\u2019une migration des m\u00e9lanocytes (les \u00abcolorants\u00bb du cheveu) du cuir chevelu vers d\u2019autres zones du corps.<br \/>Pour y rem\u00e9dier, sachez avant tout qu\u2019il n\u2019existe pas de solution pour retrouver sa couleur naturelle sans faire une teinture.\u00a0<br \/>Il faut, pour pr\u00e9venir les d\u00e9g\u00e2ts, adopter une meilleure hygi\u00e8ne de vie, tout simplement !<\/p>\n<p>Auteur:<br \/>\n<a href=\"https:\/\/www.lesoirdalgerie.com\/femme-magazine\/cheveux-blancs-30766\">Cliquez ici pour lire l&rsquo;article depuis sa source.<\/a><\/p>\n","protected":false},"excerpt":{"rendered":"<p>Le stress fait blanchir les cheveux, nous l\u2019avons tous remarqu\u00e9.\u00a0Les causes de ce blanchissement pr\u00e9matur\u00e9 sont encore m\u00e9connues, mais il pourrait s\u2019agir d\u2019une migration des m\u00e9lanocytes (les \u00abcolorants\u00bb du cheveu) du cuir chevelu vers d\u2019autres zones du corps.Pour y rem\u00e9dier, sachez avant tout qu\u2019il n\u2019existe pas de solution pour retrouver sa couleur naturelle sans faire [&hellip;]<\/p>\n","protected":false},"author":1741,"featured_media":0,"comment_status":"closed","ping_status":"closed","sticky":false,"template":"","format":"standard","meta":{"fifu_image_url":"","fifu_image_alt":"","footnotes":""},"categories":[73,53],"tags":[],"class_list":["post-62324","post","type-post","status-publish","format-standard","hentry","category-actualite","category-algerie"],"_links":{"self":[{"href":"https:\/\/linitiative.ca\/International\/wp-json\/wp\/v2\/posts\/62324","targetHints":{"allow":["GET"]}}],"collection":[{"href":"https:\/\/linitiative.ca\/International\/wp-json\/wp\/v2\/posts"}],"about":[{"href":"https:\/\/linitiative.ca\/International\/wp-json\/wp\/v2\/types\/post"}],"author":[{"embeddable":true,"href":"https:\/\/linitiative.ca\/International\/wp-json\/wp\/v2\/users\/1741"}],"replies":[{"embeddable":true,"href":"https:\/\/linitiative.ca\/International\/wp-json\/wp\/v2\/comments?post=62324"}],"version-history":[{"count":0,"href":"https:\/\/linitiative.ca\/International\/wp-json\/wp\/v2\/posts\/62324\/revisions"}],"wp:attachment":[{"href":"https:\/\/linitiative.ca\/International\/wp-json\/wp\/v2\/media?parent=62324"}],"wp:term":[{"taxonomy":"category","embeddable":true,"href":"https:\/\/linitiative.ca\/International\/wp-json\/wp\/v2\/categories?post=62324"},{"taxonomy":"post_tag","embeddable":true,"href":"https:\/\/linitiative.ca\/International\/wp-json\/wp\/v2\/tags?post=62324"}],"curies":[{"name":"wp","href":"https:\/\/api.w.org\/{rel}","templated":true}]}}