{"id":62326,"date":"2019-09-25T06:00:00","date_gmt":"2019-09-25T10:00:00","guid":{"rendered":"https:\/\/linitiative.ca\/International\/les-coliques-nephretiques-souvent-une-affaire-de-famille\/"},"modified":"2019-09-25T06:00:00","modified_gmt":"2019-09-25T10:00:00","slug":"les-coliques-nephretiques-souvent-une-affaire-de-famille","status":"publish","type":"post","link":"https:\/\/linitiative.ca\/International\/les-coliques-nephretiques-souvent-une-affaire-de-famille\/","title":{"rendered":"Les coliques n\u00e9phr\u00e9tiques, souvent une affaire de famille"},"content":{"rendered":"<p>La pr\u00e9sence de calculs dans les reins peut passer totalement inaper\u00e7ue. Mais quand ils sont trop gros ou migrent dans l&rsquo;appareil urinaire, ils provoquent des coliques n\u00e9phr\u00e9tiques extr\u00eamement douloureuses. Neuf fois sur 10, les coliques n\u00e9phr\u00e9tiques sont li\u00e9es \u00e0 la pr\u00e9sence d&rsquo;un calcul coinc\u00e9 dans l&rsquo;uret\u00e8re, le canal reliant le rein \u00e0 la vessie. Cette obstruction cr\u00e9e en amont de l&rsquo;obstacle une surpression d&rsquo;urine expliquant les intenses douleurs si typiques de la colique n\u00e9phr\u00e9tique. On ignore pourquoi chez certains la pr\u00e9sence de ces petits amas de cristaux ne pose pas de probl\u00e8me alors que chez d&rsquo;autres, elle se solde par des coliques n\u00e9phr\u00e9tiques souvent r\u00e9cidivantes. On sait par contre qu&rsquo;il existe une pr\u00e9disposition familiale aux calculs, apparemment transmise par le p\u00e8re. Il semblerait aussi que les coliques n\u00e9phr\u00e9tiques surviennent plus facilement le matin et qu&rsquo;elles touchent davantage les professions expos\u00e9es \u00e0 de fortes chaleurs ainsi que les h\u00f4tesses, les stewards et les pilotes. Cette pr\u00e9dominance confirmerait un lien entre d\u00e9shydratation et coliques n\u00e9phr\u00e9tiques.<\/p>\n<p><strong>Fi\u00e8vre et urines bloqu\u00e9es sont des urgences<\/strong><br \/>Mais attention, qu&rsquo;il s&rsquo;agisse d&rsquo;un premier \u00e9pisode ou d&rsquo;une r\u00e9cidive, il faut imp\u00e9rativement se rendre aux urgences si la douleur s&rsquo;accompagne de fi\u00e8vre et\/ou si on ne parvient plus \u00e0 uriner. Dans le premier cas, la fi\u00e8vre indique la pr\u00e9sence dans les urines du rein d&rsquo;une infection qui peut passer dans le sang et provoquer une septic\u00e9mie. Dans le second cas, le rein bloqu\u00e9 est expos\u00e9 \u00e0 l&rsquo;insuffisance r\u00e9nale aigu\u00eb. Une colique n\u00e9phr\u00e9tique simplement douloureuse mais qui r\u00e9siste aux antidouleurs ou touche une population fragile (diab\u00e9tiques, femmes enceintes, insuffisants respiratoires, h\u00e9patiques, cardiaques ou r\u00e9naux) doit \u00e9galement conduire aux urgences.<\/p>\n<p>Auteur:<br \/>\n<a href=\"https:\/\/www.lesoirdalgerie.com\/femme-magazine\/les-coliques-nephretiques-souvent-une-affaire-de-famille-30764\">Cliquez ici pour lire l&rsquo;article depuis sa source.<\/a><\/p>\n","protected":false},"excerpt":{"rendered":"<p>La pr\u00e9sence de calculs dans les reins peut passer totalement inaper\u00e7ue. Mais quand ils sont trop gros ou migrent dans l&rsquo;appareil urinaire, ils provoquent des coliques n\u00e9phr\u00e9tiques extr\u00eamement douloureuses. Neuf fois sur 10, les coliques n\u00e9phr\u00e9tiques sont li\u00e9es \u00e0 la pr\u00e9sence d&rsquo;un calcul coinc\u00e9 dans l&rsquo;uret\u00e8re, le canal reliant le rein \u00e0 la vessie. Cette [&hellip;]<\/p>\n","protected":false},"author":1741,"featured_media":0,"comment_status":"closed","ping_status":"closed","sticky":false,"template":"","format":"standard","meta":{"fifu_image_url":"","fifu_image_alt":"","footnotes":""},"categories":[73,53],"tags":[],"class_list":["post-62326","post","type-post","status-publish","format-standard","hentry","category-actualite","category-algerie"],"_links":{"self":[{"href":"https:\/\/linitiative.ca\/International\/wp-json\/wp\/v2\/posts\/62326","targetHints":{"allow":["GET"]}}],"collection":[{"href":"https:\/\/linitiative.ca\/International\/wp-json\/wp\/v2\/posts"}],"about":[{"href":"https:\/\/linitiative.ca\/International\/wp-json\/wp\/v2\/types\/post"}],"author":[{"embeddable":true,"href":"https:\/\/linitiative.ca\/International\/wp-json\/wp\/v2\/users\/1741"}],"replies":[{"embeddable":true,"href":"https:\/\/linitiative.ca\/International\/wp-json\/wp\/v2\/comments?post=62326"}],"version-history":[{"count":0,"href":"https:\/\/linitiative.ca\/International\/wp-json\/wp\/v2\/posts\/62326\/revisions"}],"wp:attachment":[{"href":"https:\/\/linitiative.ca\/International\/wp-json\/wp\/v2\/media?parent=62326"}],"wp:term":[{"taxonomy":"category","embeddable":true,"href":"https:\/\/linitiative.ca\/International\/wp-json\/wp\/v2\/categories?post=62326"},{"taxonomy":"post_tag","embeddable":true,"href":"https:\/\/linitiative.ca\/International\/wp-json\/wp\/v2\/tags?post=62326"}],"curies":[{"name":"wp","href":"https:\/\/api.w.org\/{rel}","templated":true}]}}