{"id":62327,"date":"2019-09-25T09:18:54","date_gmt":"2019-09-25T13:18:54","guid":{"rendered":"https:\/\/linitiative.ca\/International\/le-prince-heritier-du-luxembourg-en-visite-a-tanger-med\/"},"modified":"2019-09-25T09:18:54","modified_gmt":"2019-09-25T13:18:54","slug":"le-prince-heritier-du-luxembourg-en-visite-a-tanger-med","status":"publish","type":"post","link":"https:\/\/linitiative.ca\/International\/le-prince-heritier-du-luxembourg-en-visite-a-tanger-med\/","title":{"rendered":"Le Prince h\u00e9ritier du Luxembourg en visite \u00e0 Tanger Med"},"content":{"rendered":"<p><strong>La mission \u00e9conomique luxembourgeoise se termine sur un ton maritime \u00e0 Tanger Med. Le m\u00e9ga-port marocain a re\u00e7u le prince Guillaume, Grand-Duc h\u00e9ritier du Luxembourg, et son \u00e9pouse, la princesse St\u00e9phanie, qui pr\u00e9sident la mission, au Maroc depuis mardi 24 septembre.<\/strong><\/p>\n<div class=\"c10\"\/>\n<p>La d\u00e9l\u00e9gation qui comprend \u00e9galement le vice-premier ministre, ministre de l\u2019\u00c9conomie du Luxembourg, \u00c9tienne Schneider, a \u00e9t\u00e9 re\u00e7ue par Fouad Brini, pr\u00e9sident de Tanger Med.\u00a0 Selon \u00c9tienne Schneider, le Luxembourg aspire \u00e0 faire du port de <strong>Tanger Med<\/strong> son hub sur le continent africain. Et de signaler que le Luxembourg a fait le choix d\u2019aller plus loin dans la diversification de son \u00e9conomie. Le d\u00e9veloppement d\u2019un partenariat fort et mutuellement b\u00e9n\u00e9fique avec le Maroc dans le domaine de la <strong>logistique<\/strong> aura en ce sens un r\u00f4le pr\u00e9dominant, estime le responsable. Logique donc que la d\u00e9l\u00e9gation luxembourgeoise ait montr\u00e9 son int\u00e9r\u00eat pour Tanger Med comme hub logistique vers l\u2019Europe.<\/p>\n<p><img decoding=\"async\" src=\"https:\/\/www.challenge.ma\/wp-content\/uploads\/2019\/09\/luxemburg2-1024x683.jpg\" alt=\"\" class=\"wp-image-118413\" srcset=\"https:\/\/www.challenge.ma\/wp-content\/uploads\/2019\/09\/luxemburg2-1024x683.jpg 1024w, https:\/\/www.challenge.ma\/wp-content\/uploads\/2019\/09\/luxemburg2-300x200.jpg 300w, https:\/\/www.challenge.ma\/wp-content\/uploads\/2019\/09\/luxemburg2-768x512.jpg 768w, https:\/\/www.challenge.ma\/wp-content\/uploads\/2019\/09\/luxemburg2-360x240.jpg 360w, https:\/\/www.challenge.ma\/wp-content\/uploads\/2019\/09\/luxemburg2-750x500.jpg 750w, https:\/\/www.challenge.ma\/wp-content\/uploads\/2019\/09\/luxemburg2.jpg 1079w\" sizes=\"(max-width: 1024px) 100vw, 1024px\"\/>Le prince Guillaume, Grand-Duc h\u00e9ritier du Luxembourg signant le livre d\u2019or de Tanger Med en pr\u00e9sence de son \u00e9pouse, la princesse St\u00e9phanie.<\/p>\n<p>Pour Luc Frieden, pr\u00e9sident de la Chambre de commerce du Grand duch\u00e9 de Luxembourg et ancien ministre, \u00ab\u00a0le Maroc est plus qu\u2019une porte d\u2019entr\u00e9e vers l\u2019<strong>Afrique<\/strong>, c\u2019est une porte d\u2019entr\u00e9e vers le monde\u00a0\u00bb. Pour rappel, le Luxembourg est le sixi\u00e8me investisseur au Maroc. La mission \u00e9conomique comprend les repr\u00e9sentants d\u2019environ 50 entreprises.<\/p>\n<div class=\"c17\">\n<fieldset class=\"c16\">\n<legend><strong><span class=\"c11\">Challenge<\/span><span class=\"c12\">news<\/span><\/strong><\/legend>\n<div class=\"c15\">Le meilleur de la r\u00e9daction s\u00e9lectionn\u00e9 par Challenge :<\/p>\n<\/div>\n<\/fieldset>\n<\/div>\n<p>Auteur: Adama Sylla<br \/>\n<a href=\"https:\/\/www.challenge.ma\/tanger-le-prince-heritier-du-luxembourg-en-visite-a-tanger-med-118411\/\">Cliquez ici pour lire l&rsquo;article depuis sa source.<\/a><\/p>\n","protected":false},"excerpt":{"rendered":"<p>La mission \u00e9conomique luxembourgeoise se termine sur un ton maritime \u00e0 Tanger Med. Le m\u00e9ga-port marocain a re\u00e7u le prince Guillaume, Grand-Duc h\u00e9ritier du Luxembourg, et son \u00e9pouse, la princesse St\u00e9phanie, qui pr\u00e9sident la mission, au Maroc depuis mardi 24 septembre. La d\u00e9l\u00e9gation qui comprend \u00e9galement le vice-premier ministre, ministre de l\u2019\u00c9conomie du Luxembourg, \u00c9tienne [&hellip;]<\/p>\n","protected":false},"author":1787,"featured_media":62328,"comment_status":"closed","ping_status":"closed","sticky":false,"template":"","format":"standard","meta":{"fifu_image_url":"","fifu_image_alt":"","footnotes":""},"categories":[78,54],"tags":[],"class_list":["post-62327","post","type-post","status-publish","format-standard","has-post-thumbnail","hentry","category-economie","category-maroc"],"_links":{"self":[{"href":"https:\/\/linitiative.ca\/International\/wp-json\/wp\/v2\/posts\/62327","targetHints":{"allow":["GET"]}}],"collection":[{"href":"https:\/\/linitiative.ca\/International\/wp-json\/wp\/v2\/posts"}],"about":[{"href":"https:\/\/linitiative.ca\/International\/wp-json\/wp\/v2\/types\/post"}],"author":[{"embeddable":true,"href":"https:\/\/linitiative.ca\/International\/wp-json\/wp\/v2\/users\/1787"}],"replies":[{"embeddable":true,"href":"https:\/\/linitiative.ca\/International\/wp-json\/wp\/v2\/comments?post=62327"}],"version-history":[{"count":0,"href":"https:\/\/linitiative.ca\/International\/wp-json\/wp\/v2\/posts\/62327\/revisions"}],"wp:featuredmedia":[{"embeddable":true,"href":"https:\/\/linitiative.ca\/International\/wp-json\/"}],"wp:attachment":[{"href":"https:\/\/linitiative.ca\/International\/wp-json\/wp\/v2\/media?parent=62327"}],"wp:term":[{"taxonomy":"category","embeddable":true,"href":"https:\/\/linitiative.ca\/International\/wp-json\/wp\/v2\/categories?post=62327"},{"taxonomy":"post_tag","embeddable":true,"href":"https:\/\/linitiative.ca\/International\/wp-json\/wp\/v2\/tags?post=62327"}],"curies":[{"name":"wp","href":"https:\/\/api.w.org\/{rel}","templated":true}]}}