{"id":62333,"date":"2019-09-25T16:12:19","date_gmt":"2019-09-25T20:12:19","guid":{"rendered":"https:\/\/linitiative.ca\/International\/egypte-pourquoi-les-manifestations-nont-pas-reussi-a-faire-tomber-sissi\/"},"modified":"2019-09-25T16:12:19","modified_gmt":"2019-09-25T20:12:19","slug":"egypte-pourquoi-les-manifestations-nont-pas-reussi-a-faire-tomber-sissi","status":"publish","type":"post","link":"https:\/\/linitiative.ca\/International\/egypte-pourquoi-les-manifestations-nont-pas-reussi-a-faire-tomber-sissi\/","title":{"rendered":"Egypte \u2013 Pourquoi les manifestations n\u2019ont pas r\u00e9ussi \u00e0 faire tomber Sissi\u00a0?"},"content":{"rendered":"<div class=\"post-cont-in left relative\">\n<div class=\"swp_social_panel swp_horizontal_panel swp_flat_fresh swp_default_full_color swp_individual_full_color swp_other_full_color scale-100 scale-\" data-min-width=\"1100\" data-float-color=\"#ffffff\" data-float=\"none\" data-float-mobile=\"none\" data-transition=\"slide\">\n<div class=\"nc_tweetContainer swp_share_button total_shares total_sharesalt\"><span class=\"swp_count\">10 <span class=\"swp_label\">Partages<\/span><\/span><\/div>\n<\/div>\n<p>Des organisations de d\u00e9fense des droits de l\u2019homme ont annonc\u00e9 avoir comptabilis\u00e9 pr\u00e8s de 1100 arrestations parmi les manifestants qui ont particip\u00e9 aux manifestations du weekend dernier, qui appelaient au d\u00e9part de Sissi.<\/p>\n<p>Ces manifestations ont r\u00e9pondu \u00e0 l\u2019appel d\u2019un promoteur \u00e9gyptien vivant \u00e0 l\u2019\u00e9tranger. Son appel a \u00e9t\u00e9 attis\u00e9 par les m\u00e9dias classiques dans ce genre de situations, comme Al Jazeera et d\u2019autres chaines adeptes du printemps arabe.<\/p>\n<div class=\"code-block code-block-1 c3\"><ins class=\"adsbygoogle c2\" data-ad-layout=\"in-article\" data-ad-format=\"fluid\" data-ad-client=\"ca-pub-2102118777505746\" data-ad-slot=\"7301775417\"\/> <\/div>\n<p>Mais cet \u00e9pisode qu\u2019on voulait comme un deuxi\u00e8me round du printemps arabe a tourn\u00e9 court\u00a0? Puisque des images et des vid\u00e9os ont \u00e9t\u00e9 publi\u00e9es sur les r\u00e9seaux sociaux, montrant les rues et places publiques dans un calme absolu, contredisant les all\u00e9gations de ces m\u00e9dias. Mais, surtout, cette affaire a tourn\u00e9 court, apr\u00e8s les d\u00e9clarations de Donald Trump, qui a qualifi\u00e9 Al Sissi de v\u00e9ritable homme d\u2019Etat et d\u2019alli\u00e9 de premier ordre.<\/p>\n<p><img loading=\"lazy\" decoding=\"async\" class=\"aligncenter size-full wp-image-464143\" src=\"https:\/\/www.tunisienumerique.com\/wp-content\/uploads\/2019\/09\/al-jazeera-egypt.jpg\" alt=\"\" width=\"531\" height=\"1100\"\/><\/p>\n<p><noscript><\/p>\n<p><img loading=\"lazy\" decoding=\"async\" class=\"aligncenter size-full wp-image-464143\" src=\"https:\/\/www.tunisienumerique.com\/wp-content\/uploads\/2019\/09\/al-jazeera-egypt.jpg\" alt=\"\" width=\"531\" height=\"1100\"\/><\/p>\n<p><\/noscript><\/p>\n<p><strong>Que se passe-t-il en Tunisie?<\/strong><br \/>Nous expliquons sur notre <a href=\"https:\/\/www.youtube.com\/channel\/UCRzypVq0B_yBad5eGrwBx0Q?sub_confirmation=1\" target=\"_blank\" rel=\"noopener noreferrer\">cha\u00eene YouTube<\/a> . <a href=\"https:\/\/www.youtube.com\/channel\/UCRzypVq0B_yBad5eGrwBx0Q?sub_confirmation=1\" target=\"_blank\" rel=\"noopener noreferrer\">Abonnez-vous!<\/a><\/p>\n<div class=\"mvp-org-wrap mvp-org-logo\" itemprop=\"publisher\" itemscope=\"\" itemtype=\"https:\/\/schema.org\/Organization\">\n<p><img decoding=\"async\" src=\"https:\/\/www.tunisienumerique.com\/wp-content\/uploads\/2017\/02\/logo_tunisie_numerique.png\"\/><\/p>\n<\/div>\n<div class=\"swp_social_panel swp_horizontal_panel swp_flat_fresh swp_default_full_color swp_individual_full_color swp_other_full_color scale-100 scale-\" data-min-width=\"1100\" data-float-color=\"#ffffff\" data-float=\"none\" data-float-mobile=\"none\" data-transition=\"slide\">\n<div class=\"nc_tweetContainer swp_share_button total_shares total_sharesalt\"><span class=\"swp_count\">10 <span class=\"swp_label\">Partages<\/span><\/span><\/div>\n<\/div>\n<div class=\"mvp-related-posts left relative\">\n<h4 class=\"post-header\"><span class=\"post-header\">Lire aussi<\/span><\/h4>\n<\/div>\n<\/div>\n<p>Auteur: LM<br \/>\n<a href=\"https:\/\/www.tunisienumerique.com\/egypte-pourquoi-les-manifestations-nont-pas-reussi-a-faire-tomber-sissi\/\">Cliquez ici pour lire l&rsquo;article depuis sa source.<\/a><\/p>\n","protected":false},"excerpt":{"rendered":"<p>10 Partages Des organisations de d\u00e9fense des droits de l\u2019homme ont annonc\u00e9 avoir comptabilis\u00e9 pr\u00e8s de 1100 arrestations parmi les manifestants qui ont particip\u00e9 aux manifestations du weekend dernier, qui appelaient au d\u00e9part de Sissi. Ces manifestations ont r\u00e9pondu \u00e0 l\u2019appel d\u2019un promoteur \u00e9gyptien vivant \u00e0 l\u2019\u00e9tranger. Son appel a \u00e9t\u00e9 attis\u00e9 par les m\u00e9dias [&hellip;]<\/p>\n","protected":false},"author":1789,"featured_media":62334,"comment_status":"closed","ping_status":"closed","sticky":false,"template":"","format":"standard","meta":{"fifu_image_url":"","fifu_image_alt":"","footnotes":""},"categories":[73,55],"tags":[],"class_list":["post-62333","post","type-post","status-publish","format-standard","has-post-thumbnail","hentry","category-actualite","category-tunisie"],"_links":{"self":[{"href":"https:\/\/linitiative.ca\/International\/wp-json\/wp\/v2\/posts\/62333","targetHints":{"allow":["GET"]}}],"collection":[{"href":"https:\/\/linitiative.ca\/International\/wp-json\/wp\/v2\/posts"}],"about":[{"href":"https:\/\/linitiative.ca\/International\/wp-json\/wp\/v2\/types\/post"}],"author":[{"embeddable":true,"href":"https:\/\/linitiative.ca\/International\/wp-json\/wp\/v2\/users\/1789"}],"replies":[{"embeddable":true,"href":"https:\/\/linitiative.ca\/International\/wp-json\/wp\/v2\/comments?post=62333"}],"version-history":[{"count":0,"href":"https:\/\/linitiative.ca\/International\/wp-json\/wp\/v2\/posts\/62333\/revisions"}],"wp:featuredmedia":[{"embeddable":true,"href":"https:\/\/linitiative.ca\/International\/wp-json\/"}],"wp:attachment":[{"href":"https:\/\/linitiative.ca\/International\/wp-json\/wp\/v2\/media?parent=62333"}],"wp:term":[{"taxonomy":"category","embeddable":true,"href":"https:\/\/linitiative.ca\/International\/wp-json\/wp\/v2\/categories?post=62333"},{"taxonomy":"post_tag","embeddable":true,"href":"https:\/\/linitiative.ca\/International\/wp-json\/wp\/v2\/tags?post=62333"}],"curies":[{"name":"wp","href":"https:\/\/api.w.org\/{rel}","templated":true}]}}