{"id":62339,"date":"2019-09-25T16:58:58","date_gmt":"2019-09-25T20:58:58","guid":{"rendered":"https:\/\/linitiative.ca\/International\/tunisie-kais-saied-consent-enfin-a-accorder-une-interview-a-une-tv-tunisienne\/"},"modified":"2019-09-25T16:58:58","modified_gmt":"2019-09-25T20:58:58","slug":"tunisie-kais-saied-consent-enfin-a-accorder-une-interview-a-une-tv-tunisienne","status":"publish","type":"post","link":"https:\/\/linitiative.ca\/International\/tunisie-kais-saied-consent-enfin-a-accorder-une-interview-a-une-tv-tunisienne\/","title":{"rendered":"Tunisie \u2013 Ka\u00efs Sa\u00efed consent (enfin) \u00e0 accorder une interview \u00e0 une TV tunisienne"},"content":{"rendered":"<div class=\"post-cont-in left relative\">\n<div class=\"swp_social_panel swp_horizontal_panel swp_flat_fresh swp_default_full_color swp_individual_full_color swp_other_full_color scale-100 scale-\" data-min-width=\"1100\" data-float-color=\"#ffffff\" data-float=\"none\" data-float-mobile=\"none\" data-transition=\"slide\">\n<div class=\"nc_tweetContainer swp_share_button total_shares total_sharesalt\"><span class=\"swp_count\">1 <span class=\"swp_label\">Partages<\/span><\/span><\/div>\n<\/div>\n<p>Le candidat au deuxi\u00e8me tour de la pr\u00e9sidentielle, Ka\u00efs Sa\u00efed, qui a, depuis les r\u00e9sultats du premier tour des \u00e9lections pr\u00e9sidentielles, boud\u00e9 les m\u00e9dias tunisiens, se contentant \u00e0 accorder des entretiens, uniquement \u00e0 des chaines de TV \u00e9trang\u00e8res, a, finalement, consenti \u00e0 casser ce \u00ab\u00a0boycott\u00a0\u00bb, et aurait consenti \u00e0 accorder une interview \u00e0 la chaine de TV Nationale \u00ab\u00a0Al Wataniya 1\u00a0\u00bb.<\/p>\n<p>Cette interview sera diffus\u00e9e demain, jeudi 26 septembre, \u00e0 partir de 21 heures.<\/p>\n<div class=\"code-block code-block-1 c3\"><ins class=\"adsbygoogle c2\" data-ad-layout=\"in-article\" data-ad-format=\"fluid\" data-ad-client=\"ca-pub-2102118777505746\" data-ad-slot=\"7301775417\"\/> <\/div>\n<p><strong>Que se passe-t-il en Tunisie?<\/strong><br \/>Nous expliquons sur notre <a href=\"https:\/\/www.youtube.com\/channel\/UCRzypVq0B_yBad5eGrwBx0Q?sub_confirmation=1\" target=\"_blank\" rel=\"noopener noreferrer\">cha\u00eene YouTube<\/a> . <a href=\"https:\/\/www.youtube.com\/channel\/UCRzypVq0B_yBad5eGrwBx0Q?sub_confirmation=1\" target=\"_blank\" rel=\"noopener noreferrer\">Abonnez-vous!<\/a><\/p>\n<div class=\"mvp-org-wrap mvp-org-logo\" itemprop=\"publisher\" itemscope=\"\" itemtype=\"https:\/\/schema.org\/Organization\">\n<p><img decoding=\"async\" src=\"https:\/\/www.tunisienumerique.com\/wp-content\/uploads\/2017\/02\/logo_tunisie_numerique.png\"\/><\/p>\n<\/div>\n<div class=\"swp_social_panel swp_horizontal_panel swp_flat_fresh swp_default_full_color swp_individual_full_color swp_other_full_color scale-100 scale-\" data-min-width=\"1100\" data-float-color=\"#ffffff\" data-float=\"none\" data-float-mobile=\"none\" data-transition=\"slide\">\n<div class=\"nc_tweetContainer swp_share_button total_shares total_sharesalt\"><span class=\"swp_count\">1 <span class=\"swp_label\">Partages<\/span><\/span><\/div>\n<\/div>\n<div class=\"mvp-related-posts left relative\">\n<h4 class=\"post-header\"><span class=\"post-header\">Lire aussi<\/span><\/h4>\n<\/div>\n<\/div>\n<p>Auteur: LM<br \/>\n<a href=\"https:\/\/www.tunisienumerique.com\/tunisie-kais-saied-consent-enfin-a-accorder-une-interview-a-une-tv-tunisienne\/\">Cliquez ici pour lire l&rsquo;article depuis sa source.<\/a><\/p>\n","protected":false},"excerpt":{"rendered":"<p>1 Partages Le candidat au deuxi\u00e8me tour de la pr\u00e9sidentielle, Ka\u00efs Sa\u00efed, qui a, depuis les r\u00e9sultats du premier tour des \u00e9lections pr\u00e9sidentielles, boud\u00e9 les m\u00e9dias tunisiens, se contentant \u00e0 accorder des entretiens, uniquement \u00e0 des chaines de TV \u00e9trang\u00e8res, a, finalement, consenti \u00e0 casser ce \u00ab\u00a0boycott\u00a0\u00bb, et aurait consenti \u00e0 accorder une interview \u00e0 [&hellip;]<\/p>\n","protected":false},"author":1789,"featured_media":62340,"comment_status":"closed","ping_status":"closed","sticky":false,"template":"","format":"standard","meta":{"fifu_image_url":"","fifu_image_alt":"","footnotes":""},"categories":[73,55],"tags":[],"class_list":["post-62339","post","type-post","status-publish","format-standard","has-post-thumbnail","hentry","category-actualite","category-tunisie"],"_links":{"self":[{"href":"https:\/\/linitiative.ca\/International\/wp-json\/wp\/v2\/posts\/62339","targetHints":{"allow":["GET"]}}],"collection":[{"href":"https:\/\/linitiative.ca\/International\/wp-json\/wp\/v2\/posts"}],"about":[{"href":"https:\/\/linitiative.ca\/International\/wp-json\/wp\/v2\/types\/post"}],"author":[{"embeddable":true,"href":"https:\/\/linitiative.ca\/International\/wp-json\/wp\/v2\/users\/1789"}],"replies":[{"embeddable":true,"href":"https:\/\/linitiative.ca\/International\/wp-json\/wp\/v2\/comments?post=62339"}],"version-history":[{"count":0,"href":"https:\/\/linitiative.ca\/International\/wp-json\/wp\/v2\/posts\/62339\/revisions"}],"wp:featuredmedia":[{"embeddable":true,"href":"https:\/\/linitiative.ca\/International\/wp-json\/"}],"wp:attachment":[{"href":"https:\/\/linitiative.ca\/International\/wp-json\/wp\/v2\/media?parent=62339"}],"wp:term":[{"taxonomy":"category","embeddable":true,"href":"https:\/\/linitiative.ca\/International\/wp-json\/wp\/v2\/categories?post=62339"},{"taxonomy":"post_tag","embeddable":true,"href":"https:\/\/linitiative.ca\/International\/wp-json\/wp\/v2\/tags?post=62339"}],"curies":[{"name":"wp","href":"https:\/\/api.w.org\/{rel}","templated":true}]}}