{"id":62353,"date":"2019-09-25T14:18:03","date_gmt":"2019-09-25T18:18:03","guid":{"rendered":"https:\/\/linitiative.ca\/International\/un-militaire-burkinabe-et-deux-assaillants-tues-dans-une-embuscade\/"},"modified":"2019-09-25T14:18:03","modified_gmt":"2019-09-25T18:18:03","slug":"un-militaire-burkinabe-et-deux-assaillants-tues-dans-une-embuscade","status":"publish","type":"post","link":"https:\/\/linitiative.ca\/International\/un-militaire-burkinabe-et-deux-assaillants-tues-dans-une-embuscade\/","title":{"rendered":"Un militaire burkinab\u00e9 et deux assaillants tu\u00e9s dans une embuscade"},"content":{"rendered":"<div readability=\"32\">\n<p>Publi\u00e9 le 25.09.2019 \u00e0 19h18 par APA News<\/p>\n<\/div>\n<div readability=\"52\">\n<p>Deux assaillants ont \u00e9t\u00e9 tu\u00e9s suite \u00e0 une embuscade tendue par des individus arm\u00e9s \u00e0 Loada, une localit\u00e9 de la r\u00e9gion du Centre-nord (plus de 100 km au nord de Ouagadougou), a appris APA mercredi aupr\u00e8s de l\u2019arm\u00e9e nationale qui d\u00e9plore la perte d\u2019un de ses soldats.Selon le service de communication de l\u2019arm\u00e9e, une patrouille militaire a \u00e9t\u00e9 la cible d\u2019une embuscade mardi soir dans les environs de Loada \u00e0 13 km de Dablo, dans la province du Sanmatenga.<\/p>\n<p>La m\u00eame source pr\u00e9cise que le bilan provisoire de la riposte fait \u00e9tat aussi de motos des assaillants d\u00e9truites.<\/p>\n<p>Le Burkina Faso fait face, depuis plus de trois ans, \u00e0 des attaques terroristes r\u00e9currentes, faisant des victimes aussi bien du c\u00f4t\u00e9 des Forces de d\u00e9fense et de s\u00e9curit\u00e9 (FDS) que des civils.<\/p>\n<p>L\u2019une des attaques les plus sanglantes est celle du 19 ao\u00fbt dernier \u00e0 Koutougou (Sahel) o\u00f9 l\u2019arm\u00e9e nationale a perdu 24 soldats, mais est parvenue \u00e0 \u00abneutraliser\u00bb 40 terroristes.<\/p>\n<\/div>\n<p>Auteur: APA News<br \/>\n<a href=\"https:\/\/www.journalducameroun.com\/un-militaire-burkinabe-et-deux-assaillants-tues-dans-une-embuscade\/\">Cliquez ici pour lire l&rsquo;article depuis sa source.<\/a><\/p>\n","protected":false},"excerpt":{"rendered":"<p>Publi\u00e9 le 25.09.2019 \u00e0 19h18 par APA News Deux assaillants ont \u00e9t\u00e9 tu\u00e9s suite \u00e0 une embuscade tendue par des individus arm\u00e9s \u00e0 Loada, une localit\u00e9 de la r\u00e9gion du Centre-nord (plus de 100 km au nord de Ouagadougou), a appris APA mercredi aupr\u00e8s de l\u2019arm\u00e9e nationale qui d\u00e9plore la perte d\u2019un de ses soldats.Selon [&hellip;]<\/p>\n","protected":false},"author":1965,"featured_media":0,"comment_status":"closed","ping_status":"closed","sticky":false,"template":"","format":"standard","meta":{"fifu_image_url":"","fifu_image_alt":"","footnotes":""},"categories":[73,82],"tags":[],"class_list":["post-62353","post","type-post","status-publish","format-standard","hentry","category-actualite","category-cameroun"],"_links":{"self":[{"href":"https:\/\/linitiative.ca\/International\/wp-json\/wp\/v2\/posts\/62353","targetHints":{"allow":["GET"]}}],"collection":[{"href":"https:\/\/linitiative.ca\/International\/wp-json\/wp\/v2\/posts"}],"about":[{"href":"https:\/\/linitiative.ca\/International\/wp-json\/wp\/v2\/types\/post"}],"author":[{"embeddable":true,"href":"https:\/\/linitiative.ca\/International\/wp-json\/wp\/v2\/users\/1965"}],"replies":[{"embeddable":true,"href":"https:\/\/linitiative.ca\/International\/wp-json\/wp\/v2\/comments?post=62353"}],"version-history":[{"count":0,"href":"https:\/\/linitiative.ca\/International\/wp-json\/wp\/v2\/posts\/62353\/revisions"}],"wp:attachment":[{"href":"https:\/\/linitiative.ca\/International\/wp-json\/wp\/v2\/media?parent=62353"}],"wp:term":[{"taxonomy":"category","embeddable":true,"href":"https:\/\/linitiative.ca\/International\/wp-json\/wp\/v2\/categories?post=62353"},{"taxonomy":"post_tag","embeddable":true,"href":"https:\/\/linitiative.ca\/International\/wp-json\/wp\/v2\/tags?post=62353"}],"curies":[{"name":"wp","href":"https:\/\/api.w.org\/{rel}","templated":true}]}}