{"id":62355,"date":"2019-09-25T15:50:02","date_gmt":"2019-09-25T19:50:02","guid":{"rendered":"https:\/\/linitiative.ca\/International\/netanyahu-le-maitre-de-la-survie-politique\/"},"modified":"2019-09-25T15:50:02","modified_gmt":"2019-09-25T19:50:02","slug":"netanyahu-le-maitre-de-la-survie-politique","status":"publish","type":"post","link":"https:\/\/linitiative.ca\/International\/netanyahu-le-maitre-de-la-survie-politique\/","title":{"rendered":"Netanyahu, le ma\u00eetre de la survie politique"},"content":{"rendered":"<p>Premier ministre le plus p\u00e9renne de l\u2019histoire moderne d\u2019Isra\u00ebl, Benjamin Netanyahu pourra encore prouver ses talents de \u00ab\u00a0magicien\u00a0\u00bb pass\u00e9 ma\u00eetre dans l\u2019art de la survie politique en tentant de former le prochain gouvernement d\u2019union.<\/p>\n<p>Mais cette t\u00e2che, dont il a h\u00e9rit\u00e9 mercredi soir du pr\u00e9sident Reuven Rivlin, n\u2019a rien de simple tant le Parlement isra\u00e9lien semble divis\u00e9, voire polaris\u00e9 sur sa personne.<\/p>\n<p>Voix rauque de t\u00e9nor, cheveux argent\u00e9s inamovibles, souvent v\u00eatu d\u2019un complet-cravate bleu sur une chemise blanche, Benjamin Netanyahu s\u2019est impos\u00e9 au coeur du syst\u00e8me politique isra\u00e9lien comme s\u2019il en avait toujours fait partie.<\/p>\n<p>Ce fin strat\u00e8ge, habitu\u00e9 du louvoiement, est pourtant le seul Premier ministre d\u2019Isra\u00ebl \u00e0 \u00eatre n\u00e9 apr\u00e8s la cr\u00e9ation de l\u2019Etat en mai 1948.<\/p>\n<p>N\u00e9 le 21 octobre 1949 \u00e0 Tel-Aviv, Benjamin Netanyahu a longtemps d\u00e9fendu l\u2019id\u00e9e d\u2019un \u00ab\u00a0Grand Isra\u00ebl\u00a0\u00bb, une id\u00e9ologie h\u00e9rit\u00e9e de son histoire personnelle.<\/p>\n<p>Son p\u00e8re, Benzion Netanyahu, a en effet \u00e9t\u00e9 l\u2019assistant personnel de Zeev Jabotinsky, leader de la tendance sioniste dite \u00ab\u00a0r\u00e9visionniste\u00a0\u00bb, qui souhaitait non seulement un Etat juif en Palestine, mais un \u00ab\u00a0Grand Isra\u00ebl\u00a0\u00bb int\u00e9grant la Jordanie.<\/p>\n<p>\u2013 Plus jeune Premier ministre \u2013<\/p>\n<p>Benjamin Netanyahu effectue son service militaire dans un commando prestigieux. Le Proche-Orient est alors dans l\u2019apr\u00e8s-guerre des Six Jours, qui a vu en 1967 Isra\u00ebl s\u2019emparer des territoires palestiniens de Cisjordanie, J\u00e9rusalem-Est et la bande de Gaza, ainsi que du Golan syrien et du Sina\u00ef \u00e9gyptien.<\/p>\n<p>C\u00f4t\u00e9 arabe, la d\u00e9faite est am\u00e8re. Hors du champ des arm\u00e9es classiques, de nouveaux acteurs s\u2019imposent comme l\u2019Organisation de lib\u00e9ration de la Palestine (OLP), qui regroupe des groupes arm\u00e9s palestiniens.<\/p>\n<p>En 1976, le fr\u00e8re de Benjamin, Yoni, commandant de l\u2019unit\u00e9 charg\u00e9e de lib\u00e9rer les otages d\u2019un vol Tel-Aviv\/Paris d\u00e9tourn\u00e9 en Ouganda, est tu\u00e9 pendant l\u2019assaut isra\u00e9lien.<\/p>\n<p>La mort de son fr\u00e8re a\u00een\u00e9 \u00e9branle profond\u00e9ment Benjamin Netanyahu, qui fera de la \u00ab\u00a0lutte contre le terrorisme\u00a0\u00bb, qu\u2019il associe souvent aux Palestiniens, l\u2019un des fils conducteurs de sa carri\u00e8re politique.<\/p>\n<p>Orateur n\u00e9, pugnace, il devient diplomate \u00e0 Washington, puis ambassadeur \u00e0 l\u2019ONU dans les ann\u00e9es 1980. De retour en Isra\u00ebl, il est \u00e9lu d\u00e9put\u00e9 en 1988 sous la banni\u00e8re du Likoud, grand parti de droite dont il devient, avec son style \u00e0 l\u2019am\u00e9ricaine, l\u2019\u00e9toile montante.<\/p>\n<p>Pendant la guerre du Golfe de 1991, qui expose Isra\u00ebl \u00e0 une pluie de missiles Scud irakiens, le nouveau membre du Parlement d\u00e9fend le point de vue isra\u00e9lien sur CNN. A l\u2019aise devant la cam\u00e9ra, il conna\u00eet les codes des m\u00e9dias et ma\u00eetrise l\u2019anglais, pour avoir d\u00e9j\u00e0 \u00e9tudi\u00e9 au prestigieux Massachusetts Institute of Technology (MIT).<\/p>\n<p>Il continue son ascension jusqu\u2019\u00e0 une premi\u00e8re cons\u00e9cration en 1996. A 47 ans, Benjamin Netanyahu triomphe du doyen Shimon Peres et devient le plus jeune Premier ministre de l\u2019histoire d\u2019Isra\u00ebl.<\/p>\n<p>Mais son r\u00e8gne est de courte dur\u00e9e. Trois ans. Apr\u00e8s une br\u00e8ve retraite, il retourne \u00e0 sa passion, reprend la t\u00eate du Likoud et redevient Premier ministre en 2009.<\/p>\n<p>\u2013 \u00ab\u00a0Guerre personnelle\u00a0\u00bb \u2013<\/p>\n<p>Depuis, Isra\u00ebl n\u2019a connu que \u00ab\u00a0Bibi\u00a0\u00bb, pass\u00e9 ma\u00eetre dans l\u2019art de former des coalitions, de coopter des petits partis et des formations ultra-orthodoxes, pour asseoir son pouvoir.<\/p>\n<p>Lui se pr\u00e9sente comme le grand d\u00e9fenseur de l\u2019Etat h\u00e9breu face \u00e0 l\u2019Iran, nouvel \u00ab\u00a0Amalek\u00a0\u00bb, ennemi mortel des H\u00e9breux dans la Bible. Ses adversaires d\u00e9crivent plut\u00f4t un autocrate pr\u00eat \u00e0 tout pour rester \u00e0 son poste.<\/p>\n<p>Id\u00e9ologue ou pragmatique? \u00ab\u00a0Bien que Benjamin Netanyahu sympathise avec la politique de son p\u00e8re (\u2026), ses actions comme Premier ministre sont avant tout motiv\u00e9es par des consid\u00e9rations pragmatiques\u00a0\u00bb, livre l\u2019universitaire Neill Lochery dans une biographie r\u00e9cente.<\/p>\n<p>Mari\u00e9 et p\u00e8re de trois enfants, il est d\u00e9sormais dans le collimateur de la justice pour corruption, fraude et abus de confiance dans des affaires de dons re\u00e7us de la part de milliardaires, d\u2019\u00e9changes de bons proc\u00e9d\u00e9s avec des patrons d\u2019entreprises, et de tentatives de collusion avec la presse.<\/p>\n<p>Pour Gideon Rahat, professeur de sciences politiques \u00e0 l\u2019Universit\u00e9 h\u00e9bra\u00efque de J\u00e9rusalem, Benjamin Netanyahu oscille entre \u00ab\u00a0faucon extr\u00e9miste\u00a0\u00bb et \u00ab\u00a0mod\u00e9r\u00e9\u00a0\u00bb.<\/p>\n<p>\u00ab\u00a0Depuis les accusations de corruption, il est plus \u00e0 droite, plus enclin au populisme et \u00e0 des lois antid\u00e9mocratiques (\u2026) Il se bat pour sa survie, pour \u00e9viter les tribunaux, c\u2019est une guerre personnelle\u00a0\u00bb, dit-il.<\/p>\n<p>Apr\u00e8s l\u2019ascension et le pouvoir, ses adversaires r\u00eavent de la chute du \u00ab\u00a0roi Bibi\u00a0\u00bb. Mais ils pourraient encore attendre\u2026<\/p>\n<p>Auteur: AFP<br \/>\n<a href=\"https:\/\/www.journalducameroun.com\/netanyahu-le-maitre-de-la-survie-politique\/\">Cliquez ici pour lire l&rsquo;article depuis sa source.<\/a><\/p>\n","protected":false},"excerpt":{"rendered":"<p>Premier ministre le plus p\u00e9renne de l\u2019histoire moderne d\u2019Isra\u00ebl, Benjamin Netanyahu pourra encore prouver ses talents de \u00ab\u00a0magicien\u00a0\u00bb pass\u00e9 ma\u00eetre dans l\u2019art de la survie politique en tentant de former le prochain gouvernement d\u2019union. Mais cette t\u00e2che, dont il a h\u00e9rit\u00e9 mercredi soir du pr\u00e9sident Reuven Rivlin, n\u2019a rien de simple tant le Parlement isra\u00e9lien [&hellip;]<\/p>\n","protected":false},"author":1965,"featured_media":0,"comment_status":"closed","ping_status":"closed","sticky":false,"template":"","format":"standard","meta":{"fifu_image_url":"","fifu_image_alt":"","footnotes":""},"categories":[73,82],"tags":[],"class_list":["post-62355","post","type-post","status-publish","format-standard","hentry","category-actualite","category-cameroun"],"_links":{"self":[{"href":"https:\/\/linitiative.ca\/International\/wp-json\/wp\/v2\/posts\/62355","targetHints":{"allow":["GET"]}}],"collection":[{"href":"https:\/\/linitiative.ca\/International\/wp-json\/wp\/v2\/posts"}],"about":[{"href":"https:\/\/linitiative.ca\/International\/wp-json\/wp\/v2\/types\/post"}],"author":[{"embeddable":true,"href":"https:\/\/linitiative.ca\/International\/wp-json\/wp\/v2\/users\/1965"}],"replies":[{"embeddable":true,"href":"https:\/\/linitiative.ca\/International\/wp-json\/wp\/v2\/comments?post=62355"}],"version-history":[{"count":0,"href":"https:\/\/linitiative.ca\/International\/wp-json\/wp\/v2\/posts\/62355\/revisions"}],"wp:attachment":[{"href":"https:\/\/linitiative.ca\/International\/wp-json\/wp\/v2\/media?parent=62355"}],"wp:term":[{"taxonomy":"category","embeddable":true,"href":"https:\/\/linitiative.ca\/International\/wp-json\/wp\/v2\/categories?post=62355"},{"taxonomy":"post_tag","embeddable":true,"href":"https:\/\/linitiative.ca\/International\/wp-json\/wp\/v2\/tags?post=62355"}],"curies":[{"name":"wp","href":"https:\/\/api.w.org\/{rel}","templated":true}]}}