{"id":62358,"date":"2019-09-25T12:26:08","date_gmt":"2019-09-25T16:26:08","guid":{"rendered":"https:\/\/linitiative.ca\/International\/les-titres-fonciers-de-lex-directeur-general-du-budget-suspendus-par-la-justice\/"},"modified":"2019-09-25T12:26:08","modified_gmt":"2019-09-25T16:26:08","slug":"les-titres-fonciers-de-lex-directeur-general-du-budget-suspendus-par-la-justice","status":"publish","type":"post","link":"https:\/\/linitiative.ca\/International\/les-titres-fonciers-de-lex-directeur-general-du-budget-suspendus-par-la-justice\/","title":{"rendered":"Les titres fonciers de l\u2019ex directeur g\u00e9n\u00e9ral du budget suspendus par la justice"},"content":{"rendered":"<div class=\"featured-area featured-area-inner\"><img loading=\"lazy\" decoding=\"async\" width=\"638\" height=\"405\" src=\"https:\/\/i1.wp.com\/ecomatin.net\/wp-content\/uploads\/2019\/09\/ecomatin.net-yaounde-les-titres-fonciers-de-lex-directeur-general-du-budget-suspendus-par-la-justice-antoine-felix-samba-1.jpg?resize=638%2C405&#038;ssl=1&#038;is-pending-load=1\" class=\"attachment-jannah-image-post size-jannah-image-post wp-post-image jetpack-lazy-image\" alt=\"\" data-attachment-id=\"11928\" data-permalink=\"https:\/\/ecomatin.net\/yaounde-les-titres-fonciers-de-lex-directeur-general-du-budget-suspendus-par-la-justice\/antoine-felix-samba-2\/\" data-orig-file=\"https:\/\/i1.wp.com\/ecomatin.net\/wp-content\/uploads\/2019\/09\/ecomatin.net-yaounde-les-titres-fonciers-de-lex-directeur-general-du-budget-suspendus-par-la-justice-antoine-felix-samba-1.jpg?fit=638%2C638&#038;ssl=1\" data-orig-size=\"638,638\" data-comments-opened=\"0\" data-image-meta=\"{\"aperture\":\"0\",\"credit\":\"\",\"camera\":\"\",\"caption\":\"\",\"created_timestamp\":\"0\",\"copyright\":\"\",\"focal_length\":\"0\",\"iso\":\"0\",\"shutter_speed\":\"0\",\"title\":\"\",\"orientation\":\"0\"}\" data-image-title=\"Antoine-Felix-Samba\" data-image-description=\"\" data-medium-file=\"https:\/\/i1.wp.com\/ecomatin.net\/wp-content\/uploads\/2019\/09\/ecomatin.net-yaounde-les-titres-fonciers-de-lex-directeur-general-du-budget-suspendus-par-la-justice-antoine-felix-samba-1.jpg?fit=300%2C300&#038;ssl=1\" data-large-file=\"https:\/\/i1.wp.com\/ecomatin.net\/wp-content\/uploads\/2019\/09\/ecomatin.net-yaounde-les-titres-fonciers-de-lex-directeur-general-du-budget-suspendus-par-la-justice-antoine-felix-samba-1.jpg?fit=638%2C638&#038;ssl=1\" srcset=\"data:image\/gif;base64,R0lGODlhAQABAIAAAAAAAP\/\/\/yH5BAEAAAAALAAAAAABAAEAAAIBRAA7\"\/><\/div>\n<div class=\"entry-content entry clearfix\" readability=\"60\">\n<p class=\"yiv4194890532MsoNormal\"><strong><span lang=\"FR\">Antoine Felix Samba,<\/span><\/strong><span lang=\"FR\">\u00a0actuel inspecteur g\u00e9n\u00e9ral au minist\u00e8re des Finances (<strong>Minfi<\/strong>) est dans le p\u00e9trin. Ses titres fonciers sur un terrain \u00e9valu\u00e9 \u00e0\u00a0<strong>15 hectares<\/strong>\u00a0au quartier Nkozoa, dans l\u2019arrondissement de SOA, banlieue de la ville de Yaound\u00e9, ont \u00e9t\u00e9 suspendus par le Tribunal administratif de Yaound\u00e9. L\u2019instance judiciaire tranche sur un litige foncier qui oppose l\u2019ex directeur g\u00e9n\u00e9ral du Budget au minist\u00e8re des Finances aux h\u00e9ritiers de\u00a0feu <strong>Kam Jacques.\u00a0<\/strong>Ceux-ci revendiquent l\u2019appartenance du terrain, le tribunal leur a donn\u00e9 gain de cause en ao\u00fbt dernier, en gelant les titres\u00a0d\u2019Antoine Felix Samba. Ce dernier, dont les titres fonciers ont fra\u00eechement \u00e9t\u00e9 \u00e9tablis au minist\u00e8re des Domaines, du <strong>Cadastre et des Affaires fonciers<\/strong> (<strong>Mindcaf<\/strong>), n\u2019a pas pu expliquer aux juges par quels proc\u00e9d\u00e9s ils avaient \u00e9t\u00e9 r\u00e9alis\u00e9s sur un site d\u00e9j\u00e0 immatricul\u00e9 depuis plus de 40 ans. Le parquet g\u00e9n\u00e9ral estime que les moyens invoqu\u00e9s par les ayants-droit au soutien de leur requ\u00eate sont pertinents et\u00a0\u00a0qu\u2019il\u00a0\u00a0risque de faire face \u00e0 un pr\u00e9judice irr\u00e9parable au cas o\u00f9 leur demande n\u2019\u00e9tait pas satisfaite.\u00a0\u00a0<\/span><\/p>\n<p class=\"yiv4194890532MsoNormal\"><span lang=\"FR\">Rappelons que c\u2019est depuis mars 2017 que la famille de feu Kam est dans un bras de fer avec l\u2019ancien Dg du Budget pour le contr\u00f4le de la parcelle. Une autre proc\u00e9dure, apprend-on, est pr\u00e9vue afin d\u2019annuler d\u00e9finitivement les titres fonciers\u00a0\u00a0d\u2019Antoine Samba sur le site de Nkozoa \u00e9labor\u00e9s par le Mindcaf.<\/span><\/p>\n<p class=\"yiv4194890532MsoNormal\"><span lang=\"FR\">Tr\u00e8s discret M. Samba s\u2019est fait connaitre du grand public en avril 2017 apr\u00e8s que des images et des vid\u00e9os d\u2019une\u00a0\u00a0luxueuse demeure avaient fait le buzz sur les r\u00e9seaux sociaux. Les internautes jugeaient scandaleux l\u2019impressionnant \u00e9clat de son ch\u00e2teau pour un fonctionnaire. Plusieurs \u00e9voquaient un enrichissement illicite. Par contre, d\u2019autres estimaient que l\u2019origine de sa richesse viendrait de sa casquette d\u2019op\u00e9rateur \u00e9conomique. Il est chef d\u2019entreprise \u00e0 la fibre agricole, ce qui lui aurait permis de d\u00e9velopper de vastes exploitations \u00e0 Minta, sa ville d\u2019origine dans le d\u00e9partement de la Haute Sanaga, r\u00e9gion du Centre.<\/span><\/p>\n<p class=\"yiv4194890532MsoNormal\"><span lang=\"FR\">\u00a0<\/span><\/p>\n<div class=\"about-author about-author-box container-wrapper\">\n<div class=\"author-avatar\">\n<p><img decoding=\"async\" src=\"http:\/\/\" alt=\"\"\/><\/p>\n<\/div>\n<p><h4>La R\u00e9daction EcoMatin<\/h4>\n<\/p>\n<\/div>\n<div class=\"awac-wrapper awac widget blog_subscription-2\">\n<h4 class=\"widget-title\">Abonnez-vous \u00e0 notre lettre d&rsquo;information<\/h4>\n<\/div>\n<\/div>\n<div class=\"toggle-post-content clearfix\"><a id=\"toggle-post-button\" class=\"button\" href=\"#\">Afficher plus <\/a><\/div>\n<p>Auteur: EcoMatin<br \/>\n<a href=\"https:\/\/ecomatin.net\/yaounde-les-titres-fonciers-de-lex-directeur-general-du-budget-suspendus-par-la-justice\/\">Cliquez ici pour lire l&rsquo;article depuis sa source.<\/a><\/p>\n","protected":false},"excerpt":{"rendered":"<p>Antoine Felix Samba,\u00a0actuel inspecteur g\u00e9n\u00e9ral au minist\u00e8re des Finances (Minfi) est dans le p\u00e9trin. Ses titres fonciers sur un terrain \u00e9valu\u00e9 \u00e0\u00a015 hectares\u00a0au quartier Nkozoa, dans l\u2019arrondissement de SOA, banlieue de la ville de Yaound\u00e9, ont \u00e9t\u00e9 suspendus par le Tribunal administratif de Yaound\u00e9. L\u2019instance judiciaire tranche sur un litige foncier qui oppose l\u2019ex directeur [&hellip;]<\/p>\n","protected":false},"author":1969,"featured_media":0,"comment_status":"closed","ping_status":"closed","sticky":false,"template":"","format":"standard","meta":{"fifu_image_url":"","fifu_image_alt":"","footnotes":""},"categories":[82,78],"tags":[],"class_list":["post-62358","post","type-post","status-publish","format-standard","hentry","category-cameroun","category-economie"],"_links":{"self":[{"href":"https:\/\/linitiative.ca\/International\/wp-json\/wp\/v2\/posts\/62358","targetHints":{"allow":["GET"]}}],"collection":[{"href":"https:\/\/linitiative.ca\/International\/wp-json\/wp\/v2\/posts"}],"about":[{"href":"https:\/\/linitiative.ca\/International\/wp-json\/wp\/v2\/types\/post"}],"author":[{"embeddable":true,"href":"https:\/\/linitiative.ca\/International\/wp-json\/wp\/v2\/users\/1969"}],"replies":[{"embeddable":true,"href":"https:\/\/linitiative.ca\/International\/wp-json\/wp\/v2\/comments?post=62358"}],"version-history":[{"count":0,"href":"https:\/\/linitiative.ca\/International\/wp-json\/wp\/v2\/posts\/62358\/revisions"}],"wp:attachment":[{"href":"https:\/\/linitiative.ca\/International\/wp-json\/wp\/v2\/media?parent=62358"}],"wp:term":[{"taxonomy":"category","embeddable":true,"href":"https:\/\/linitiative.ca\/International\/wp-json\/wp\/v2\/categories?post=62358"},{"taxonomy":"post_tag","embeddable":true,"href":"https:\/\/linitiative.ca\/International\/wp-json\/wp\/v2\/tags?post=62358"}],"curies":[{"name":"wp","href":"https:\/\/api.w.org\/{rel}","templated":true}]}}