{"id":62359,"date":"2019-09-25T12:45:35","date_gmt":"2019-09-25T16:45:35","guid":{"rendered":"https:\/\/linitiative.ca\/International\/commerce-deja-un-numero-vert-pour-denoncer-des-pratiques-illicites\/"},"modified":"2019-09-25T12:45:35","modified_gmt":"2019-09-25T16:45:35","slug":"commerce-deja-un-numero-vert-pour-denoncer-des-pratiques-illicites","status":"publish","type":"post","link":"https:\/\/linitiative.ca\/International\/commerce-deja-un-numero-vert-pour-denoncer-des-pratiques-illicites\/","title":{"rendered":"Commerce : d\u00e9j\u00e0 un num\u00e9ro vert pour d\u00e9noncer des pratiques illicites"},"content":{"rendered":"<div class=\"featured-area featured-area-inner\"><img loading=\"lazy\" decoding=\"async\" width=\"780\" height=\"405\" src=\"https:\/\/i1.wp.com\/ecomatin.net\/wp-content\/uploads\/2019\/09\/ecomatin.net-commerce-deja-un-numero-vert-pour-denoncer-des-pratiques-illicites-ministre-du-commerce.jpg?resize=780%2C405&#038;ssl=1&#038;is-pending-load=1\" class=\"attachment-jannah-image-post size-jannah-image-post wp-post-image jetpack-lazy-image\" alt=\"\" data-attachment-id=\"11935\" data-permalink=\"https:\/\/ecomatin.net\/commerce-deja-un-numero-vert-pour-denoncer-des-pratiques-illicites\/ministre-du-commerce\/\" data-orig-file=\"https:\/\/i1.wp.com\/ecomatin.net\/wp-content\/uploads\/2019\/09\/ecomatin.net-commerce-deja-un-numero-vert-pour-denoncer-des-pratiques-illicites-ministre-du-commerce.jpg?fit=800%2C480&#038;ssl=1\" data-orig-size=\"800,480\" data-comments-opened=\"0\" data-image-meta=\"{\"aperture\":\"0\",\"credit\":\"\",\"camera\":\"\",\"caption\":\"\",\"created_timestamp\":\"0\",\"copyright\":\"\",\"focal_length\":\"0\",\"iso\":\"0\",\"shutter_speed\":\"0\",\"title\":\"\",\"orientation\":\"0\"}\" data-image-title=\"Ministre du commerce\" data-image-description=\"\" data-medium-file=\"https:\/\/i1.wp.com\/ecomatin.net\/wp-content\/uploads\/2019\/09\/ecomatin.net-commerce-deja-un-numero-vert-pour-denoncer-des-pratiques-illicites-ministre-du-commerce.jpg?fit=300%2C180&#038;ssl=1\" data-large-file=\"https:\/\/i1.wp.com\/ecomatin.net\/wp-content\/uploads\/2019\/09\/ecomatin.net-commerce-deja-un-numero-vert-pour-denoncer-des-pratiques-illicites-ministre-du-commerce.jpg?fit=800%2C480&#038;ssl=1\" srcset=\"data:image\/gif;base64,R0lGODlhAQABAIAAAAAAAP\/\/\/yH5BAEAAAAALAAAAAABAAEAAAIBRAA7\"\/><\/div>\n<div class=\"entry-content entry clearfix\" readability=\"56\">\n<p><strong>1502<\/strong>. C\u2019est le num\u00e9ro \u00ab\u00a0<em>protection du consommateur<\/em>\u00bb \u00e0 connaitre. Ce num\u00e9ro vert d\u2019utilit\u00e9 publique, mis en place mercredi 25 septembre 2019 par <strong>Luc Magloire Mbarga Atangana,<\/strong> <strong>ministre du Commerce<\/strong> s\u2019adresse aux consommateurs victimes d\u2019arnaque dans les march\u00e9s, de contrebandes, contrefa\u00e7on et autres pratiques frauduleuses. Ou de toute autre forme d\u2019abus dans leurs op\u00e9rations. \u00ab\u00a0<em>Le 1502 permettra au consommateur de s\u2019adresser au service du minist\u00e8re du Commerce. Faire des suggestions, surtout d\u00e9noncer les abus dont ils pourraient \u00eatre victimes. Mieux d\u00e9noncer des pratiques ou activit\u00e9s commerciales suspectes dont ils pourraient \u00eatre t\u00e9moins pour que la s\u00e9curit\u00e9 gagne du terrain tel que voulu par le Chef de l\u2019Etat<\/em>\u00bb a indiqu\u00e9 le <strong>Mincommerce<\/strong>. Dans le m\u00eame temps \u00ab <em>Si un op\u00e9rateur se fait arnaquer par une organisation syndicale ou un \u00e9l\u00e9ment de la brigade nationale de contr\u00f4le et de r\u00e9pression des fraudes, il peut aussi d\u00e9noncer. L\u2019assainissement vaut pour tout le monde\u00a0\u00bb. Cependant, ce num\u00e9ro \u00ab\u00a0n\u2019est pas un outil de d\u00e9lation, mais de travail\u00a0<\/em>\u00bb a tenu \u00e0 rappeler le patron du Mincommerce.<\/p>\n<p>Au bout du fil, il r\u00e9pondra un membre de la Brigade nationale de contr\u00f4le des prix et des r\u00e9pressions des fraudes au minist\u00e8re du Commerce coordonn\u00e9e par <strong>Barbara Elemva-Amana<\/strong>. Apr\u00e8s accord de la brigade, l\u2019interlocuteur signalera la situation qui l\u2019indigne. Suivant les fonctionnalit\u00e9s, ledit num\u00e9ro fonctionnera de lundi \u00e0 vendredi pendant les heures ouvrables <em>\u00ab Pas besoin de s\u2019identifier, juste dire son probl\u00e8me. C\u2019est un acc\u00e8s libre dont les citoyens peuvent us\u00e9s et abus\u00e9s. Un outil d\u2019assurance, de protection du consommateur parce que l\u00e0 il sait qu\u2019il peut agir lui-m\u00eame.<\/em>\u00a0\u00bb pr\u00e9cise Luc Magloire Mbarga Atangana<strong>.\u00a0<\/strong> La conception a \u00e9t\u00e9 possible avec le concours des secteurs de t\u00e9l\u00e9communication en l\u2019occurrence l\u2019Agence de r\u00e9gulation des <strong>t\u00e9l\u00e9communications (ART) et des op\u00e9rateurs de t\u00e9l\u00e9phonie mobile (Orange, MTN, Nexttel).<\/strong> Dans le r\u00e9seau de Camtel, le 1502 est disponible via le t\u00e9l\u00e9phone fixe et mobile. Il est \u00e9galement valable sur l\u2019ensemble du territoire national.<\/p>\n<div class=\"about-author about-author-box container-wrapper\">\n<div class=\"author-avatar\">\n<p><img decoding=\"async\" src=\"http:\/\/\" alt=\"\"\/><\/p>\n<\/div>\n<p><h4>La R\u00e9daction EcoMatin<\/h4>\n<\/p>\n<\/div>\n<div class=\"awac-wrapper awac widget blog_subscription-2\">\n<h4 class=\"widget-title\">Abonnez-vous \u00e0 notre lettre d&rsquo;information<\/h4>\n<\/div>\n<\/div>\n<div class=\"toggle-post-content clearfix\"><a id=\"toggle-post-button\" class=\"button\" href=\"#\">Afficher plus <\/a><\/div>\n<p>Auteur: EcoMatin<br \/>\n<a href=\"https:\/\/ecomatin.net\/commerce-deja-un-numero-vert-pour-denoncer-des-pratiques-illicites\/\">Cliquez ici pour lire l&rsquo;article depuis sa source.<\/a><\/p>\n","protected":false},"excerpt":{"rendered":"<p>1502. C\u2019est le num\u00e9ro \u00ab\u00a0protection du consommateur\u00bb \u00e0 connaitre. Ce num\u00e9ro vert d\u2019utilit\u00e9 publique, mis en place mercredi 25 septembre 2019 par Luc Magloire Mbarga Atangana, ministre du Commerce s\u2019adresse aux consommateurs victimes d\u2019arnaque dans les march\u00e9s, de contrebandes, contrefa\u00e7on et autres pratiques frauduleuses. Ou de toute autre forme d\u2019abus dans leurs op\u00e9rations. \u00ab\u00a0Le 1502 [&hellip;]<\/p>\n","protected":false},"author":1969,"featured_media":0,"comment_status":"closed","ping_status":"closed","sticky":false,"template":"","format":"standard","meta":{"fifu_image_url":"","fifu_image_alt":"","footnotes":""},"categories":[82,78],"tags":[],"class_list":["post-62359","post","type-post","status-publish","format-standard","hentry","category-cameroun","category-economie"],"_links":{"self":[{"href":"https:\/\/linitiative.ca\/International\/wp-json\/wp\/v2\/posts\/62359","targetHints":{"allow":["GET"]}}],"collection":[{"href":"https:\/\/linitiative.ca\/International\/wp-json\/wp\/v2\/posts"}],"about":[{"href":"https:\/\/linitiative.ca\/International\/wp-json\/wp\/v2\/types\/post"}],"author":[{"embeddable":true,"href":"https:\/\/linitiative.ca\/International\/wp-json\/wp\/v2\/users\/1969"}],"replies":[{"embeddable":true,"href":"https:\/\/linitiative.ca\/International\/wp-json\/wp\/v2\/comments?post=62359"}],"version-history":[{"count":0,"href":"https:\/\/linitiative.ca\/International\/wp-json\/wp\/v2\/posts\/62359\/revisions"}],"wp:attachment":[{"href":"https:\/\/linitiative.ca\/International\/wp-json\/wp\/v2\/media?parent=62359"}],"wp:term":[{"taxonomy":"category","embeddable":true,"href":"https:\/\/linitiative.ca\/International\/wp-json\/wp\/v2\/categories?post=62359"},{"taxonomy":"post_tag","embeddable":true,"href":"https:\/\/linitiative.ca\/International\/wp-json\/wp\/v2\/tags?post=62359"}],"curies":[{"name":"wp","href":"https:\/\/api.w.org\/{rel}","templated":true}]}}