{"id":62431,"date":"2019-09-25T20:00:00","date_gmt":"2019-09-26T00:00:00","guid":{"rendered":"https:\/\/linitiative.ca\/International\/74e-session-de-lag-de-lonu-le-role-regional-et-international-de-lalgerie-salue\/"},"modified":"2019-09-25T20:00:00","modified_gmt":"2019-09-26T00:00:00","slug":"74e-session-de-lag-de-lonu-le-role-regional-et-international-de-lalgerie-salue","status":"publish","type":"post","link":"https:\/\/linitiative.ca\/International\/74e-session-de-lag-de-lonu-le-role-regional-et-international-de-lalgerie-salue\/","title":{"rendered":"74e session de l\u2019AG de l\u2019ONU : Le r\u00f4le r\u00e9gional et international de l\u2019Alg\u00e9rie, salu\u00e9"},"content":{"rendered":"<p>\u00abC\u2019est toujours un plaisir de rencontrer le ministre des Affaires \u00e9trang\u00e8res, Sabri Boukadoum, et je le remercie pour son soutien \u00e0 ma pr\u00e9sidence de l&rsquo;Assembl\u00e9e g\u00e9n\u00e9rale\u00bb, a tweet\u00e9 M. Tijjani Muhammad-Bande, \u00e0 l&rsquo;issue de sa rencontre avec M. Boukadoum, saluant le r\u00f4le \u00abcrucial\u00bb que joue l&rsquo;Alg\u00e9rie au double plan r\u00e9gional et international. M. Boukadoum dirige la d\u00e9l\u00e9gation alg\u00e9rienne qui participe aux travaux de la 74e session ordinaire de l&rsquo;Assembl\u00e9e g\u00e9n\u00e9rale de l&rsquo;ONU. Plac\u00e9e sous le th\u00e8me \u00abDynamiser les efforts multilat\u00e9raux pour l&rsquo;\u00e9radication de la pauvret\u00e9, l&rsquo;\u00e9ducation de qualit\u00e9, l&rsquo;action contre les changements climatiques et l&rsquo;inclusion\u00bb, cette session annuelle aborde les nombreuses questions internationales portant sur la paix et la s\u00e9curit\u00e9, le droit international et le d\u00e9veloppement.<br \/>Le chef de la diplomatie alg\u00e9rienne a rencontr\u00e9, en marge des travaux, ses homologues de\u00a0\u00a0 Suisse, d&rsquo;Indon\u00e9sie, d&rsquo;\u00c9thiopie, de Jama\u00efque, d&rsquo;Estonie, de\u00a0\u00a0\u00a0 Namibie et d&rsquo;Irlande. M. Boukadoum s&rsquo;est entretenu \u00e9galement avec le secr\u00e9taire g\u00e9n\u00e9ral de la\u00a0\u00a0 Ligue des \u00c9tats arabes, Ahmed Abou El-Gheit, avec la secr\u00e9taire ex\u00e9cutive de la Commission \u00e9conomique et sociale pour l\u2019Asie occidentale, Rola Dashti,\u00a0\u00a0 et avec le pr\u00e9sident en exercice de l\u2019Assembl\u00e9e g\u00e9n\u00e9rale des Nations unies, Tijjani Muhammed Bande.\u00a0 Le ministre des Affaires \u00e9trang\u00e8res et son homologue suisse, Ignazio Cassis, ont convenu, lors de l&rsquo;entretien,\u00a0\u00a0 \u00abd\u2019\u0153uvrer de concert pour approfondir et \u00e9largir cette coop\u00e9ration\u00bb. Les deux parties ont abord\u00e9 \u00e9galement \u00ables crises\u00a0\u00a0 r\u00e9gionales et l\u2019importance de minimiser leurs cons\u00e9quences en mati\u00e8re de s\u00e9curit\u00e9 et de l\u2019immigration ill\u00e9gale\u00bb. Avec son homologue d\u2019Indon\u00e9sie, Mme Ritno Marsudi, M. Boukadoum a fait part des derni\u00e8res mesures\u00a0\u00a0 facilitant l\u2019investissement en Alg\u00e9rie. Il a \u00e9t\u00e9 convenu, \u00e0 ce titre, de \u00abr\u00e9activer la Commission mixte alg\u00e9ro-indon\u00e9sienne pour mieux identifier les opportunit\u00e9s d\u2019investissement\u00a0\u00a0 et d\u2019\u00e9changes \u00e9conomiques entre les deux pays\u00bb. Avec le ministre des Affaires \u00e9trang\u00e8res d\u2019\u00c9thiopie, M. Gedu Andargachew Alene, l\u2019entretien a permis de \u00abrelever avec satisfaction la bonne coordination et la concertation qui existent entre les deux pays\u00bb, et de souligner \u00abla n\u00e9cessit\u00e9 de la renforcer davantage\u00bb. L\u2019entretien avec le secr\u00e9taire g\u00e9n\u00e9ral de la Ligue des \u00c9tats arabes a port\u00e9 essentiellement sur \u00able r\u00f4le que joue l\u2019Alg\u00e9rie dans le cadre de l\u2019action arabe commune et la n\u00e9cessit\u00e9 imp\u00e9rieuse pour les pays arabes de pr\u00e9server leurs int\u00e9r\u00eats strat\u00e9giques\u00bb. Le chef de la diplomatie alg\u00e9rienne a \u00e9voqu\u00e9 avec la secr\u00e9taire ex\u00e9cutive de la Commission \u00e9conomique et sociale pour l\u2019Asie occidentale, Rola Dashti, \u00able potentiel de coop\u00e9ration entre l\u2019Alg\u00e9rie et cette organisation dans les domaines \u00e9conomique et social, et les voies et moyens de lui\u00a0\u00a0 conf\u00e9rer davantage de substance\u00bb. L&rsquo;entretien avec son homologue de la Jama\u00efque, Mme Kamina Johnson Smith, a offert \u00abl\u2019opportunit\u00e9 d\u2019\u00e9changer des\u00a0\u00a0 vues sur l\u2019\u00e9tat de la relation bilat\u00e9rale et les perspectives de son d\u00e9veloppement futur\u00bb.\u00a0\u00a0<\/p>\n<p><strong>Promouvoir un multilat\u00e9ralisme qui r\u00e9ponde aux attentes de l\u2019ensemble\u00a0 des \u00c9tats membres de l\u2019ONU<\/strong><\/p>\n<p>Avec le pr\u00e9sident en exercice de l\u2019Assembl\u00e9e g\u00e9n\u00e9rale des Nations unies, Tijjani Muhammed Bande, Sabri Boukadoum a r\u00e9it\u00e9r\u00e9 \u00able soutien de l\u2019Alg\u00e9rie au r\u00f4le jou\u00e9 par le Bureau du Pr\u00e9sident de cet organe axial des Nations unies dans la promotion d\u2019un multilat\u00e9ralisme qui r\u00e9ponde aux attentes de l\u2019ensemble des \u00c9tats membres\u00bb. Avec son homologue estonien, Urmas Reinsalu, le ministre des Affaires \u00e9trang\u00e8res a d\u00e9battu \u00abdes questions prioritaires inscrites \u00e0 l\u2019ordre du jour du Conseil de s\u00e9curit\u00e9, notamment dans les domaines de la paix, de la s\u00e9curit\u00e9 et des changements climatiques\u00bb.<br \/>\u00abL\u2019accent a \u00e9t\u00e9, \u00e9galement, mis sur le traitement par cet organe onusien de la situation dans le Sahel\u00bb, a-t-on ajout\u00e9.\u00a0 Lors de cet entretien, M. Boukadoum a expos\u00e9 \u00abl\u2019approche pr\u00f4n\u00e9e par l\u2019Alg\u00e9rie en vue du r\u00e8glement des questions inh\u00e9rentes aux crises et aux\u00a0\u00a0 conflits soumises au Conseil de s\u00e9curit\u00e9, notamment en Libye, au Mali et au Sahara occidental\u00bb. M. Boukadoum a mis \u00e0 profit cette rencontre pour f\u00e9liciter son homologue estonien pour l\u2019\u00e9lection de son pays au Conseil de s\u00e9curit\u00e9. Par ailleurs, l&rsquo;entretien du ministre des Affaires \u00e9trang\u00e8res avec son homologue namibien, Mme Netumbo Nandi Ndaitwah, a \u00e9t\u00e9 l\u2019occasion de \u00abr\u00e9affirmer leur volont\u00e9 commune de hisser les relations \u00e0 un niveau qui traduit tout le potentiel existant dans divers domaines\u00bb.\u00a0 Il a permis \u00e9galement \u00abd\u2019informer la responsable namibienne des derniers d\u00e9veloppements sur la sc\u00e8ne nationale,\u00a0\u00a0 notamment la tenue des \u00e9lections pr\u00e9sidentielles le 12 d\u00e9cembre prochain\u00bb. Les deux ministres ont enregistr\u00e9, avec \u00absatisfaction\u00bb, la convergence de leurs points de vue sur nombre de questions d\u2019actualit\u00e9. Ils ont mis l\u2019accent , \u00e0 ce titre, sur les crises que conna\u00eet le continent africain, notamment en Libye, au Mali et au Sahara occidental, et \u00absoulign\u00e9 la n\u00e9cessit\u00e9 pour l\u2019Union africaine de jouer le r\u00f4le qui est le sien dans leur r\u00e9solution, sur la base du dialogue et de la concertation entre les parties concern\u00e9es, loin de toute interf\u00e9rence \u00e9trang\u00e8re\u00bb.\u00a0<br \/>Le ministre des Affaires \u00e9trang\u00e8res a abord\u00e9 avec le ministre des Affaires \u00e9trang\u00e8res et du Commerce d\u2019Irlande, George Noble Plunkett, \u00ables relations\u00a0\u00a0 bilat\u00e9rales et les perspectives de leur d\u00e9veloppement et de marquer l\u2019int\u00e9r\u00eat qu\u2019ils portent au renforcement de la concertation politique et de la coop\u00e9ration \u00e9conomique entre les deux pays\u00bb. \u00c0 ce titre, M. Boukadoum a fait part \u00e0 son homologue de la d\u00e9cision de\u00a0\u00a0 l\u2019Alg\u00e9rie d\u2019ouvrir une nouvelle ambassade \u00e0 Dublin. M. Boukadoum a partag\u00e9 avec son homologue irlandais, la vision de l\u2019Alg\u00e9rie concernant la situation en Libye, au Mali et au Sahara occidental. Boukadoum a mis \u00e0 profit cette rencontre pour f\u00e9liciter son homologue pour l\u2019\u00e9lection de son pays au Conseil de\u00a0\u00a0 s\u00e9curit\u00e9.<br \/>\u00a0<\/p>\n<p>Auteur: elmoudjahid<br \/>\n<a href=\"http:\/\/www.elmoudjahid.com\/fr\/actualites\/142457\">Cliquez ici pour lire l&rsquo;article depuis sa source.<\/a><\/p>\n","protected":false},"excerpt":{"rendered":"<p>\u00abC\u2019est toujours un plaisir de rencontrer le ministre des Affaires \u00e9trang\u00e8res, Sabri Boukadoum, et je le remercie pour son soutien \u00e0 ma pr\u00e9sidence de l&rsquo;Assembl\u00e9e g\u00e9n\u00e9rale\u00bb, a tweet\u00e9 M. Tijjani Muhammad-Bande, \u00e0 l&rsquo;issue de sa rencontre avec M. Boukadoum, saluant le r\u00f4le \u00abcrucial\u00bb que joue l&rsquo;Alg\u00e9rie au double plan r\u00e9gional et international. M. Boukadoum dirige [&hellip;]<\/p>\n","protected":false},"author":1744,"featured_media":0,"comment_status":"closed","ping_status":"closed","sticky":false,"template":"","format":"standard","meta":{"fifu_image_url":"","fifu_image_alt":"","footnotes":""},"categories":[73,53],"tags":[],"class_list":["post-62431","post","type-post","status-publish","format-standard","hentry","category-actualite","category-algerie"],"_links":{"self":[{"href":"https:\/\/linitiative.ca\/International\/wp-json\/wp\/v2\/posts\/62431","targetHints":{"allow":["GET"]}}],"collection":[{"href":"https:\/\/linitiative.ca\/International\/wp-json\/wp\/v2\/posts"}],"about":[{"href":"https:\/\/linitiative.ca\/International\/wp-json\/wp\/v2\/types\/post"}],"author":[{"embeddable":true,"href":"https:\/\/linitiative.ca\/International\/wp-json\/wp\/v2\/users\/1744"}],"replies":[{"embeddable":true,"href":"https:\/\/linitiative.ca\/International\/wp-json\/wp\/v2\/comments?post=62431"}],"version-history":[{"count":0,"href":"https:\/\/linitiative.ca\/International\/wp-json\/wp\/v2\/posts\/62431\/revisions"}],"wp:attachment":[{"href":"https:\/\/linitiative.ca\/International\/wp-json\/wp\/v2\/media?parent=62431"}],"wp:term":[{"taxonomy":"category","embeddable":true,"href":"https:\/\/linitiative.ca\/International\/wp-json\/wp\/v2\/categories?post=62431"},{"taxonomy":"post_tag","embeddable":true,"href":"https:\/\/linitiative.ca\/International\/wp-json\/wp\/v2\/tags?post=62431"}],"curies":[{"name":"wp","href":"https:\/\/api.w.org\/{rel}","templated":true}]}}