{"id":62559,"date":"2019-09-27T10:20:12","date_gmt":"2019-09-27T14:20:12","guid":{"rendered":"https:\/\/linitiative.ca\/International\/bientot-la-3eme-edition-du-salon-maghrebin-du-livre\/"},"modified":"2019-09-27T10:20:12","modified_gmt":"2019-09-27T14:20:12","slug":"bientot-la-3eme-edition-du-salon-maghrebin-du-livre","status":"publish","type":"post","link":"https:\/\/linitiative.ca\/International\/bientot-la-3eme-edition-du-salon-maghrebin-du-livre\/","title":{"rendered":"Bient\u00f4t la 3\u00e8me \u00e9dition du Salon maghr\u00e9bin du livre"},"content":{"rendered":"<p class=\"c1\">La ville d\u2019Oujda accueillera, du 9 au 13 octobre prochain, la 3\u00e8me \u00e9dition du Salon maghr\u00e9bin du livre \u00abLettres du Maghreb\u00bb, qui se d\u00e9roulera cette ann\u00e9e sous le th\u00e8me de la \u00abtransmission\u00bb.<\/p>\n<p class=\"c1\">\u00c0 travers cet \u00e9v\u00e8nement, organis\u00e9 par l\u2019Agence de l\u2019Oriental sous le Haut patronage de SM le Roi Mohammed VI, la r\u00e9gion de l\u2019Oriental aspire \u00e0 instaurer une dynamique positive dans le secteur du livre, de l\u2019\u00e9dition et de la lecture, indiquent les organisateurs dans un document.<\/p>\n<p class=\"c1\">Cette \u00e9dition accueillera pr\u00e8s de 300 auteurs, \u00e9diteurs, acad\u00e9miciens et lecteurs d\u2019horizons diff\u00e9rents, affirme-t-on, ajoutant que, fid\u00e8le \u00e0 sa tradition, le salon mettra \u00e0 l\u2019honneur l\u2019Afrique, le Cameroun cette ann\u00e9e.<\/p>\n<p class=\"c1\">La pr\u00e9c\u00e9dente \u00e9dition de \u00abLettres du Maghreb\u00bb a permis d\u2019interroger les multiples visions de l\u2019universel et de le r\u00e9inscrire au c\u0153ur de notre espace multiculturel, rappelle une note de pr\u00e9sentation de l\u2019\u00e9v\u00e9nement, relevant que la diversit\u00e9 des intervenants venus d\u2019horizons diff\u00e9rents et la richesse des r\u00e9flexions ont contribu\u00e9 \u00e0 rendre plus audible la voix du Maghreb au sein de la pluralit\u00e9 des universels.<\/p>\n<p class=\"c1\">\u00abLa transmission, th\u00e8me de la troisi\u00e8me \u00e9dition, est pr\u00e9cis\u00e9ment une probl\u00e9matique universelle, au c\u0153ur de l\u2019humain, port\u00e9e par l\u2019aspiration \u00e0 penser le Maghreb que nous voulons transmettre, \u00e0 l\u2019ancrer davantage au sein de l\u2019Afrique et du monde\u00bb, expliquent les organisateurs.<\/p>\n<p class=\"c1\">\u00abQuelles valeurs transmettre pour pr\u00e9parer le \u00ab\u00a0vivre ensemble\u00a0\u00bb \u00e0 l\u2019\u00e8re de l\u2019intelligence artificielle \u00e0 laquelle rien ne semble nous pr\u00e9parer aujourd\u2019hui ? Face au d\u00e9veloppement des nouvelles technologies, quelles comp\u00e9tences transmettre, quand pr\u00e8s de deux m\u00e9tiers sur trois exerc\u00e9s aujourd\u2019hui ne le seront plus demain ?\u00bb, s\u2019interroge le document.<\/p>\n<p class=\"c1\">Cette 3\u00e8me \u00e9dition de \u00abLettres du Maghreb\u00bb constitue un espace de libert\u00e9 \u00abo\u00f9 nous invitons les penseurs, les auteurs, les cr\u00e9ateurs, les d\u00e9cideurs, \u00e0 exprimer l\u2019ambition d\u2019une transmission lucide pour un monde meilleur\u00bb, ajoute-t-on.<\/p>\n<p>Auteur: Soufiane ELAHMAR<br \/>\n<a href=\"http:\/\/www.mapoujda.ma\/fr\/bientot-la-3eme-edition-du-salon-maghrebin-du-livre\/\">Cliquez ici pour lire l&rsquo;article depuis sa source.<\/a><\/p>\n","protected":false},"excerpt":{"rendered":"<p>La ville d\u2019Oujda accueillera, du 9 au 13 octobre prochain, la 3\u00e8me \u00e9dition du Salon maghr\u00e9bin du livre \u00abLettres du Maghreb\u00bb, qui se d\u00e9roulera cette ann\u00e9e sous le th\u00e8me de la \u00abtransmission\u00bb. \u00c0 travers cet \u00e9v\u00e8nement, organis\u00e9 par l\u2019Agence de l\u2019Oriental sous le Haut patronage de SM le Roi Mohammed VI, la r\u00e9gion de l\u2019Oriental [&hellip;]<\/p>\n","protected":false},"author":1788,"featured_media":0,"comment_status":"closed","ping_status":"closed","sticky":false,"template":"","format":"standard","meta":{"fifu_image_url":"","fifu_image_alt":"","footnotes":""},"categories":[54,76],"tags":[],"class_list":["post-62559","post","type-post","status-publish","format-standard","hentry","category-maroc","category-regions"],"_links":{"self":[{"href":"https:\/\/linitiative.ca\/International\/wp-json\/wp\/v2\/posts\/62559","targetHints":{"allow":["GET"]}}],"collection":[{"href":"https:\/\/linitiative.ca\/International\/wp-json\/wp\/v2\/posts"}],"about":[{"href":"https:\/\/linitiative.ca\/International\/wp-json\/wp\/v2\/types\/post"}],"author":[{"embeddable":true,"href":"https:\/\/linitiative.ca\/International\/wp-json\/wp\/v2\/users\/1788"}],"replies":[{"embeddable":true,"href":"https:\/\/linitiative.ca\/International\/wp-json\/wp\/v2\/comments?post=62559"}],"version-history":[{"count":0,"href":"https:\/\/linitiative.ca\/International\/wp-json\/wp\/v2\/posts\/62559\/revisions"}],"wp:attachment":[{"href":"https:\/\/linitiative.ca\/International\/wp-json\/wp\/v2\/media?parent=62559"}],"wp:term":[{"taxonomy":"category","embeddable":true,"href":"https:\/\/linitiative.ca\/International\/wp-json\/wp\/v2\/categories?post=62559"},{"taxonomy":"post_tag","embeddable":true,"href":"https:\/\/linitiative.ca\/International\/wp-json\/wp\/v2\/tags?post=62559"}],"curies":[{"name":"wp","href":"https:\/\/api.w.org\/{rel}","templated":true}]}}