{"id":62580,"date":"2019-09-27T10:34:46","date_gmt":"2019-09-27T14:34:46","guid":{"rendered":"https:\/\/linitiative.ca\/International\/94897-foot-le-probleme-des-stades-a-alger-est-conjoncturel-et-sera-resolu-prochainement\/"},"modified":"2019-09-27T10:34:46","modified_gmt":"2019-09-27T14:34:46","slug":"94897-foot-le-probleme-des-stades-a-alger-est-conjoncturel-et-sera-resolu-prochainement","status":"publish","type":"post","link":"https:\/\/linitiative.ca\/International\/94897-foot-le-probleme-des-stades-a-alger-est-conjoncturel-et-sera-resolu-prochainement\/","title":{"rendered":"Foot: \u00ab\u00a0le probl\u00e8me des stades \u00e0 Alger est conjoncturel et sera r\u00e9solu prochainement\u00a0\u00bb"},"content":{"rendered":"<div>\n<div class=\"K2FeedImage\"><img decoding=\"async\" src=\"http:\/\/www.aps.dz\/media\/k2\/items\/cache\/d9a21f2cce949cbb3effae5f1547eecf_S.jpg\" alt=\"Le stade du 20 ao\u00fbt 1955, qui accueille les matchs de plusieurs clubs Alg\u00e9rois chaque saison\"><\/div>\n<div class=\"K2FeedIntroText\">\n<p><strong>ALGER &#8211; Le ministre de la Jeunesse et des Sports Raouf Salim Bernaoui a estim\u00e9, jeudi \u00e0 Alger, que le probl\u00e8me des stades dont p\u00e2tissent les clubs alg\u00e9rois en cette phase actuelle est \u00a0\u00bb conjoncturel\u00a0\u00bb et que la crise sera r\u00e9solue prochainement, par la r\u00e9ouverture d&rsquo;autres stades qui font l&rsquo;objet actuellement des travaux de r\u00e9am\u00e9nagement et par l&rsquo;inauguration de nouvelles infrastructures dans un futur proche.<\/strong><\/p>\n<\/div>\n<div class=\"K2FeedFullText\">\n<p>\u00ab\u00a0Il faut mettre les points sur les i, le probl\u00e8me des stades dans la capitale est seulement conjoncturel, car il y a d&rsquo;autres stades en construction dont le plus important est celui implant\u00e9 \u00e0 Rouiba et qui sera r\u00e9ceptionn\u00e9 dans les prochaines semaines. Il y a \u00e9galement d&rsquo;autres infrastructures footballistiques qui font l&rsquo;objet de travaux de r\u00e9am\u00e9nagement, \u00e0 l&rsquo;instar su stade du 20 Ao\u00fbt 1955\u00a0\u00bb, a pr\u00e9cis\u00e9 M. Bernaoui qui s&rsquo;exprimait en marge de l&rsquo;installation du nouveau pr\u00e9sident de l&rsquo;Observatoire national des sports au Centre de presse au stade olympique du 5 Juillet.<\/p>\n<p>\u00ab\u00a0La crise des stades sera d\u00e9finitivement r\u00e9solue dans la wilaya d&rsquo;Alger apr\u00e8s la r\u00e9ception des deux stades, de Baraki et de Douera\u00a0\u00bb, a-t-il assur\u00e9.<\/p>\n<p>L&rsquo;accueil par l&rsquo;Alg\u00e9rie de la finale du championnat d&rsquo;Afrique des nations de football (CHAN) en 2022, nous oblige \u00e0 r\u00e9am\u00e9nager les stades sur tout le territoire national et non seulement \u00e0 Alger. Il y a le grand stade dans la ville de S\u00e9tif et dont l&rsquo;acc\u00e9l\u00e9ration de la cadence de sa construction s&rsquo;impose et pourquoi pas construire un grand stade au Sahara\u00a0\u00bb, a-t-il soutenu.<\/p>\n<p>Le premier responsable du secteur a r\u00e9v\u00e9l\u00e9 que la ville de Sig dans la wilaya de Mascara a b\u00e9n\u00e9fici\u00e9 d&rsquo;un stade d&rsquo;une capacit\u00e9 d&rsquo;acceuil de 20.000 spectateurs , conforme aux standards internationaux et dont la r\u00e9alisation \u00e9tait peu co\u00fbteuse, ce qui est \u00a0\u00bb un mod\u00e8le\u00a0\u00bb pour construire et \u00e9difier des stades dans tous le pays, s&rsquo;est-t-il r\u00e9joui.\u00a0\u00a0<\/p>\n<p>\u00ab\u00a0Le stade de Sig \u00e0 mascara est un remarquable chef-d&rsquo;oeuvre, ne co\u00fbtant que le montant de 1,5 milliard de Da (&#8230;) Nous esp\u00e9rons que ce stade serve de mod\u00e8le, au vu de son co\u00fbt peu \u00e9lev\u00e9 au tr\u00e9sor public. De plus, le stade est conforme aux standards en vigueur de la F\u00e9d\u00e9ration internationale de football association (FIFA), ce qui lui permettra d&rsquo;accueillir des rencontres continentale\u00a0\u00bb a conclu M. Bernaoui.<\/p>\n<\/div>\n<p><img loading=\"lazy\" decoding=\"async\" src=\"http:\/\/feeds.feedburner.com\/~r\/aps-sport\/~4\/Av4SB1HQ_5Q\" height=\"1\" width=\"1\" alt=\"\"><\/div>\n<p>Auteur:<br \/>\n<a href=\"http:\/\/www.aps.dz\/sport\/94897-foot-le-probleme-des-stades-a-alger-est-conjoncturel-et-sera-resolu-prochainement?utm_source=feedburner&#038;utm_medium=feed&#038;utm_campaign=Feed%3A+aps-sport+%28APS+-+SPORT%29\">Cliquez ici pour lire l&rsquo;article depuis sa source.<\/a><\/p>\n","protected":false},"excerpt":{"rendered":"<p>ALGER &#8211; Le ministre de la Jeunesse et des Sports Raouf Salim Bernaoui a estim\u00e9, jeudi \u00e0 Alger, que le probl\u00e8me des stades dont p\u00e2tissent les clubs alg\u00e9rois en cette phase actuelle est \u00a0\u00bb conjoncturel\u00a0\u00bb et que la crise sera r\u00e9solue prochainement, par la r\u00e9ouverture d&rsquo;autres stades qui font l&rsquo;objet actuellement des travaux de r\u00e9am\u00e9nagement [&hellip;]<\/p>\n","protected":false},"author":1790,"featured_media":62581,"comment_status":"closed","ping_status":"closed","sticky":false,"template":"","format":"standard","meta":{"fifu_image_url":"","fifu_image_alt":"","footnotes":""},"categories":[53,75],"tags":[],"class_list":["post-62580","post","type-post","status-publish","format-standard","has-post-thumbnail","hentry","category-algerie","category-sport"],"_links":{"self":[{"href":"https:\/\/linitiative.ca\/International\/wp-json\/wp\/v2\/posts\/62580","targetHints":{"allow":["GET"]}}],"collection":[{"href":"https:\/\/linitiative.ca\/International\/wp-json\/wp\/v2\/posts"}],"about":[{"href":"https:\/\/linitiative.ca\/International\/wp-json\/wp\/v2\/types\/post"}],"author":[{"embeddable":true,"href":"https:\/\/linitiative.ca\/International\/wp-json\/wp\/v2\/users\/1790"}],"replies":[{"embeddable":true,"href":"https:\/\/linitiative.ca\/International\/wp-json\/wp\/v2\/comments?post=62580"}],"version-history":[{"count":0,"href":"https:\/\/linitiative.ca\/International\/wp-json\/wp\/v2\/posts\/62580\/revisions"}],"wp:featuredmedia":[{"embeddable":true,"href":"https:\/\/linitiative.ca\/International\/wp-json\/"}],"wp:attachment":[{"href":"https:\/\/linitiative.ca\/International\/wp-json\/wp\/v2\/media?parent=62580"}],"wp:term":[{"taxonomy":"category","embeddable":true,"href":"https:\/\/linitiative.ca\/International\/wp-json\/wp\/v2\/categories?post=62580"},{"taxonomy":"post_tag","embeddable":true,"href":"https:\/\/linitiative.ca\/International\/wp-json\/wp\/v2\/tags?post=62580"}],"curies":[{"name":"wp","href":"https:\/\/api.w.org\/{rel}","templated":true}]}}