{"id":62589,"date":"2019-09-27T13:26:00","date_gmt":"2019-09-27T17:26:00","guid":{"rendered":"https:\/\/linitiative.ca\/International\/mihoubi-candidat-a-la-presidentielle\/"},"modified":"2019-09-27T13:26:00","modified_gmt":"2019-09-27T17:26:00","slug":"mihoubi-candidat-a-la-presidentielle","status":"publish","type":"post","link":"https:\/\/linitiative.ca\/International\/mihoubi-candidat-a-la-presidentielle\/","title":{"rendered":"Mihoubi candidat  \u00e0 la pr\u00e9sidentielle"},"content":{"rendered":"<p><br id=\"sep_para_1\" class=\"sep_para access\"\/><\/p>\n<div id=\"para_1\" class=\"para_33193463 resize\">\n<div class=\"photo shadow left\"><a href=\"javascript:void(0)\" rel=\"https:\/\/www.reflexiondz.net\/photo\/art\/grande\/37690248-33193463.jpg?v=1569606381&#038;ibox\" title=\"Mihoubi candidat \u00e0 la pr\u00e9sidentielle\"><img decoding=\"async\" class=\"responsive c9\" src=\"https:\/\/www.reflexiondz.net\/photo\/art\/grande\/37690248-33193463.jpg?v=1569606381\" alt=\"Mihoubi candidat \u00e0 la pr\u00e9sidentielle\" title=\"Mihoubi candidat \u00e0 la pr\u00e9sidentielle\"\/><img decoding=\"async\" class=\"not-responsive\" src=\"https:\/\/www.reflexiondz.net\/photo\/art\/default\/37690248-33193463.jpg?v=1569606382\" alt=\"Mihoubi candidat \u00e0 la pr\u00e9sidentielle\" title=\"Mihoubi candidat \u00e0 la pr\u00e9sidentielle\"\/><\/a><\/div>\n<div class=\"texte access firstletter\">\u00a0Selon une source proche du RND, l\u2019ancien ministre de la Culture et secr\u00e9taire g\u00e9n\u00e9ral par int\u00e9rim du parti, Azzedine Mihoubi s\u2019appr\u00eate \u00e0 entrer en lice dans la course pour la pr\u00e9sidence de la R\u00e9publique. Il proc\u00e9dera au retrait des formulaires de candidature ce dimanche au niveau du si\u00e8ge de l\u2019Autorit\u00e9 nationale ind\u00e9pendante des \u00e9lections au Palais des Nations. Mihoubi a d\u00e9clar\u00e9 \u00e0\u00a0 la Bourse qu\u2019il \u201ca consult\u00e9 les militants de base avant de prendre cette d\u00e9cision\u201d qui \u00e9tait attendu par une large frange de la classe politique. Depuis sa cr\u00e9ation, le RND a toujours \u00e9t\u00e9 un comit\u00e9 de soutien pour le candidat \u00e0 la pr\u00e9sidentielle. A cette occasion, le Rassemblement National D\u00e9mocratique pr\u00e9sentera pour la premi\u00e8re fois son propre candidat. Mihoubi, \u00e9crivain et po\u00e8te, compte non seulement sur l\u2019apport des militants du RND, mais aussi sur la classe intellectuelle qu\u2019il fr\u00e9quente depuis qu\u2019il a commenc\u00e9 \u00e0 exercer en tant que journaliste. Cette d\u00e9cision de pr\u00e9senter un candidat du RND a redonn\u00e9 confiance aux militants du RND qui croient au projet de leur parti. Pour la constitution de son dossier, Mihoubi a largement le choix de recourir aux signatures des militants du RND qui sont pr\u00e9sents dans toutes les assembl\u00e9es \u00e9lues. Rappelons qu\u2019en avril 2018, Mihoubi a \u00e9t\u00e9 accus\u00e9 d\u2019avoir remis un ch\u00e8que de 4 millions de dinars \u00e0 la chanteuse Fella Ababsa apr\u00e8s avoir cri\u00e9 pendant longtemps au scandale pr\u00e9textant l\u2019exclusion qu\u2019elle affirme subir depuis longtemps en Alg\u00e9rie. La c\u00e9l\u00e8bre chanteuse alg\u00e9rienne disait subir la mis\u00e8re sociale et la pr\u00e9carit\u00e9 parce que le minist\u00e8re de la Culture ne lui permettait pas d\u2019animer des concerts et toucher des subventions financi\u00e8res. Dans un r\u00e9cent passage sur le plateau de la cha\u00eene libanaise MTV, Fellal Ababsa a pouss\u00e9 un v\u00e9ritable coup de gueule contre tous les directeurs et responsables du secteur culturel. Des propos qui ont d\u00e9fray\u00e9 la chronique en Alg\u00e9rie. La chanteuse controvers\u00e9e est partie jusqu\u2019\u00e0 affirmer qu\u2019elle est derri\u00e8re le limogeage d\u2019un ancien Premier-ministre! Face \u00e0 ces sorties m\u00e9diatiques tonitruantes et scandaleuses, on a accus\u00e9 Azzedine Mihoubi d\u2019avoir pr\u00e9f\u00e9r\u00e9 \u201cacheter\u201d la paix avec Fella Ababsa. Une d\u00e9cision qui n\u2019a pas manqu\u00e9 de susciter un malaise dans les arcanes du minist\u00e8re de la Culture. Une g\u00e9n\u00e9rosit\u00e9 intervenue au moment o\u00f9 d\u2019autres artistes alg\u00e9riens souffrent d\u2019une grande pr\u00e9carit\u00e9 et meurent des suites d\u2019une longue maladie \u00e0 d\u00e9faut d\u2019une prise en charge financi\u00e8re de la part de l\u2019Etat.<\/div>\n<\/div>\n<p>Auteur: R\u00e9flexion<br \/>\n<a href=\"https:\/\/www.reflexiondz.net\/Mihoubi-candidat-a-la-presidentielle_a57865.html\">Cliquez ici pour lire l&rsquo;article depuis sa source.<\/a><\/p>\n","protected":false},"excerpt":{"rendered":"<p>\u00a0Selon une source proche du RND, l\u2019ancien ministre de la Culture et secr\u00e9taire g\u00e9n\u00e9ral par int\u00e9rim du parti, Azzedine Mihoubi s\u2019appr\u00eate \u00e0 entrer en lice dans la course pour la pr\u00e9sidence de la R\u00e9publique. Il proc\u00e9dera au retrait des formulaires de candidature ce dimanche au niveau du si\u00e8ge de l\u2019Autorit\u00e9 nationale ind\u00e9pendante des \u00e9lections au [&hellip;]<\/p>\n","protected":false},"author":1740,"featured_media":0,"comment_status":"closed","ping_status":"closed","sticky":false,"template":"","format":"standard","meta":{"fifu_image_url":"","fifu_image_alt":"","footnotes":""},"categories":[53,76],"tags":[],"class_list":["post-62589","post","type-post","status-publish","format-standard","hentry","category-algerie","category-regions"],"_links":{"self":[{"href":"https:\/\/linitiative.ca\/International\/wp-json\/wp\/v2\/posts\/62589","targetHints":{"allow":["GET"]}}],"collection":[{"href":"https:\/\/linitiative.ca\/International\/wp-json\/wp\/v2\/posts"}],"about":[{"href":"https:\/\/linitiative.ca\/International\/wp-json\/wp\/v2\/types\/post"}],"author":[{"embeddable":true,"href":"https:\/\/linitiative.ca\/International\/wp-json\/wp\/v2\/users\/1740"}],"replies":[{"embeddable":true,"href":"https:\/\/linitiative.ca\/International\/wp-json\/wp\/v2\/comments?post=62589"}],"version-history":[{"count":0,"href":"https:\/\/linitiative.ca\/International\/wp-json\/wp\/v2\/posts\/62589\/revisions"}],"wp:attachment":[{"href":"https:\/\/linitiative.ca\/International\/wp-json\/wp\/v2\/media?parent=62589"}],"wp:term":[{"taxonomy":"category","embeddable":true,"href":"https:\/\/linitiative.ca\/International\/wp-json\/wp\/v2\/categories?post=62589"},{"taxonomy":"post_tag","embeddable":true,"href":"https:\/\/linitiative.ca\/International\/wp-json\/wp\/v2\/tags?post=62589"}],"curies":[{"name":"wp","href":"https:\/\/api.w.org\/{rel}","templated":true}]}}