{"id":62590,"date":"2019-09-27T13:27:00","date_gmt":"2019-09-27T17:27:00","guid":{"rendered":"https:\/\/linitiative.ca\/International\/le-fils-de-tebboune-aurait-ete-piege\/"},"modified":"2019-09-27T13:27:00","modified_gmt":"2019-09-27T17:27:00","slug":"le-fils-de-tebboune-aurait-ete-piege","status":"publish","type":"post","link":"https:\/\/linitiative.ca\/International\/le-fils-de-tebboune-aurait-ete-piege\/","title":{"rendered":"Le fils de Tebboune  aurait \u00e9t\u00e9 pi\u00e9g\u00e9 !?"},"content":{"rendered":"<p><br id=\"sep_para_1\" class=\"sep_para access\"\/><\/p>\n<div id=\"para_1\" class=\"para_33193445 resize\">\n<div class=\"texte access firstletter\">L\u2019ancien Premier ministre, Abdelmadjid Tebboune, s\u2019est exprim\u00e9, ce jeudi 26 septembre, \u00e0 sa sortie du si\u00e8ge de l\u2019Autorit\u00e9 de contr\u00f4le des \u00e9lections o\u00f9 il a retir\u00e9 les formulaires pour son dossier de candidature \u00e0 l\u2019\u00e9lection pr\u00e9sidentielle du 12 d\u00e9cembre prochain. Il a dit qu\u2019il a \u00e9t\u00e9 personnellement victime du r\u00e9gime de l\u2019ex-pr\u00e9sident de la R\u00e9publique Abdelaziz Bouteflika. \u00abJ\u2019ai souffert personnellement de l\u2019ancien r\u00e9gime. J\u2019ai \u00e9t\u00e9 puni, et mon fils a aussi \u00e9t\u00e9 puni \u00bb, a affirm\u00e9 le Premier ministre, qui n\u2019a occup\u00e9 son poste que durant trois mois en 2017. Pour rappel, le fils de l\u2019ex-num\u00e9ro 1 du gouvernement avait \u00e9t\u00e9 entendu par le procureur suite aux appels t\u00e9l\u00e9phoniques qu\u2019il a eu avec l\u2019accus\u00e9 principal dans l\u2019affaire de la coca\u00efne, Kamal Chikhi dit el-Bouchi. L\u2019enqu\u00eate a r\u00e9v\u00e9l\u00e9 que le fils de Tebboune a eu deux appels t\u00e9l\u00e9phoniques avec M. Chikhi lui demandant de fournir de la viande \u00e0 un restaurant de la Rahma pendant le mois de Ramadan.<\/div>\n<\/div>\n<p>Auteur: R\u00e9flexion<br \/>\n<a href=\"https:\/\/www.reflexiondz.net\/Le-fils-de-Tebboune-aurait-ete-piege-_a57863.html\">Cliquez ici pour lire l&rsquo;article depuis sa source.<\/a><\/p>\n","protected":false},"excerpt":{"rendered":"<p>L\u2019ancien Premier ministre, Abdelmadjid Tebboune, s\u2019est exprim\u00e9, ce jeudi 26 septembre, \u00e0 sa sortie du si\u00e8ge de l\u2019Autorit\u00e9 de contr\u00f4le des \u00e9lections o\u00f9 il a retir\u00e9 les formulaires pour son dossier de candidature \u00e0 l\u2019\u00e9lection pr\u00e9sidentielle du 12 d\u00e9cembre prochain. Il a dit qu\u2019il a \u00e9t\u00e9 personnellement victime du r\u00e9gime de l\u2019ex-pr\u00e9sident de la R\u00e9publique [&hellip;]<\/p>\n","protected":false},"author":1740,"featured_media":0,"comment_status":"closed","ping_status":"closed","sticky":false,"template":"","format":"standard","meta":{"fifu_image_url":"","fifu_image_alt":"","footnotes":""},"categories":[53,76],"tags":[],"class_list":["post-62590","post","type-post","status-publish","format-standard","hentry","category-algerie","category-regions"],"_links":{"self":[{"href":"https:\/\/linitiative.ca\/International\/wp-json\/wp\/v2\/posts\/62590","targetHints":{"allow":["GET"]}}],"collection":[{"href":"https:\/\/linitiative.ca\/International\/wp-json\/wp\/v2\/posts"}],"about":[{"href":"https:\/\/linitiative.ca\/International\/wp-json\/wp\/v2\/types\/post"}],"author":[{"embeddable":true,"href":"https:\/\/linitiative.ca\/International\/wp-json\/wp\/v2\/users\/1740"}],"replies":[{"embeddable":true,"href":"https:\/\/linitiative.ca\/International\/wp-json\/wp\/v2\/comments?post=62590"}],"version-history":[{"count":0,"href":"https:\/\/linitiative.ca\/International\/wp-json\/wp\/v2\/posts\/62590\/revisions"}],"wp:attachment":[{"href":"https:\/\/linitiative.ca\/International\/wp-json\/wp\/v2\/media?parent=62590"}],"wp:term":[{"taxonomy":"category","embeddable":true,"href":"https:\/\/linitiative.ca\/International\/wp-json\/wp\/v2\/categories?post=62590"},{"taxonomy":"post_tag","embeddable":true,"href":"https:\/\/linitiative.ca\/International\/wp-json\/wp\/v2\/tags?post=62590"}],"curies":[{"name":"wp","href":"https:\/\/api.w.org\/{rel}","templated":true}]}}