{"id":62591,"date":"2019-09-27T13:27:00","date_gmt":"2019-09-27T17:27:00","guid":{"rendered":"https:\/\/linitiative.ca\/International\/une-deputee-fln-agresse-sa-collegue-au-parlement\/"},"modified":"2019-09-27T13:27:00","modified_gmt":"2019-09-27T17:27:00","slug":"une-deputee-fln-agresse-sa-collegue-au-parlement","status":"publish","type":"post","link":"https:\/\/linitiative.ca\/International\/une-deputee-fln-agresse-sa-collegue-au-parlement\/","title":{"rendered":"Une d\u00e9put\u00e9e FLN agresse sa coll\u00e8gue au parlement !"},"content":{"rendered":"<p><br id=\"sep_para_1\" class=\"sep_para access\"\/><\/p>\n<div id=\"para_1\" class=\"para_33193447 resize\">\n<div class=\"texte access firstletter\">Une d\u00e9put\u00e9e du Front de lib\u00e9ration nationale (FLN) a agress\u00e9 physiquement sa coll\u00e8gue du m\u00eame parti \u00e0 l\u2019int\u00e9rieur du parlement. II s\u2019agit d\u2019Akila Rabhi qui s\u2019est jet\u00e9e sur sa coll\u00e8gue Saida Azzoug du m\u00eame groupe parlementaire, affirme le journal El Bilad. Selon la m\u00eame source, cette agression a entra\u00een\u00e9 des blessures superficielles \u00e0 la victime, qui a \u00e9t\u00e9 conduite au bureau du parti \u00e0 l\u2019h\u00e9micycle pour st\u00e9riliser ses plaies et mettre des bandages. La victime ne doit son salut qu\u2019\u00e0 l\u2019intervention de ses coll\u00e8gues scandalis\u00e9s par le comportement violent de la d\u00e9put\u00e9e de Blida. La source r\u00e9v\u00e8le que l\u2019origine du conflit est due \u00e0 l\u2019intervention de la d\u00e9put\u00e9e de B\u00e9ja\u00efa, qui s\u2019est oppos\u00e9e \u00e0 l\u2019\u00e9lection d\u2019Akila Rabhi au poste de pr\u00e9sidente de la commission des finances au sein du parlement. Saida Azzoug a estim\u00e9 que le docteur Tigharsi El-Houari est plus \u00e0 m\u00eame de pr\u00e9sider la commission en ajoutant qu\u2019une coiffeuse ne peut pas remplacer un docteur \u00e0 la t\u00eate de cette commission. Une position qui a mis Akila Rabhi dans tous ses \u00e9tats et a d\u00e9clench\u00e9 son hyst\u00e9rie, la poussant jusqu\u2019\u00e0 l\u2019agression physique de sa coll\u00e8gue.<\/div>\n<\/div>\n<p>Auteur: R\u00e9flexion<br \/>\n<a href=\"https:\/\/www.reflexiondz.net\/Une-deputee-FLN-agresse-sa-collegue-au-parlement-_a57864.html\">Cliquez ici pour lire l&rsquo;article depuis sa source.<\/a><\/p>\n","protected":false},"excerpt":{"rendered":"<p>Une d\u00e9put\u00e9e du Front de lib\u00e9ration nationale (FLN) a agress\u00e9 physiquement sa coll\u00e8gue du m\u00eame parti \u00e0 l\u2019int\u00e9rieur du parlement. II s\u2019agit d\u2019Akila Rabhi qui s\u2019est jet\u00e9e sur sa coll\u00e8gue Saida Azzoug du m\u00eame groupe parlementaire, affirme le journal El Bilad. Selon la m\u00eame source, cette agression a entra\u00een\u00e9 des blessures superficielles \u00e0 la victime, [&hellip;]<\/p>\n","protected":false},"author":1740,"featured_media":0,"comment_status":"closed","ping_status":"closed","sticky":false,"template":"","format":"standard","meta":{"fifu_image_url":"","fifu_image_alt":"","footnotes":""},"categories":[53,76],"tags":[],"class_list":["post-62591","post","type-post","status-publish","format-standard","hentry","category-algerie","category-regions"],"_links":{"self":[{"href":"https:\/\/linitiative.ca\/International\/wp-json\/wp\/v2\/posts\/62591","targetHints":{"allow":["GET"]}}],"collection":[{"href":"https:\/\/linitiative.ca\/International\/wp-json\/wp\/v2\/posts"}],"about":[{"href":"https:\/\/linitiative.ca\/International\/wp-json\/wp\/v2\/types\/post"}],"author":[{"embeddable":true,"href":"https:\/\/linitiative.ca\/International\/wp-json\/wp\/v2\/users\/1740"}],"replies":[{"embeddable":true,"href":"https:\/\/linitiative.ca\/International\/wp-json\/wp\/v2\/comments?post=62591"}],"version-history":[{"count":0,"href":"https:\/\/linitiative.ca\/International\/wp-json\/wp\/v2\/posts\/62591\/revisions"}],"wp:attachment":[{"href":"https:\/\/linitiative.ca\/International\/wp-json\/wp\/v2\/media?parent=62591"}],"wp:term":[{"taxonomy":"category","embeddable":true,"href":"https:\/\/linitiative.ca\/International\/wp-json\/wp\/v2\/categories?post=62591"},{"taxonomy":"post_tag","embeddable":true,"href":"https:\/\/linitiative.ca\/International\/wp-json\/wp\/v2\/tags?post=62591"}],"curies":[{"name":"wp","href":"https:\/\/api.w.org\/{rel}","templated":true}]}}