{"id":62598,"date":"2019-09-27T12:44:41","date_gmt":"2019-09-27T16:44:41","guid":{"rendered":"https:\/\/linitiative.ca\/International\/32e-acte-du-mouvement-populaire-a-biskra-pas-de-vote-avec-les-gangs\/"},"modified":"2019-09-27T12:44:41","modified_gmt":"2019-09-27T16:44:41","slug":"32e-acte-du-mouvement-populaire-a-biskra-pas-de-vote-avec-les-gangs","status":"publish","type":"post","link":"https:\/\/linitiative.ca\/International\/32e-acte-du-mouvement-populaire-a-biskra-pas-de-vote-avec-les-gangs\/","title":{"rendered":"32e\u00a0acte du mouvement populaire \u00e0 Biskra : \u00ab\u00a0pas de vote avec les gangs \u00bb"},"content":{"rendered":"<h4 class=\"title-14\"\/>\n<div class=\"featured_image\"><img width=\"1456\" height=\"973\" data-cfsrc=\"https:\/\/www.elwatan.com\/wp-content\/uploads\/2019\/09\/Biskra-photo-el-watan.jpg\" class=\"attachment-post-thumbnail size-post-thumbnail wp-post-image c2\" alt=\"\" srcset=\"https:\/\/www.elwatan.com\/wp-content\/uploads\/2019\/09\/Biskra-photo-el-watan.jpg 1456w, https:\/\/www.elwatan.com\/wp-content\/uploads\/2019\/09\/Biskra-photo-el-watan-300x200.jpg 300w, https:\/\/www.elwatan.com\/wp-content\/uploads\/2019\/09\/Biskra-photo-el-watan-768x513.jpg 768w, https:\/\/www.elwatan.com\/wp-content\/uploads\/2019\/09\/Biskra-photo-el-watan-1024x684.jpg 1024w, https:\/\/www.elwatan.com\/wp-content\/uploads\/2019\/09\/Biskra-photo-el-watan-1320x882.jpg 1320w\" sizes=\"(max-width: 1456px) 100vw, 1456px\"\/><noscript><\/p>\n<p><img loading=\"lazy\" decoding=\"async\" width=\"1456\" height=\"973\" src=\"https:\/\/www.elwatan.com\/wp-content\/uploads\/2019\/09\/Biskra-photo-el-watan.jpg\" class=\"attachment-post-thumbnail size-post-thumbnail wp-post-image\" alt=\"\" srcset=\"https:\/\/www.elwatan.com\/wp-content\/uploads\/2019\/09\/Biskra-photo-el-watan.jpg 1456w, https:\/\/www.elwatan.com\/wp-content\/uploads\/2019\/09\/Biskra-photo-el-watan-300x200.jpg 300w, https:\/\/www.elwatan.com\/wp-content\/uploads\/2019\/09\/Biskra-photo-el-watan-768x513.jpg 768w, https:\/\/www.elwatan.com\/wp-content\/uploads\/2019\/09\/Biskra-photo-el-watan-1024x684.jpg 1024w, https:\/\/www.elwatan.com\/wp-content\/uploads\/2019\/09\/Biskra-photo-el-watan-1320x882.jpg 1320w\" sizes=\"auto, (max-width: 1456px) 100vw, 1456px\"\/><\/p>\n<p><\/noscript> <span class=\"featured-image-caption\">Photo : El Watan<\/span><\/div>\n<p>Encore une fois, des centaines d\u2019irr\u00e9ductibles du Hirak de Biskra se sont rassembl\u00e9s hier pour le 32e\u00a0vendredi de suite pour r\u00e9clamer la fondation d\u2019une nouvelle Alg\u00e9rie d\u00e9barrass\u00e9e d\u2019un syst\u00e8me politique \u00ab\u00a0scl\u00e9ros\u00e9, p\u00e9nalisant et inop\u00e9rant\u00a0\u00bb,\u00a0selon eux, scander leur refus d\u2019\u00e9lections pr\u00e9sidentielles \u00ab\u00a0pr\u00e9cipit\u00e9es et d\u00e9j\u00e0 entach\u00e9es de soup\u00e7ons de fraude\u00a0\u00bb\u00a0et leur rejet visc\u00e9ral\u00a0d\u2019un \u00c9tat militaire et caporalis\u00e9 mais pour une soci\u00e9t\u00e9 civile, d\u00e9mocratique et libre.<\/p>\n<p>\u00ab\u00a0Pas de vote avec les gangs\u00a0\u00bb, \u00ab\u00a0Remplissez les formulaires aux \u00c9mirats arabes.\u00bb, \u00ab\u00a0Vous, les prot\u00e9gez\u00a0\u00a0et nous les d\u00e9boulerons.\u00bb, \u00ab\u00a0C\u2019est notre pays, nous en faisons ce que nous voulons.\u00a0\u00bb, \u00ab\u00a0Bedoui et Bensalah doivent partir.\u00bb, \u00ab\u00a0Ni Benflis, ni Tebboune, le peuple est le seul pr\u00e9sident.\u00a0\u00bb, \u00ab\u00a0Les g\u00e9n\u00e9raux \u00e0 la poubelle et l\u2019Alg\u00e9rie sera souveraine.\u00bb, \u00ab\u00a0Vous qui faites la sieste, levez-vous, vous \u00eates aussi concern\u00e9s.\u00a0\u00bb, ont clam\u00e9 les manifestants de toutes les conditions qui ont fait une longue halte \u00e0 la tr\u00e9mie, arpent\u00e9 l\u2019Avenue Za\u00e0tcha avant de rejoindre sans heurts la Place de la libert\u00e9 du centre-ville de Biskra, a-t-on constat\u00e9.<\/p>\n<p>\u00ab\u00a0Nous sommes en train d\u2019assister \u00e0 la reconduction des m\u00eames hommes et \u00e0 la r\u00e9novation du m\u00eame syst\u00e8me politico-financier qui a men\u00e9 le pays \u00e0 la faillite et \u00e0 la d\u00e9confiture dans tous les domaine. Nous ne sommes pas dupes et nous continuerons \u00e0 manifester pacifiquement pour un changement radical de paradigme que les autorit\u00e9s actuelles ne semblent pas vouloir entendre, ni m\u00eame consid\u00e9rer comme une \u00e9ventualit\u00e9 salvatrice pour le pays.\u00bb, a soulign\u00e9 l\u2019un d\u2019entre eux.<\/p>\n<p><span class=\"post-views-label\">Post Views:<\/span> <span class=\"post-views-count\">21<\/span><\/p>\n<p><br class=\"c5\"\/><\/p>\n<p>Auteur: Mohand Yahiaoui<br \/>\n<a href=\"https:\/\/www.elwatan.com\/a-la-une\/32e-acte-du-mouvement-populaire-a-biskra-pas-de-vote-avec-les-gangs-27-09-2019\">Cliquez ici pour lire l&rsquo;article depuis sa source.<\/a><\/p>\n","protected":false},"excerpt":{"rendered":"<p>Photo : El Watan Encore une fois, des centaines d\u2019irr\u00e9ductibles du Hirak de Biskra se sont rassembl\u00e9s hier pour le 32e\u00a0vendredi de suite pour r\u00e9clamer la fondation d\u2019une nouvelle Alg\u00e9rie d\u00e9barrass\u00e9e d\u2019un syst\u00e8me politique \u00ab\u00a0scl\u00e9ros\u00e9, p\u00e9nalisant et inop\u00e9rant\u00a0\u00bb,\u00a0selon eux, scander leur refus d\u2019\u00e9lections pr\u00e9sidentielles \u00ab\u00a0pr\u00e9cipit\u00e9es et d\u00e9j\u00e0 entach\u00e9es de soup\u00e7ons de fraude\u00a0\u00bb\u00a0et leur rejet visc\u00e9ral\u00a0d\u2019un [&hellip;]<\/p>\n","protected":false},"author":1743,"featured_media":62599,"comment_status":"closed","ping_status":"closed","sticky":false,"template":"","format":"standard","meta":{"fifu_image_url":"","fifu_image_alt":"","footnotes":""},"categories":[73,53],"tags":[],"class_list":["post-62598","post","type-post","status-publish","format-standard","has-post-thumbnail","hentry","category-actualite","category-algerie"],"_links":{"self":[{"href":"https:\/\/linitiative.ca\/International\/wp-json\/wp\/v2\/posts\/62598","targetHints":{"allow":["GET"]}}],"collection":[{"href":"https:\/\/linitiative.ca\/International\/wp-json\/wp\/v2\/posts"}],"about":[{"href":"https:\/\/linitiative.ca\/International\/wp-json\/wp\/v2\/types\/post"}],"author":[{"embeddable":true,"href":"https:\/\/linitiative.ca\/International\/wp-json\/wp\/v2\/users\/1743"}],"replies":[{"embeddable":true,"href":"https:\/\/linitiative.ca\/International\/wp-json\/wp\/v2\/comments?post=62598"}],"version-history":[{"count":0,"href":"https:\/\/linitiative.ca\/International\/wp-json\/wp\/v2\/posts\/62598\/revisions"}],"wp:featuredmedia":[{"embeddable":true,"href":"https:\/\/linitiative.ca\/International\/wp-json\/"}],"wp:attachment":[{"href":"https:\/\/linitiative.ca\/International\/wp-json\/wp\/v2\/media?parent=62598"}],"wp:term":[{"taxonomy":"category","embeddable":true,"href":"https:\/\/linitiative.ca\/International\/wp-json\/wp\/v2\/categories?post=62598"},{"taxonomy":"post_tag","embeddable":true,"href":"https:\/\/linitiative.ca\/International\/wp-json\/wp\/v2\/tags?post=62598"}],"curies":[{"name":"wp","href":"https:\/\/api.w.org\/{rel}","templated":true}]}}